{"id":436,"date":"2025-08-27T09:56:17","date_gmt":"2025-08-27T12:56:17","guid":{"rendered":"https:\/\/wp.ufpel.edu.br\/leagef\/?p=436"},"modified":"2025-08-27T09:56:17","modified_gmt":"2025-08-27T12:56:17","slug":"leagef-e-sqa-realizam-levantamento-tecnico-sobre-apps","status":"publish","type":"post","link":"https:\/\/wp.ufpel.edu.br\/leagef\/2025\/08\/27\/leagef-e-sqa-realizam-levantamento-tecnico-sobre-apps\/","title":{"rendered":"LEAGEF e SQA realizam levantamento t\u00e9cnico sobre APPs"},"content":{"rendered":"<p style=\"text-align: justify;\" data-start=\"123\" data-end=\"505\">No dia 18 de agosto de 2025, foi realizada a primeira etapa do levantamento t\u00e9cnico voltado ao mapeamento de \u00e1reas de preserva\u00e7\u00e3o permanente no munic\u00edpio de Pelotas\/RS. A iniciativa \u00e9 desenvolvida em parceria entre a Universidade Federal de Pelotas (UFPel) e a Secretaria de Qualidade Ambiental (SQA), estando vinculada ao Laborat\u00f3rio de Estudos Aplicados em Geografia (LEAGEF).<\/p>\n<p data-start=\"123\" data-end=\"505\"><a href=\"https:\/\/wp.ufpel.edu.br\/leagef\/files\/2025\/08\/Campo_SQA4.jpeg\"><img loading=\"lazy\" decoding=\"async\" class=\"aligncenter size-medium wp-image-438\" src=\"https:\/\/wp.ufpel.edu.br\/leagef\/files\/2025\/08\/Campo_SQA4-400x400.jpeg\" alt=\"\" width=\"400\" height=\"400\" srcset=\"https:\/\/wp.ufpel.edu.br\/leagef\/files\/2025\/08\/Campo_SQA4-400x400.jpeg 400w, https:\/\/wp.ufpel.edu.br\/leagef\/files\/2025\/08\/Campo_SQA4-1024x1024.jpeg 1024w, https:\/\/wp.ufpel.edu.br\/leagef\/files\/2025\/08\/Campo_SQA4-200x200.jpeg 200w, https:\/\/wp.ufpel.edu.br\/leagef\/files\/2025\/08\/Campo_SQA4-768x768.jpeg 768w, https:\/\/wp.ufpel.edu.br\/leagef\/files\/2025\/08\/Campo_SQA4-750x750.jpeg 750w, https:\/\/wp.ufpel.edu.br\/leagef\/files\/2025\/08\/Campo_SQA4.jpeg 1080w\" sizes=\"auto, (max-width: 400px) 100vw, 400px\" \/><\/a><\/p>\n<p style=\"text-align: justify;\" data-start=\"507\" data-end=\"970\">O projeto intitulado <em data-start=\"528\" data-end=\"668\">\u201cLevantamento, cadastro e atualiza\u00e7\u00e3o das \u00e1reas verdes do per\u00edmetro urbano do munic\u00edpio de Pelotas\/RS: Subs\u00eddio ao planejamento ambiental\u201d<\/em> \u00e9 coordenado pelo Prof. Dr. Roberto Antunes. Al\u00e9m disso, a a\u00e7\u00e3o tamb\u00e9m se articula \u00e0 pesquisa de doutorado em andamento na Universidade Federal de Santa Maria (UFSM), intitulada <em data-start=\"847\" data-end=\"914\">\u201cGeomorfologia Antropog\u00eanica do Per\u00edmetro Urbano de Pelotas \u2013 RS\u201d<\/em>, desenvolvida pelo doutorando Vin\u00edcius Bartz Schwanz.<\/p>\n<p data-start=\"507\" data-end=\"970\"><a href=\"https:\/\/wp.ufpel.edu.br\/leagef\/files\/2025\/08\/Campo_SQA2.jpeg\"><img loading=\"lazy\" decoding=\"async\" class=\"aligncenter size-medium wp-image-440\" src=\"https:\/\/wp.ufpel.edu.br\/leagef\/files\/2025\/08\/Campo_SQA2-400x400.jpeg\" alt=\"\" width=\"400\" height=\"400\" srcset=\"https:\/\/wp.ufpel.edu.br\/leagef\/files\/2025\/08\/Campo_SQA2-400x400.jpeg 400w, https:\/\/wp.ufpel.edu.br\/leagef\/files\/2025\/08\/Campo_SQA2-1024x1024.jpeg 1024w, https:\/\/wp.ufpel.edu.br\/leagef\/files\/2025\/08\/Campo_SQA2-200x200.jpeg 200w, https:\/\/wp.ufpel.edu.br\/leagef\/files\/2025\/08\/Campo_SQA2-768x768.jpeg 768w, https:\/\/wp.ufpel.edu.br\/leagef\/files\/2025\/08\/Campo_SQA2-750x750.jpeg 750w, https:\/\/wp.ufpel.edu.br\/leagef\/files\/2025\/08\/Campo_SQA2.jpeg 1080w\" sizes=\"auto, (max-width: 400px) 100vw, 400px\" \/><\/a> <a href=\"https:\/\/wp.ufpel.edu.br\/leagef\/files\/2025\/08\/Campo_SQA3.jpeg\"><img loading=\"lazy\" decoding=\"async\" class=\"aligncenter size-medium wp-image-441\" src=\"https:\/\/wp.ufpel.edu.br\/leagef\/files\/2025\/08\/Campo_SQA3-400x400.jpeg\" alt=\"\" width=\"400\" height=\"400\" srcset=\"https:\/\/wp.ufpel.edu.br\/leagef\/files\/2025\/08\/Campo_SQA3-400x400.jpeg 400w, https:\/\/wp.ufpel.edu.br\/leagef\/files\/2025\/08\/Campo_SQA3-1024x1024.jpeg 1024w, https:\/\/wp.ufpel.edu.br\/leagef\/files\/2025\/08\/Campo_SQA3-200x200.jpeg 200w, https:\/\/wp.ufpel.edu.br\/leagef\/files\/2025\/08\/Campo_SQA3-768x768.jpeg 768w, https:\/\/wp.ufpel.edu.br\/leagef\/files\/2025\/08\/Campo_SQA3-750x750.jpeg 750w, https:\/\/wp.ufpel.edu.br\/leagef\/files\/2025\/08\/Campo_SQA3.jpeg 1080w\" sizes=\"auto, (max-width: 400px) 100vw, 400px\" \/><\/a><\/p>\n<p style=\"text-align: justify;\" data-start=\"972\" data-end=\"1175\">Dessa forma, a iniciativa contribui de maneira integrada tanto para o aprimoramento do planejamento ambiental quanto para a compreens\u00e3o das din\u00e2micas ambientais que caracterizam o munic\u00edpio de Pelotas.<\/p>\n<p data-start=\"972\" data-end=\"1175\"><a href=\"https:\/\/wp.ufpel.edu.br\/leagef\/files\/2025\/08\/Campo_SQA1.jpeg\"><img loading=\"lazy\" decoding=\"async\" class=\"aligncenter size-medium wp-image-439\" src=\"https:\/\/wp.ufpel.edu.br\/leagef\/files\/2025\/08\/Campo_SQA1-400x400.jpeg\" alt=\"\" width=\"400\" height=\"400\" srcset=\"https:\/\/wp.ufpel.edu.br\/leagef\/files\/2025\/08\/Campo_SQA1-400x400.jpeg 400w, https:\/\/wp.ufpel.edu.br\/leagef\/files\/2025\/08\/Campo_SQA1-1024x1024.jpeg 1024w, https:\/\/wp.ufpel.edu.br\/leagef\/files\/2025\/08\/Campo_SQA1-200x200.jpeg 200w, https:\/\/wp.ufpel.edu.br\/leagef\/files\/2025\/08\/Campo_SQA1-768x768.jpeg 768w, https:\/\/wp.ufpel.edu.br\/leagef\/files\/2025\/08\/Campo_SQA1-750x750.jpeg 750w, https:\/\/wp.ufpel.edu.br\/leagef\/files\/2025\/08\/Campo_SQA1.jpeg 1080w\" sizes=\"auto, (max-width: 400px) 100vw, 400px\" \/><\/a><\/p>\n","protected":false},"excerpt":{"rendered":"<p>No dia 18 de agosto de 2025, foi realizada a primeira etapa do levantamento t\u00e9cnico voltado ao mapeamento de \u00e1reas de preserva\u00e7\u00e3o permanente no munic\u00edpio de Pelotas\/RS. A iniciativa \u00e9 desenvolvida em parceria entre a Universidade Federal de Pelotas (UFPel) e a Secretaria de Qualidade Ambiental (SQA), estando vinculada ao Laborat\u00f3rio de Estudos Aplicados em &hellip; <\/p>\n<p><a class=\"more-link btn\" href=\"https:\/\/wp.ufpel.edu.br\/leagef\/2025\/08\/27\/leagef-e-sqa-realizam-levantamento-tecnico-sobre-apps\/\">Continue lendo<\/a><\/p>\n","protected":false},"author":492,"featured_media":0,"comment_status":"closed","ping_status":"closed","sticky":false,"template":"","format":"standard","meta":{"footnotes":""},"categories":[23],"tags":[],"class_list":["post-436","post","type-post","status-publish","format-standard","hentry","category-campos","nodate","item-wrap"],"jetpack_featured_media_url":"","_links":{"self":[{"href":"https:\/\/wp.ufpel.edu.br\/leagef\/wp-json\/wp\/v2\/posts\/436","targetHints":{"allow":["GET"]}}],"collection":[{"href":"https:\/\/wp.ufpel.edu.br\/leagef\/wp-json\/wp\/v2\/posts"}],"about":[{"href":"https:\/\/wp.ufpel.edu.br\/leagef\/wp-json\/wp\/v2\/types\/post"}],"author":[{"embeddable":true,"href":"https:\/\/wp.ufpel.edu.br\/leagef\/wp-json\/wp\/v2\/users\/492"}],"replies":[{"embeddable":true,"href":"https:\/\/wp.ufpel.edu.br\/leagef\/wp-json\/wp\/v2\/comments?post=436"}],"version-history":[{"count":1,"href":"https:\/\/wp.ufpel.edu.br\/leagef\/wp-json\/wp\/v2\/posts\/436\/revisions"}],"predecessor-version":[{"id":442,"href":"https:\/\/wp.ufpel.edu.br\/leagef\/wp-json\/wp\/v2\/posts\/436\/revisions\/442"}],"wp:attachment":[{"href":"https:\/\/wp.ufpel.edu.br\/leagef\/wp-json\/wp\/v2\/media?parent=436"}],"wp:term":[{"taxonomy":"category","embeddable":true,"href":"https:\/\/wp.ufpel.edu.br\/leagef\/wp-json\/wp\/v2\/categories?post=436"},{"taxonomy":"post_tag","embeddable":true,"href":"https:\/\/wp.ufpel.edu.br\/leagef\/wp-json\/wp\/v2\/tags?post=436"}],"curies":[{"name":"wp","href":"https:\/\/api.w.org\/{rel}","templated":true}]}}