{"id":419,"date":"2025-05-06T17:22:40","date_gmt":"2025-05-06T20:22:40","guid":{"rendered":"https:\/\/wp.ufpel.edu.br\/leagef\/?p=419"},"modified":"2025-08-12T17:15:40","modified_gmt":"2025-08-12T20:15:40","slug":"proj_sls","status":"publish","type":"post","link":"https:\/\/wp.ufpel.edu.br\/leagef\/2025\/05\/06\/proj_sls\/","title":{"rendered":"Projeto de Pesquisa coleta dados em S\u00e3o Louren\u00e7o do Sul"},"content":{"rendered":"<p class=\"\" style=\"text-align: justify;\" data-start=\"87\" data-end=\"612\">No dia 5 de maio de 2025, foi realizado o trabalho de campo do projeto <strong>Custos Ambientais e Econ\u00f4micos da Din\u00e2mica de Uso da Terra Vinculada \u00e0s <em>Commodities<\/em> Agr\u00edcolas na Serra dos Tapes\/RS: An\u00e1lise a Partir dos Servi\u00e7os Ecossist\u00eamicos Prestados pelos Campos Nativos Alterados e Fragmentados<\/strong>. O projeto \u00e9 coordenado pela Prof.\u00aa\u00a0 Dr.\u00aa Edvania Alves, e o trabalho de campo contou com a participa\u00e7\u00e3o de alunos da Gradua\u00e7\u00e3o e P\u00f3s-Gradua\u00e7\u00e3o em Geografia, e alunos do Programa de P\u00f3s-Gradua\u00e7\u00e3o em Manejo e Conserva\u00e7\u00e3o do Solo e da \u00c1gua da UFPel.<\/p>\n<p data-start=\"87\" data-end=\"612\"><a href=\"https:\/\/wp.ufpel.edu.br\/leagef\/files\/2025\/05\/Campo_Carb_Solos1.jpeg\"><img loading=\"lazy\" decoding=\"async\" class=\"aligncenter size-medium wp-image-423\" src=\"https:\/\/wp.ufpel.edu.br\/leagef\/files\/2025\/05\/Campo_Carb_Solos1-400x377.jpeg\" alt=\"\" width=\"400\" height=\"377\" srcset=\"https:\/\/wp.ufpel.edu.br\/leagef\/files\/2025\/05\/Campo_Carb_Solos1-400x377.jpeg 400w, https:\/\/wp.ufpel.edu.br\/leagef\/files\/2025\/05\/Campo_Carb_Solos1-1024x964.jpeg 1024w, https:\/\/wp.ufpel.edu.br\/leagef\/files\/2025\/05\/Campo_Carb_Solos1-768x723.jpeg 768w, https:\/\/wp.ufpel.edu.br\/leagef\/files\/2025\/05\/Campo_Carb_Solos1-1536x1447.jpeg 1536w, https:\/\/wp.ufpel.edu.br\/leagef\/files\/2025\/05\/Campo_Carb_Solos1-750x706.jpeg 750w, https:\/\/wp.ufpel.edu.br\/leagef\/files\/2025\/05\/Campo_Carb_Solos1.jpeg 1600w\" sizes=\"auto, (max-width: 400px) 100vw, 400px\" \/><\/a><\/p>\n<p class=\"\" style=\"text-align: justify;\" data-start=\"614\" data-end=\"808\">Durante o trabalho de campo, foram realizadas coletas de solo e levantamentos com o uso de <em>drone<\/em>, com o objetivo de mapear os solos e estimar a concentra\u00e7\u00e3o de carbono no solo e na vegeta\u00e7\u00e3o.<\/p>\n<p data-start=\"614\" data-end=\"808\"><a href=\"https:\/\/wp.ufpel.edu.br\/leagef\/files\/2025\/05\/Campo_Carb_Solos3.jpeg\"><img loading=\"lazy\" decoding=\"async\" class=\"aligncenter size-medium wp-image-421\" src=\"https:\/\/wp.ufpel.edu.br\/leagef\/files\/2025\/05\/Campo_Carb_Solos3-400x300.jpeg\" alt=\"\" width=\"400\" height=\"300\" srcset=\"https:\/\/wp.ufpel.edu.br\/leagef\/files\/2025\/05\/Campo_Carb_Solos3-400x300.jpeg 400w, https:\/\/wp.ufpel.edu.br\/leagef\/files\/2025\/05\/Campo_Carb_Solos3-1024x768.jpeg 1024w, https:\/\/wp.ufpel.edu.br\/leagef\/files\/2025\/05\/Campo_Carb_Solos3-768x576.jpeg 768w, https:\/\/wp.ufpel.edu.br\/leagef\/files\/2025\/05\/Campo_Carb_Solos3-750x563.jpeg 750w, https:\/\/wp.ufpel.edu.br\/leagef\/files\/2025\/05\/Campo_Carb_Solos3.jpeg 1280w\" sizes=\"auto, (max-width: 400px) 100vw, 400px\" \/><\/a><br \/>\n<a href=\"https:\/\/wp.ufpel.edu.br\/leagef\/files\/2025\/05\/Campo_Carb_Solos2.jpeg\"><img loading=\"lazy\" decoding=\"async\" class=\"aligncenter size-medium wp-image-422\" src=\"https:\/\/wp.ufpel.edu.br\/leagef\/files\/2025\/05\/Campo_Carb_Solos2-300x400.jpeg\" alt=\"\" width=\"300\" height=\"400\" srcset=\"https:\/\/wp.ufpel.edu.br\/leagef\/files\/2025\/05\/Campo_Carb_Solos2-300x400.jpeg 300w, https:\/\/wp.ufpel.edu.br\/leagef\/files\/2025\/05\/Campo_Carb_Solos2-768x1024.jpeg 768w, https:\/\/wp.ufpel.edu.br\/leagef\/files\/2025\/05\/Campo_Carb_Solos2-750x1000.jpeg 750w, https:\/\/wp.ufpel.edu.br\/leagef\/files\/2025\/05\/Campo_Carb_Solos2.jpeg 960w\" sizes=\"auto, (max-width: 300px) 100vw, 300px\" \/><\/a><\/p>\n<p class=\"\" style=\"text-align: justify;\" data-start=\"810\" data-end=\"867\">Nesta etapa, as coletas ocorreram no munic\u00edpio de S\u00e3o Louren\u00e7o do Sul.<\/p>\n","protected":false},"excerpt":{"rendered":"<p>No dia 5 de maio de 2025, foi realizado o trabalho de campo do projeto Custos Ambientais e Econ\u00f4micos da Din\u00e2mica de Uso da Terra Vinculada \u00e0s Commodities Agr\u00edcolas na Serra dos Tapes\/RS: An\u00e1lise a Partir dos Servi\u00e7os Ecossist\u00eamicos Prestados pelos Campos Nativos Alterados e Fragmentados. O projeto \u00e9 coordenado pela Prof.\u00aa\u00a0 Dr.\u00aa Edvania Alves, &hellip; <\/p>\n<p><a class=\"more-link btn\" href=\"https:\/\/wp.ufpel.edu.br\/leagef\/2025\/05\/06\/proj_sls\/\">Continue lendo<\/a><\/p>\n","protected":false},"author":492,"featured_media":0,"comment_status":"closed","ping_status":"closed","sticky":false,"template":"","format":"standard","meta":{"footnotes":""},"categories":[23,22],"tags":[],"class_list":["post-419","post","type-post","status-publish","format-standard","hentry","category-campos","category-divulgacao","nodate","item-wrap"],"jetpack_featured_media_url":"","_links":{"self":[{"href":"https:\/\/wp.ufpel.edu.br\/leagef\/wp-json\/wp\/v2\/posts\/419","targetHints":{"allow":["GET"]}}],"collection":[{"href":"https:\/\/wp.ufpel.edu.br\/leagef\/wp-json\/wp\/v2\/posts"}],"about":[{"href":"https:\/\/wp.ufpel.edu.br\/leagef\/wp-json\/wp\/v2\/types\/post"}],"author":[{"embeddable":true,"href":"https:\/\/wp.ufpel.edu.br\/leagef\/wp-json\/wp\/v2\/users\/492"}],"replies":[{"embeddable":true,"href":"https:\/\/wp.ufpel.edu.br\/leagef\/wp-json\/wp\/v2\/comments?post=419"}],"version-history":[{"count":3,"href":"https:\/\/wp.ufpel.edu.br\/leagef\/wp-json\/wp\/v2\/posts\/419\/revisions"}],"predecessor-version":[{"id":426,"href":"https:\/\/wp.ufpel.edu.br\/leagef\/wp-json\/wp\/v2\/posts\/419\/revisions\/426"}],"wp:attachment":[{"href":"https:\/\/wp.ufpel.edu.br\/leagef\/wp-json\/wp\/v2\/media?parent=419"}],"wp:term":[{"taxonomy":"category","embeddable":true,"href":"https:\/\/wp.ufpel.edu.br\/leagef\/wp-json\/wp\/v2\/categories?post=419"},{"taxonomy":"post_tag","embeddable":true,"href":"https:\/\/wp.ufpel.edu.br\/leagef\/wp-json\/wp\/v2\/tags?post=419"}],"curies":[{"name":"wp","href":"https:\/\/api.w.org\/{rel}","templated":true}]}}