{"id":210,"date":"2019-10-07T10:31:19","date_gmt":"2019-10-07T13:31:19","guid":{"rendered":"https:\/\/wp.ufpel.edu.br\/leagef\/?p=210"},"modified":"2019-10-07T10:31:19","modified_gmt":"2019-10-07T13:31:19","slug":"leagef-participa-do-xxii-clacs","status":"publish","type":"post","link":"https:\/\/wp.ufpel.edu.br\/leagef\/2019\/10\/07\/leagef-participa-do-xxii-clacs\/","title":{"rendered":"LEAGEF participa do XXII CLACS"},"content":{"rendered":"<p style=\"text-align: justify\">O LEAGEF participa do <strong>XXII Congresso Latino Americano de Ci\u00eancia do Solo \/ 2\u00ba Congresso Uruguaio de Solos \/ X Encontro da Sociedade Uruguaia de Ci\u00eancia do Solo<\/strong>, realizado entre os dias 7 a 11 de outubro de 2019 em Montevid\u00e9u (Uruguai) .<\/p>\n<p style=\"text-align: center\"><a href=\"https:\/\/wp.ufpel.edu.br\/leagef\/files\/2019\/10\/Lisiane_Montevid\u00e9u.jpeg\"><img loading=\"lazy\" decoding=\"async\" class=\"aligncenter size-medium wp-image-212\" src=\"https:\/\/wp.ufpel.edu.br\/leagef\/files\/2019\/10\/Lisiane_Montevid\u00e9u-400x249.jpeg\" alt=\"\" width=\"400\" height=\"249\" srcset=\"https:\/\/wp.ufpel.edu.br\/leagef\/files\/2019\/10\/Lisiane_Montevid\u00e9u-400x249.jpeg 400w, https:\/\/wp.ufpel.edu.br\/leagef\/files\/2019\/10\/Lisiane_Montevid\u00e9u-768x478.jpeg 768w, https:\/\/wp.ufpel.edu.br\/leagef\/files\/2019\/10\/Lisiane_Montevid\u00e9u-1024x637.jpeg 1024w, https:\/\/wp.ufpel.edu.br\/leagef\/files\/2019\/10\/Lisiane_Montevid\u00e9u.jpeg 1280w\" sizes=\"auto, (max-width: 400px) 100vw, 400px\" \/><\/a><\/p>\n<p style=\"text-align: justify\">Neste evento, a aluna Lisiane de Sousa Lemos apresentar\u00e1 o trabalho &#8220;Estimativa de toler\u00e2ncia de perdas do solo ocorrentes na por\u00e7\u00e3o leste do escudo Sul-Rio-Grandense (Brasil)&#8221;, realizado em co-autoria com Cl\u00e1udia Werner Flach, Vanessa Prestes e Arlene Fehrenbach, e orientado pela Profa. Dra. Edvania Aparecida Corr\u00eaa Alves.<\/p>\n","protected":false},"excerpt":{"rendered":"<p>O LEAGEF participa do XXII Congresso Latino Americano de Ci\u00eancia do Solo \/ 2\u00ba Congresso Uruguaio de Solos \/ X Encontro da Sociedade Uruguaia de Ci\u00eancia do Solo, realizado entre os dias 7 a 11 de outubro de 2019 em Montevid\u00e9u (Uruguai) . Neste evento, a aluna Lisiane de Sousa Lemos apresentar\u00e1 o trabalho &#8220;Estimativa &hellip; <\/p>\n<p><a class=\"more-link btn\" href=\"https:\/\/wp.ufpel.edu.br\/leagef\/2019\/10\/07\/leagef-participa-do-xxii-clacs\/\">Continue lendo<\/a><\/p>\n","protected":false},"author":492,"featured_media":0,"comment_status":"closed","ping_status":"closed","sticky":false,"template":"","format":"standard","meta":{"footnotes":""},"categories":[20],"tags":[],"class_list":["post-210","post","type-post","status-publish","format-standard","hentry","category-noticias","nodate","item-wrap"],"jetpack_featured_media_url":"","_links":{"self":[{"href":"https:\/\/wp.ufpel.edu.br\/leagef\/wp-json\/wp\/v2\/posts\/210","targetHints":{"allow":["GET"]}}],"collection":[{"href":"https:\/\/wp.ufpel.edu.br\/leagef\/wp-json\/wp\/v2\/posts"}],"about":[{"href":"https:\/\/wp.ufpel.edu.br\/leagef\/wp-json\/wp\/v2\/types\/post"}],"author":[{"embeddable":true,"href":"https:\/\/wp.ufpel.edu.br\/leagef\/wp-json\/wp\/v2\/users\/492"}],"replies":[{"embeddable":true,"href":"https:\/\/wp.ufpel.edu.br\/leagef\/wp-json\/wp\/v2\/comments?post=210"}],"version-history":[{"count":2,"href":"https:\/\/wp.ufpel.edu.br\/leagef\/wp-json\/wp\/v2\/posts\/210\/revisions"}],"predecessor-version":[{"id":214,"href":"https:\/\/wp.ufpel.edu.br\/leagef\/wp-json\/wp\/v2\/posts\/210\/revisions\/214"}],"wp:attachment":[{"href":"https:\/\/wp.ufpel.edu.br\/leagef\/wp-json\/wp\/v2\/media?parent=210"}],"wp:term":[{"taxonomy":"category","embeddable":true,"href":"https:\/\/wp.ufpel.edu.br\/leagef\/wp-json\/wp\/v2\/categories?post=210"},{"taxonomy":"post_tag","embeddable":true,"href":"https:\/\/wp.ufpel.edu.br\/leagef\/wp-json\/wp\/v2\/tags?post=210"}],"curies":[{"name":"wp","href":"https:\/\/api.w.org\/{rel}","templated":true}]}}