{"id":2876,"date":"2021-07-24T21:45:13","date_gmt":"2021-07-25T00:45:13","guid":{"rendered":"https:\/\/wp.ufpel.edu.br\/leaa\/?p=2876"},"modified":"2021-07-24T23:07:52","modified_gmt":"2021-07-25T02:07:52","slug":"10-anos-leagef-ufpel","status":"publish","type":"post","link":"https:\/\/wp.ufpel.edu.br\/leaa\/2021\/07\/24\/10-anos-leagef-ufpel\/","title":{"rendered":"10 ANOS LEAGEF &#8211; UFPEL"},"content":{"rendered":"<p><a href=\"https:\/\/wp.ufpel.edu.br\/leaa\/files\/2021\/07\/WhatsApp-Image-2021-07-15-at-18.18.48-2.jpeg\"><img loading=\"lazy\" decoding=\"async\" class=\"aligncenter size-medium wp-image-2877\" src=\"https:\/\/wp.ufpel.edu.br\/leaa\/files\/2021\/07\/WhatsApp-Image-2021-07-15-at-18.18.48-2-318x318.jpeg\" alt=\"\" width=\"318\" height=\"318\" srcset=\"https:\/\/wp.ufpel.edu.br\/leaa\/files\/2021\/07\/WhatsApp-Image-2021-07-15-at-18.18.48-2-318x318.jpeg 318w, https:\/\/wp.ufpel.edu.br\/leaa\/files\/2021\/07\/WhatsApp-Image-2021-07-15-at-18.18.48-2-159x159.jpeg 159w, https:\/\/wp.ufpel.edu.br\/leaa\/files\/2021\/07\/WhatsApp-Image-2021-07-15-at-18.18.48-2-768x768.jpeg 768w, https:\/\/wp.ufpel.edu.br\/leaa\/files\/2021\/07\/WhatsApp-Image-2021-07-15-at-18.18.48-2-750x750.jpeg 750w, https:\/\/wp.ufpel.edu.br\/leaa\/files\/2021\/07\/WhatsApp-Image-2021-07-15-at-18.18.48-2.jpeg 950w\" sizes=\"auto, (max-width: 318px) 100vw, 318px\" \/><\/a><\/p>\n<p style=\"text-align: justify\"><span style=\"color: #000000;font-family: georgia, serif\">Em 2021 o Laborat\u00f3rio de Estudos Aplicados em Geografia F\u00edsica da Universidade Federal de Pelotas (LEAGEF\/UFPEL) completa 10 anos. Ao longo desse per\u00edodo, as atividades e projetos de ensino, pesquisa e extens\u00e3o desenvolvidas no LEAGEF foram fundamentais para a consolida\u00e7\u00e3o das investiga\u00e7\u00f5es em Geografia F\u00edsica, tanto nos cursos de gradua\u00e7\u00e3o e p\u00f3s-gradua\u00e7\u00e3o em Geografia da Universidade Federal de Pelotas, como no contexto do extremo sul do Brasil. O crescimento e o amadurecimento deste grupo est\u00e1 refletido nos v\u00e1rios profissionais atuantes no meio acad\u00eamico e no mercado de trabalho que fizeram e fazem parte desta hist\u00f3ria.<\/span><\/p>\n<div dir=\"auto\" style=\"text-align: justify\"><span style=\"color: #000000;font-family: georgia, serif\">No decorrer desta d\u00e9cada, nossas redes se ampliaram, e nossas perspectivas nos levam a continuar congregando com os interessados em desenvolver atividades voltadas ao estudo dos elementos, dos processos e das din\u00e2micas da natureza e sua rela\u00e7\u00e3o com as atividades antr\u00f3picas, de forma a promover a produ\u00e7\u00e3o e dissemina\u00e7\u00e3o de conhecimentos e a forma\u00e7\u00e3o de novos pesquisadores.<\/span><\/div>\n<div dir=\"auto\" style=\"text-align: justify\"><span style=\"color: #000000;font-family: georgia, serif\">Para celebrar os 10 anos, o LEAGEF preparou um conjunto de atividades comemorativas: <\/span><\/div>\n<div dir=\"auto\" style=\"text-align: justify\"><span style=\"color: #000000;font-family: georgia, serif\">Entre os dias 12\/08\/2021 e 07\/10\/2021 ocorrer\u00e3o os encontros quinzenais do \u201cCamafeu Geogr\u00e1fico \u2013 Di\u00e1logos Online em Geografia F\u00edsica\u201d, com a participa\u00e7\u00e3o de pesquisadores de diferentes regi\u00f5es do Brasil. <\/span><\/div>\n<div dir=\"auto\" style=\"text-align: justify\"><span style=\"color: #000000;font-family: georgia, serif\">Nos dias 03, 04 e 05\/11\/2021 ocorrer\u00e1 o \u201cSemin\u00e1rio de Comemora\u00e7\u00e3o aos 10 anos do LEAGEF\/UFPEL\u201d, que contar\u00e1 com a participa\u00e7\u00e3o de pesquisadores da Geografia F\u00edsica Brasileira amplamente reconhecidos pelas suas contribui\u00e7\u00f5es aos estudos dessa \u00e1rea do conhecimento.<\/span><\/div>\n<div dir=\"auto\" style=\"text-align: justify\"><span style=\"color: #000000;font-family: georgia, serif\">Para mais informa\u00e7\u00f5es, acompanhem nossas redes sociais.<\/span><\/div>\n","protected":false},"excerpt":{"rendered":"<p>Em 2021 o Laborat\u00f3rio de Estudos Aplicados em Geografia F\u00edsica da Universidade Federal de Pelotas (LEAGEF\/UFPEL) completa 10 anos. Ao longo desse per\u00edodo, as atividades e projetos de ensino, pesquisa e extens\u00e3o desenvolvidas no LEAGEF foram fundamentais para a consolida\u00e7\u00e3o das investiga\u00e7\u00f5es em Geografia F\u00edsica, tanto nos cursos de gradua\u00e7\u00e3o e p\u00f3s-gradua\u00e7\u00e3o em Geografia da &hellip; <\/p>\n<p><a class=\"more-link btn\" href=\"https:\/\/wp.ufpel.edu.br\/leaa\/2021\/07\/24\/10-anos-leagef-ufpel\/\">Continue lendo<\/a><\/p>\n","protected":false},"author":206,"featured_media":0,"comment_status":"closed","ping_status":"closed","sticky":false,"template":"","format":"standard","meta":{"jetpack_post_was_ever_published":false,"_jetpack_newsletter_access":"","_jetpack_dont_email_post_to_subs":false,"_jetpack_newsletter_tier_id":0,"_jetpack_memberships_contains_paywalled_content":false,"_jetpack_memberships_contains_paid_content":false,"footnotes":""},"categories":[18],"tags":[],"class_list":["post-2876","post","type-post","status-publish","format-standard","hentry","category-sem-categoria","item-wrap"],"jetpack_featured_media_url":"","jetpack_sharing_enabled":true,"_links":{"self":[{"href":"https:\/\/wp.ufpel.edu.br\/leaa\/wp-json\/wp\/v2\/posts\/2876","targetHints":{"allow":["GET"]}}],"collection":[{"href":"https:\/\/wp.ufpel.edu.br\/leaa\/wp-json\/wp\/v2\/posts"}],"about":[{"href":"https:\/\/wp.ufpel.edu.br\/leaa\/wp-json\/wp\/v2\/types\/post"}],"author":[{"embeddable":true,"href":"https:\/\/wp.ufpel.edu.br\/leaa\/wp-json\/wp\/v2\/users\/206"}],"replies":[{"embeddable":true,"href":"https:\/\/wp.ufpel.edu.br\/leaa\/wp-json\/wp\/v2\/comments?post=2876"}],"version-history":[{"count":1,"href":"https:\/\/wp.ufpel.edu.br\/leaa\/wp-json\/wp\/v2\/posts\/2876\/revisions"}],"predecessor-version":[{"id":2878,"href":"https:\/\/wp.ufpel.edu.br\/leaa\/wp-json\/wp\/v2\/posts\/2876\/revisions\/2878"}],"wp:attachment":[{"href":"https:\/\/wp.ufpel.edu.br\/leaa\/wp-json\/wp\/v2\/media?parent=2876"}],"wp:term":[{"taxonomy":"category","embeddable":true,"href":"https:\/\/wp.ufpel.edu.br\/leaa\/wp-json\/wp\/v2\/categories?post=2876"},{"taxonomy":"post_tag","embeddable":true,"href":"https:\/\/wp.ufpel.edu.br\/leaa\/wp-json\/wp\/v2\/tags?post=2876"}],"curies":[{"name":"wp","href":"https:\/\/api.w.org\/{rel}","templated":true}]}}