{"id":345,"date":"2020-03-31T18:09:29","date_gmt":"2020-03-31T21:09:29","guid":{"rendered":"https:\/\/wp.ufpel.edu.br\/lccbio\/?p=345"},"modified":"2020-03-31T18:46:33","modified_gmt":"2020-03-31T21:46:33","slug":"345","status":"publish","type":"post","link":"https:\/\/wp.ufpel.edu.br\/lccbio\/2020\/03\/31\/345\/","title":{"rendered":"LCCBio participa de Mesa Redonda promovida pela Prefeitura do Cap\u00e3o do Le\u00e3o"},"content":{"rendered":"<p style=\"text-align: left\">No m\u00eas de Fevereiro de 2020, a Prefeitura do Cap\u00e3o do Le\u00e3o (Secretaria de Educa\u00e7\u00e3o, Cultura e Desporto) reuniu mais de 300 professoras e equipe diretiva das escolas municipais para oficialmente dar in\u00edcio as atividades do ano letivo.<\/p>\n<p style=\"text-align: justify\">A abertura contou com a presen\u00e7a do prefeito Mauro Nolasco, que deu boas-vindas, da vice-prefeita e Secret\u00e1ria de Educa\u00e7\u00e3o, Cultura e Desporto, Gilciane Baldassari, \u00a0da mestre de cerim\u00f4nias, Ana L\u00facia Soares, o presidente do Conselho de Educa\u00e7\u00e3o e entre outros.<\/p>\n<p style=\"text-align: justify\">Ap\u00f3s, a programa\u00e7\u00e3o seguiu com a mesa de conversa, coordenada pela pedagoga, L\u00facia Maria Vaz Peres (UFPel), e\u00a0 tamb\u00e9m pelas professoras convidadas Priscila Scaglioni e Viviane Costa com o tema \u201cOutros Modos de Aprender\u201d, abordando o ser professor, incluindo m\u00e9todos e crit\u00e9rios de avalia\u00e7\u00e3o voltados \u00e0 valoriza\u00e7\u00e3o dos alunos. Neste contexto, a p\u00f3s-doutoranda Priscila Scaglioni\u00a0abordou o projeto &#8220;Meninas na Ci\u00eancia&#8221; o qual est\u00e1 sendo desenvolvido pelo grupo de pesquisa do LCCBio, levando assim a percep\u00e7\u00e3o da universidade com rela\u00e7\u00e3o a Escola Margarida Gastal.<\/p>\n<p style=\"text-align: justify\">O projeto &#8220;Meninas na Ci\u00eancia&#8221; faz parte de uma chamada p\u00fablica do Conselho Nacional de Desenvolvimento Cient\u00edfico e Tecnol\u00f3gico (CNPq), e o principal objetivo \u00e9 estimular alunas da educa\u00e7\u00e3o b\u00e1sica \u00e0 concep\u00e7\u00e3o de conhecimento cient\u00edfico na \u00e1rea de qu\u00edmica, promovendo a intera\u00e7\u00e3o entre a pesquisa cient\u00edfica e o ensino em sala de aula e estimulando sua voca\u00e7\u00e3o cient\u00edfica e potenciais talentos. Salientamos a import\u00e2ncia deste projeto no sentido de desmistificar preconceitos de g\u00eanero existentes nessa \u00e1rea a partir de incentivo e representatividade, e mostrar que lugar de mulher \u00e9 nas Ci\u00eancias Exatas e onde mais ela quiser.<\/p>\n<p>&nbsp;<\/p>\n<p>&nbsp;<\/p>\n<p>&nbsp;<\/p>\n<p><a href=\"https:\/\/wp.ufpel.edu.br\/lccbio\/files\/2020\/03\/20200331_183617.jpg\"><img class=\"aligncenter size-medium wp-image-358\" src=\"https:\/\/wp.ufpel.edu.br\/lccbio\/files\/2020\/03\/20200331_183617-400x300.jpg\" alt=\"\" width=\"400\" height=\"300\" srcset=\"https:\/\/wp.ufpel.edu.br\/lccbio\/files\/2020\/03\/20200331_183617-400x300.jpg 400w, https:\/\/wp.ufpel.edu.br\/lccbio\/files\/2020\/03\/20200331_183617.jpg 720w\" sizes=\"(max-width: 400px) 100vw, 400px\" \/><\/a><\/p>\n<p><a href=\"https:\/\/wp.ufpel.edu.br\/lccbio\/files\/2020\/03\/20200331_183630.jpg\"><img class=\"aligncenter size-medium wp-image-359\" src=\"https:\/\/wp.ufpel.edu.br\/lccbio\/files\/2020\/03\/20200331_183630-225x400.jpg\" alt=\"\" width=\"225\" height=\"400\" srcset=\"https:\/\/wp.ufpel.edu.br\/lccbio\/files\/2020\/03\/20200331_183630-225x400.jpg 225w, https:\/\/wp.ufpel.edu.br\/lccbio\/files\/2020\/03\/20200331_183630.jpg 538w\" sizes=\"(max-width: 225px) 100vw, 225px\" \/><\/a><\/p>\n<p><a href=\"https:\/\/wp.ufpel.edu.br\/lccbio\/files\/2020\/03\/20200331_184337.jpg\"><img class=\"aligncenter size-medium wp-image-361\" src=\"https:\/\/wp.ufpel.edu.br\/lccbio\/files\/2020\/03\/20200331_184337-400x206.jpg\" alt=\"\" width=\"400\" height=\"206\" srcset=\"https:\/\/wp.ufpel.edu.br\/lccbio\/files\/2020\/03\/20200331_184337-400x206.jpg 400w, https:\/\/wp.ufpel.edu.br\/lccbio\/files\/2020\/03\/20200331_184337.jpg 720w\" sizes=\"(max-width: 400px) 100vw, 400px\" \/><\/a><\/p>\n","protected":false},"excerpt":{"rendered":"<p>No m\u00eas de Fevereiro de 2020, a Prefeitura do Cap\u00e3o do Le\u00e3o (Secretaria de Educa\u00e7\u00e3o, Cultura e Desporto) reuniu mais de 300 professoras e equipe diretiva das escolas municipais para oficialmente dar in\u00edcio as atividades do ano letivo. A abertura contou com a presen\u00e7a do prefeito Mauro Nolasco, que deu boas-vindas, da vice-prefeita e Secret\u00e1ria [&hellip;]<\/p>\n","protected":false},"author":862,"featured_media":0,"comment_status":"closed","ping_status":"closed","sticky":false,"template":"","format":"standard","meta":{"_jetpack_memberships_contains_paid_content":false,"footnotes":""},"categories":[1],"tags":[],"class_list":["post-345","post","type-post","status-publish","format-standard","hentry","category-noticias"],"jetpack_featured_media_url":"","jetpack_sharing_enabled":true,"_links":{"self":[{"href":"https:\/\/wp.ufpel.edu.br\/lccbio\/wp-json\/wp\/v2\/posts\/345","targetHints":{"allow":["GET"]}}],"collection":[{"href":"https:\/\/wp.ufpel.edu.br\/lccbio\/wp-json\/wp\/v2\/posts"}],"about":[{"href":"https:\/\/wp.ufpel.edu.br\/lccbio\/wp-json\/wp\/v2\/types\/post"}],"author":[{"embeddable":true,"href":"https:\/\/wp.ufpel.edu.br\/lccbio\/wp-json\/wp\/v2\/users\/862"}],"replies":[{"embeddable":true,"href":"https:\/\/wp.ufpel.edu.br\/lccbio\/wp-json\/wp\/v2\/comments?post=345"}],"version-history":[{"count":6,"href":"https:\/\/wp.ufpel.edu.br\/lccbio\/wp-json\/wp\/v2\/posts\/345\/revisions"}],"predecessor-version":[{"id":364,"href":"https:\/\/wp.ufpel.edu.br\/lccbio\/wp-json\/wp\/v2\/posts\/345\/revisions\/364"}],"wp:attachment":[{"href":"https:\/\/wp.ufpel.edu.br\/lccbio\/wp-json\/wp\/v2\/media?parent=345"}],"wp:term":[{"taxonomy":"category","embeddable":true,"href":"https:\/\/wp.ufpel.edu.br\/lccbio\/wp-json\/wp\/v2\/categories?post=345"},{"taxonomy":"post_tag","embeddable":true,"href":"https:\/\/wp.ufpel.edu.br\/lccbio\/wp-json\/wp\/v2\/tags?post=345"}],"curies":[{"name":"wp","href":"https:\/\/api.w.org\/{rel}","templated":true}]}}