{"id":806,"date":"2025-04-11T19:19:29","date_gmt":"2025-04-11T22:19:29","guid":{"rendered":"https:\/\/wp.ufpel.edu.br\/laplimm\/?p=806"},"modified":"2025-05-14T18:19:18","modified_gmt":"2025-05-14T21:19:18","slug":"workshop-uso-de-inteligencia-artificial-na-pesquisa-em-linguistica-aplicacoes-praticas-com-gpts","status":"publish","type":"post","link":"https:\/\/wp.ufpel.edu.br\/laplimm\/2025\/04\/11\/workshop-uso-de-inteligencia-artificial-na-pesquisa-em-linguistica-aplicacoes-praticas-com-gpts\/","title":{"rendered":"Workshop: Uso de Intelig\u00eancia Artificial na Pesquisa em Lingu\u00edstica &#8211; Aplica\u00e7\u00f5es pr\u00e1ticas com GPTs"},"content":{"rendered":"<p style=\"text-align: justify;\">O avan\u00e7o das ferramentas baseadas em Intelig\u00eancia Artificial, como os modelos GPT, tem trazido novas possibilidades para a pr\u00e1tica acad\u00eamica. Este workshop tem como objetivo apresentar, de forma pr\u00e1tica e cr\u00edtica, como essas ferramentas podem ser integradas ao trabalho de pesquisa em Lingu\u00edstica, respeitando os princ\u00edpios de \u00e9tica e rigor cient\u00edfico.<\/p>\n<p><img loading=\"lazy\" decoding=\"async\" class=\"size-medium wp-image-808 aligncenter\" src=\"https:\/\/wp.ufpel.edu.br\/laplimm\/files\/2025\/04\/1-400x400.png\" alt=\"\" width=\"400\" height=\"400\" srcset=\"https:\/\/wp.ufpel.edu.br\/laplimm\/files\/2025\/04\/1-400x400.png 400w, https:\/\/wp.ufpel.edu.br\/laplimm\/files\/2025\/04\/1-1024x1024.png 1024w, https:\/\/wp.ufpel.edu.br\/laplimm\/files\/2025\/04\/1-200x200.png 200w, https:\/\/wp.ufpel.edu.br\/laplimm\/files\/2025\/04\/1-768x768.png 768w, https:\/\/wp.ufpel.edu.br\/laplimm\/files\/2025\/04\/1-300x300.png 300w, https:\/\/wp.ufpel.edu.br\/laplimm\/files\/2025\/04\/1.png 1080w\" sizes=\"auto, (max-width: 400px) 100vw, 400px\" \/><\/p>\n<p><strong>T\u00f3picos que ser\u00e3o abordados:<\/strong><br \/>\n&#8211; Aplica\u00e7\u00f5es de GPTs na revis\u00e3o de literatura e organiza\u00e7\u00e3o de leituras;<br \/>\n&#8211; Aux\u00edlio nas etapas de planejamento da pesquisa;<br \/>\n&#8211; Escrita acad\u00eamica e revis\u00e3o textual mediada por IA;<br \/>\n&#8211; An\u00e1lise explorat\u00f3ria e visualiza\u00e7\u00e3o de dados;<br \/>\n&#8211; Gest\u00e3o de tarefas e produtividade na pesquisa;<br \/>\n&#8211; Limites, riscos e boas pr\u00e1ticas \u2013 \u00e9tica no uso de IA para fins acad\u00eamicos.<\/p>\n<p><strong>Ministrante<\/strong>:<br \/>\nDr. Renan Castro Ferreira, pesquisador p\u00f3s-doutoral PPGL\/CAPES (http:\/\/renanferreira.phd.sh\/)<\/p>\n<p><strong>P\u00fablico-alvo:<\/strong><br \/>\nEstudantes de p\u00f3s-gradua\u00e7\u00e3o, docentes e bolsistas IC da \u00e1rea de Lingu\u00edstica.<\/p>\n<p><strong>Formato:<\/strong><br \/>\nEncontro presencial, com demonstra\u00e7\u00e3o pr\u00e1tica e espa\u00e7o para discuss\u00e3o e d\u00favidas.<\/p>\n<p><strong>Data e hor\u00e1rio<\/strong>: 29\/05\/2025, das 9:00 \u00e0s 11:30<br \/>\n<strong>Local<\/strong>: Campus Anglo, sala 117 (Laborat\u00f3rio de Inform\u00e1tica do CLC)<br \/>\n<strong>Vagas<\/strong>: 20<br \/>\n<strong>Acesse aqui o <a href=\"https:\/\/docs.google.com\/forms\/d\/e\/1FAIpQLSf94OYMKrhQ_sQ7ZiT5buJmm5nnonPcScEakblyWSuGvr8gOQ\/viewform?usp=dialog\">link<\/a> de inscri\u00e7\u00e3o<\/strong><\/p>\n<p>&nbsp;<\/p>\n","protected":false},"excerpt":{"rendered":"<p>O avan\u00e7o das ferramentas baseadas em Intelig\u00eancia Artificial, como os modelos GPT, tem trazido novas possibilidades para a pr\u00e1tica acad\u00eamica. Este workshop tem como objetivo apresentar, de forma pr\u00e1tica e cr\u00edtica, como essas ferramentas podem ser integradas ao trabalho de &hellip; <a href=\"https:\/\/wp.ufpel.edu.br\/laplimm\/2025\/04\/11\/workshop-uso-de-inteligencia-artificial-na-pesquisa-em-linguistica-aplicacoes-praticas-com-gpts\/\">Continue lendo <span class=\"meta-nav\">&rarr;<\/span><\/a><\/p>\n","protected":false},"author":916,"featured_media":0,"comment_status":"closed","ping_status":"closed","sticky":false,"template":"","format":"standard","meta":{"footnotes":""},"categories":[3],"tags":[],"class_list":["post-806","post","type-post","status-publish","format-standard","hentry","category-eventos"],"jetpack_featured_media_url":"","_links":{"self":[{"href":"https:\/\/wp.ufpel.edu.br\/laplimm\/wp-json\/wp\/v2\/posts\/806","targetHints":{"allow":["GET"]}}],"collection":[{"href":"https:\/\/wp.ufpel.edu.br\/laplimm\/wp-json\/wp\/v2\/posts"}],"about":[{"href":"https:\/\/wp.ufpel.edu.br\/laplimm\/wp-json\/wp\/v2\/types\/post"}],"author":[{"embeddable":true,"href":"https:\/\/wp.ufpel.edu.br\/laplimm\/wp-json\/wp\/v2\/users\/916"}],"replies":[{"embeddable":true,"href":"https:\/\/wp.ufpel.edu.br\/laplimm\/wp-json\/wp\/v2\/comments?post=806"}],"version-history":[{"count":2,"href":"https:\/\/wp.ufpel.edu.br\/laplimm\/wp-json\/wp\/v2\/posts\/806\/revisions"}],"predecessor-version":[{"id":828,"href":"https:\/\/wp.ufpel.edu.br\/laplimm\/wp-json\/wp\/v2\/posts\/806\/revisions\/828"}],"wp:attachment":[{"href":"https:\/\/wp.ufpel.edu.br\/laplimm\/wp-json\/wp\/v2\/media?parent=806"}],"wp:term":[{"taxonomy":"category","embeddable":true,"href":"https:\/\/wp.ufpel.edu.br\/laplimm\/wp-json\/wp\/v2\/categories?post=806"},{"taxonomy":"post_tag","embeddable":true,"href":"https:\/\/wp.ufpel.edu.br\/laplimm\/wp-json\/wp\/v2\/tags?post=806"}],"curies":[{"name":"wp","href":"https:\/\/api.w.org\/{rel}","templated":true}]}}