{"id":612,"date":"2024-07-11T11:35:38","date_gmt":"2024-07-11T14:35:38","guid":{"rendered":"https:\/\/wp.ufpel.edu.br\/laplimm\/?p=612"},"modified":"2024-07-11T11:35:54","modified_gmt":"2024-07-11T14:35:54","slug":"convite-para-defesa-de-dissertacao-8","status":"publish","type":"post","link":"https:\/\/wp.ufpel.edu.br\/laplimm\/2024\/07\/11\/convite-para-defesa-de-dissertacao-8\/","title":{"rendered":"Convite para defesa de disserta\u00e7\u00e3o"},"content":{"rendered":"<p style=\"text-align: justify;\">Convidamos a prestigiarem a defesa de mestrado de Julia da Rosa Diogo: <em>Varia\u00e7\u00e3o lexical diat\u00f3pica no 9\u00ba ano do Ensino Fundamental II: um estudo sobre cren\u00e7as dos estudantes e processamento de vari\u00e1vel regional.<\/em><\/p>\n<p><img loading=\"lazy\" decoding=\"async\" class=\"size-medium wp-image-611 aligncenter\" src=\"https:\/\/wp.ufpel.edu.br\/laplimm\/files\/2024\/07\/WhatsApp-Image-2024-07-11-at-11.05.54-400x400.jpeg\" alt=\"\" width=\"400\" height=\"400\" srcset=\"https:\/\/wp.ufpel.edu.br\/laplimm\/files\/2024\/07\/WhatsApp-Image-2024-07-11-at-11.05.54-400x400.jpeg 400w, https:\/\/wp.ufpel.edu.br\/laplimm\/files\/2024\/07\/WhatsApp-Image-2024-07-11-at-11.05.54-1024x1024.jpeg 1024w, https:\/\/wp.ufpel.edu.br\/laplimm\/files\/2024\/07\/WhatsApp-Image-2024-07-11-at-11.05.54-200x200.jpeg 200w, https:\/\/wp.ufpel.edu.br\/laplimm\/files\/2024\/07\/WhatsApp-Image-2024-07-11-at-11.05.54-768x768.jpeg 768w, https:\/\/wp.ufpel.edu.br\/laplimm\/files\/2024\/07\/WhatsApp-Image-2024-07-11-at-11.05.54-300x300.jpeg 300w, https:\/\/wp.ufpel.edu.br\/laplimm\/files\/2024\/07\/WhatsApp-Image-2024-07-11-at-11.05.54.jpeg 1080w\" sizes=\"auto, (max-width: 400px) 100vw, 400px\" \/><\/p>\n","protected":false},"excerpt":{"rendered":"<p>Convidamos a prestigiarem a defesa de mestrado de Julia da Rosa Diogo: Varia\u00e7\u00e3o lexical diat\u00f3pica no 9\u00ba ano do Ensino Fundamental II: um estudo sobre cren\u00e7as dos estudantes e processamento de vari\u00e1vel regional.<\/p>\n","protected":false},"author":916,"featured_media":0,"comment_status":"closed","ping_status":"closed","sticky":false,"template":"","format":"standard","meta":{"footnotes":""},"categories":[6],"tags":[],"class_list":["post-612","post","type-post","status-publish","format-standard","hentry","category-defesas"],"jetpack_featured_media_url":"","_links":{"self":[{"href":"https:\/\/wp.ufpel.edu.br\/laplimm\/wp-json\/wp\/v2\/posts\/612","targetHints":{"allow":["GET"]}}],"collection":[{"href":"https:\/\/wp.ufpel.edu.br\/laplimm\/wp-json\/wp\/v2\/posts"}],"about":[{"href":"https:\/\/wp.ufpel.edu.br\/laplimm\/wp-json\/wp\/v2\/types\/post"}],"author":[{"embeddable":true,"href":"https:\/\/wp.ufpel.edu.br\/laplimm\/wp-json\/wp\/v2\/users\/916"}],"replies":[{"embeddable":true,"href":"https:\/\/wp.ufpel.edu.br\/laplimm\/wp-json\/wp\/v2\/comments?post=612"}],"version-history":[{"count":2,"href":"https:\/\/wp.ufpel.edu.br\/laplimm\/wp-json\/wp\/v2\/posts\/612\/revisions"}],"predecessor-version":[{"id":615,"href":"https:\/\/wp.ufpel.edu.br\/laplimm\/wp-json\/wp\/v2\/posts\/612\/revisions\/615"}],"wp:attachment":[{"href":"https:\/\/wp.ufpel.edu.br\/laplimm\/wp-json\/wp\/v2\/media?parent=612"}],"wp:term":[{"taxonomy":"category","embeddable":true,"href":"https:\/\/wp.ufpel.edu.br\/laplimm\/wp-json\/wp\/v2\/categories?post=612"},{"taxonomy":"post_tag","embeddable":true,"href":"https:\/\/wp.ufpel.edu.br\/laplimm\/wp-json\/wp\/v2\/tags?post=612"}],"curies":[{"name":"wp","href":"https:\/\/api.w.org\/{rel}","templated":true}]}}