{"id":355,"date":"2020-10-11T09:10:30","date_gmt":"2020-10-11T12:10:30","guid":{"rendered":"https:\/\/wp.ufpel.edu.br\/laplimm\/?p=355"},"modified":"2024-04-22T14:32:54","modified_gmt":"2024-04-22T17:32:54","slug":"a-traducao-como-um-direito","status":"publish","type":"post","link":"https:\/\/wp.ufpel.edu.br\/laplimm\/2020\/10\/11\/a-traducao-como-um-direito\/","title":{"rendered":"A tradu\u00e7\u00e3o como um direito"},"content":{"rendered":"<p style=\"text-align: justify;\">Confira o texto <a href=\"https:\/\/wp.ufpel.edu.br\/laplimm\/files\/2020\/10\/A-traducao-como-direito.pdf\">A tradu\u00e7\u00e3o como um direito<\/a>, publicado no Caderno de S\u00e1bado do Jornal Correio do Povo, escrito pela integrante do Laplimm, Dra. Andrea Kahmann, em comemora\u00e7\u00e3o do 30 de setembro de 2020, Dia Internacional da Tradu\u00e7\u00e3o.<\/p>\n<p><img loading=\"lazy\" decoding=\"async\" class=\" wp-image-350 aligncenter\" src=\"https:\/\/wp.ufpel.edu.br\/laplimm\/files\/2024\/02\/121060243_10159002473822973_8062537030598467668_n-300x400.jpg\" alt=\"\" width=\"362\" height=\"479\" \/><\/p>\n","protected":false},"excerpt":{"rendered":"<p>Confira o texto A tradu\u00e7\u00e3o como um direito, publicado no Caderno de S\u00e1bado do Jornal Correio do Povo, escrito pela integrante do Laplimm, Dra. Andrea Kahmann, em comemora\u00e7\u00e3o do 30 de setembro de 2020, Dia Internacional da Tradu\u00e7\u00e3o.<\/p>\n","protected":false},"author":916,"featured_media":0,"comment_status":"closed","ping_status":"closed","sticky":false,"template":"","format":"standard","meta":{"footnotes":""},"categories":[1],"tags":[],"class_list":["post-355","post","type-post","status-publish","format-standard","hentry","category-noticias"],"jetpack_featured_media_url":"","_links":{"self":[{"href":"https:\/\/wp.ufpel.edu.br\/laplimm\/wp-json\/wp\/v2\/posts\/355","targetHints":{"allow":["GET"]}}],"collection":[{"href":"https:\/\/wp.ufpel.edu.br\/laplimm\/wp-json\/wp\/v2\/posts"}],"about":[{"href":"https:\/\/wp.ufpel.edu.br\/laplimm\/wp-json\/wp\/v2\/types\/post"}],"author":[{"embeddable":true,"href":"https:\/\/wp.ufpel.edu.br\/laplimm\/wp-json\/wp\/v2\/users\/916"}],"replies":[{"embeddable":true,"href":"https:\/\/wp.ufpel.edu.br\/laplimm\/wp-json\/wp\/v2\/comments?post=355"}],"version-history":[{"count":4,"href":"https:\/\/wp.ufpel.edu.br\/laplimm\/wp-json\/wp\/v2\/posts\/355\/revisions"}],"predecessor-version":[{"id":535,"href":"https:\/\/wp.ufpel.edu.br\/laplimm\/wp-json\/wp\/v2\/posts\/355\/revisions\/535"}],"wp:attachment":[{"href":"https:\/\/wp.ufpel.edu.br\/laplimm\/wp-json\/wp\/v2\/media?parent=355"}],"wp:term":[{"taxonomy":"category","embeddable":true,"href":"https:\/\/wp.ufpel.edu.br\/laplimm\/wp-json\/wp\/v2\/categories?post=355"},{"taxonomy":"post_tag","embeddable":true,"href":"https:\/\/wp.ufpel.edu.br\/laplimm\/wp-json\/wp\/v2\/tags?post=355"}],"curies":[{"name":"wp","href":"https:\/\/api.w.org\/{rel}","templated":true}]}}