{"id":195,"date":"2020-11-24T11:09:04","date_gmt":"2020-11-24T14:09:04","guid":{"rendered":"https:\/\/wp.ufpel.edu.br\/laplimm\/?p=195"},"modified":"2024-01-07T11:37:34","modified_gmt":"2024-01-07T14:37:34","slug":"evento-aberto-11-12-2020","status":"publish","type":"post","link":"https:\/\/wp.ufpel.edu.br\/laplimm\/2020\/11\/24\/evento-aberto-11-12-2020\/","title":{"rendered":"Evento Aberto \u2013 11\/12\/2020"},"content":{"rendered":"<p>Encontro com a Profa. Dra. Raquel Llama (Universidade de Ottawa)<\/p>\n<p>Tema: Aquisi\u00e7\u00e3o da L3 por Falantes de Heran\u00e7a: Explorando os Pap\u00e9is da L\u00edngua de Heran\u00e7a Versus da L\u00edngua Dominante.<\/p>\n<p>Dia 11\/12\/2020, \u00e0s 9h30.<\/p>\n<p>Link de acesso ao evento:\u00a0<a href=\"http:\/\/meet.google.com\/gao-iovf-fzo\" target=\"_blank\" rel=\"noopener noreferrer\" data-saferedirecturl=\"https:\/\/www.google.com\/url?q=http:\/\/meet.google.com\/gao-iovf-fzo&amp;source=gmail&amp;ust=1606312020424000&amp;usg=AOvVaw0EBdRteEh0hQ5otCVto3uP\">meet.google.com\/gao-iovf-fzo<\/a><\/p>\n<p><img loading=\"lazy\" decoding=\"async\" class=\"aligncenter wp-image-197 size-large\" src=\"https:\/\/wp.ufpel.edu.br\/laplimm\/files\/2020\/11\/Cartaz-Raquel-Llama-Laplimm-724x1024.png\" alt=\"\" width=\"584\" height=\"826\" srcset=\"https:\/\/wp.ufpel.edu.br\/laplimm\/files\/2020\/11\/Cartaz-Raquel-Llama-Laplimm-724x1024.png 724w, https:\/\/wp.ufpel.edu.br\/laplimm\/files\/2020\/11\/Cartaz-Raquel-Llama-Laplimm-283x400.png 283w, https:\/\/wp.ufpel.edu.br\/laplimm\/files\/2020\/11\/Cartaz-Raquel-Llama-Laplimm-768x1086.png 768w, https:\/\/wp.ufpel.edu.br\/laplimm\/files\/2020\/11\/Cartaz-Raquel-Llama-Laplimm-1086x1536.png 1086w, https:\/\/wp.ufpel.edu.br\/laplimm\/files\/2020\/11\/Cartaz-Raquel-Llama-Laplimm-1448x2048.png 1448w, https:\/\/wp.ufpel.edu.br\/laplimm\/files\/2020\/11\/Cartaz-Raquel-Llama-Laplimm-212x300.png 212w, https:\/\/wp.ufpel.edu.br\/laplimm\/files\/2020\/11\/Cartaz-Raquel-Llama-Laplimm.png 1587w\" sizes=\"auto, (max-width: 584px) 100vw, 584px\" \/><\/p>\n","protected":false},"excerpt":{"rendered":"<p>Encontro com a Profa. Dra. Raquel Llama (Universidade de Ottawa) Tema: Aquisi\u00e7\u00e3o da L3 por Falantes de Heran\u00e7a: Explorando os Pap\u00e9is da L\u00edngua de Heran\u00e7a Versus da L\u00edngua Dominante. Dia 11\/12\/2020, \u00e0s 9h30. Link de acesso ao evento:\u00a0meet.google.com\/gao-iovf-fzo<\/p>\n","protected":false},"author":916,"featured_media":0,"comment_status":"closed","ping_status":"closed","sticky":false,"template":"","format":"standard","meta":{"footnotes":""},"categories":[3],"tags":[],"class_list":["post-195","post","type-post","status-publish","format-standard","hentry","category-eventos"],"jetpack_featured_media_url":"","_links":{"self":[{"href":"https:\/\/wp.ufpel.edu.br\/laplimm\/wp-json\/wp\/v2\/posts\/195","targetHints":{"allow":["GET"]}}],"collection":[{"href":"https:\/\/wp.ufpel.edu.br\/laplimm\/wp-json\/wp\/v2\/posts"}],"about":[{"href":"https:\/\/wp.ufpel.edu.br\/laplimm\/wp-json\/wp\/v2\/types\/post"}],"author":[{"embeddable":true,"href":"https:\/\/wp.ufpel.edu.br\/laplimm\/wp-json\/wp\/v2\/users\/916"}],"replies":[{"embeddable":true,"href":"https:\/\/wp.ufpel.edu.br\/laplimm\/wp-json\/wp\/v2\/comments?post=195"}],"version-history":[{"count":1,"href":"https:\/\/wp.ufpel.edu.br\/laplimm\/wp-json\/wp\/v2\/posts\/195\/revisions"}],"predecessor-version":[{"id":198,"href":"https:\/\/wp.ufpel.edu.br\/laplimm\/wp-json\/wp\/v2\/posts\/195\/revisions\/198"}],"wp:attachment":[{"href":"https:\/\/wp.ufpel.edu.br\/laplimm\/wp-json\/wp\/v2\/media?parent=195"}],"wp:term":[{"taxonomy":"category","embeddable":true,"href":"https:\/\/wp.ufpel.edu.br\/laplimm\/wp-json\/wp\/v2\/categories?post=195"},{"taxonomy":"post_tag","embeddable":true,"href":"https:\/\/wp.ufpel.edu.br\/laplimm\/wp-json\/wp\/v2\/tags?post=195"}],"curies":[{"name":"wp","href":"https:\/\/api.w.org\/{rel}","templated":true}]}}