{"id":176,"date":"2020-10-20T21:13:32","date_gmt":"2020-10-21T00:13:32","guid":{"rendered":"https:\/\/wp.ufpel.edu.br\/laplimm\/?p=176"},"modified":"2024-01-07T11:38:48","modified_gmt":"2024-01-07T14:38:48","slug":"evento-aberto-16-10-2020","status":"publish","type":"post","link":"https:\/\/wp.ufpel.edu.br\/laplimm\/2020\/10\/20\/evento-aberto-16-10-2020\/","title":{"rendered":"Evento Aberto &#8211; 16\/10\/2020"},"content":{"rendered":"<p>Encontro com a Profa. Dra. P\u00e2mela Toassi (UFC)<\/p>\n<p>Tema: Acesso Lexical de Multil\u00edngues e Influ\u00eancias Translingu\u00edsticas.<\/p>\n<p>Dia 16\/10\/2020, \u00e0s 9h30.<\/p>\n<p>Link de acesso ao evento: <a class=\"oajrlxb2 g5ia77u1 qu0x051f esr5mh6w e9989ue4 r7d6kgcz rq0escxv nhd2j8a9 nc684nl6 p7hjln8o kvgmc6g5 cxmmr5t8 oygrvhab hcukyx3x jb3vyjys rz4wbd8a qt6c0cv9 a8nywdso i1ao9s8h esuyzwwr f1sip0of lzcic4wl py34i1dx gpro0wi8\" role=\"link\" href=\"https:\/\/webconf.ufpel.edu.br\/b\/ber-jaj-6g7?fbclid=IwAR1C0rc0OMjXywpxTGjzB1qCPS-08PZtfZACVecL3yVbd9Gu3NNjd9edUkM\" target=\"_blank\" rel=\"nofollow noopener noreferrer\">https:\/\/webconf.ufpel.edu.br\/b\/ber-jaj-6g7<\/a><img loading=\"lazy\" decoding=\"async\" class=\"aligncenter wp-image-180 size-large\" src=\"https:\/\/wp.ufpel.edu.br\/laplimm\/files\/2020\/10\/Toassi-Cartaz-Laplimm-724x1024.png\" alt=\"\" width=\"584\" height=\"826\" srcset=\"https:\/\/wp.ufpel.edu.br\/laplimm\/files\/2020\/10\/Toassi-Cartaz-Laplimm-724x1024.png 724w, https:\/\/wp.ufpel.edu.br\/laplimm\/files\/2020\/10\/Toassi-Cartaz-Laplimm-283x400.png 283w, https:\/\/wp.ufpel.edu.br\/laplimm\/files\/2020\/10\/Toassi-Cartaz-Laplimm-768x1086.png 768w, https:\/\/wp.ufpel.edu.br\/laplimm\/files\/2020\/10\/Toassi-Cartaz-Laplimm-1086x1536.png 1086w, https:\/\/wp.ufpel.edu.br\/laplimm\/files\/2020\/10\/Toassi-Cartaz-Laplimm-1448x2048.png 1448w, https:\/\/wp.ufpel.edu.br\/laplimm\/files\/2020\/10\/Toassi-Cartaz-Laplimm-212x300.png 212w, https:\/\/wp.ufpel.edu.br\/laplimm\/files\/2020\/10\/Toassi-Cartaz-Laplimm.png 1587w\" sizes=\"auto, (max-width: 584px) 100vw, 584px\" \/><\/p>\n","protected":false},"excerpt":{"rendered":"<p>Encontro com a Profa. Dra. P\u00e2mela Toassi (UFC) Tema: Acesso Lexical de Multil\u00edngues e Influ\u00eancias Translingu\u00edsticas. Dia 16\/10\/2020, \u00e0s 9h30. Link de acesso ao evento: https:\/\/webconf.ufpel.edu.br\/b\/ber-jaj-6g7<\/p>\n","protected":false},"author":916,"featured_media":0,"comment_status":"closed","ping_status":"closed","sticky":false,"template":"","format":"standard","meta":{"footnotes":""},"categories":[3],"tags":[],"class_list":["post-176","post","type-post","status-publish","format-standard","hentry","category-eventos"],"jetpack_featured_media_url":"","_links":{"self":[{"href":"https:\/\/wp.ufpel.edu.br\/laplimm\/wp-json\/wp\/v2\/posts\/176","targetHints":{"allow":["GET"]}}],"collection":[{"href":"https:\/\/wp.ufpel.edu.br\/laplimm\/wp-json\/wp\/v2\/posts"}],"about":[{"href":"https:\/\/wp.ufpel.edu.br\/laplimm\/wp-json\/wp\/v2\/types\/post"}],"author":[{"embeddable":true,"href":"https:\/\/wp.ufpel.edu.br\/laplimm\/wp-json\/wp\/v2\/users\/916"}],"replies":[{"embeddable":true,"href":"https:\/\/wp.ufpel.edu.br\/laplimm\/wp-json\/wp\/v2\/comments?post=176"}],"version-history":[{"count":2,"href":"https:\/\/wp.ufpel.edu.br\/laplimm\/wp-json\/wp\/v2\/posts\/176\/revisions"}],"predecessor-version":[{"id":192,"href":"https:\/\/wp.ufpel.edu.br\/laplimm\/wp-json\/wp\/v2\/posts\/176\/revisions\/192"}],"wp:attachment":[{"href":"https:\/\/wp.ufpel.edu.br\/laplimm\/wp-json\/wp\/v2\/media?parent=176"}],"wp:term":[{"taxonomy":"category","embeddable":true,"href":"https:\/\/wp.ufpel.edu.br\/laplimm\/wp-json\/wp\/v2\/categories?post=176"},{"taxonomy":"post_tag","embeddable":true,"href":"https:\/\/wp.ufpel.edu.br\/laplimm\/wp-json\/wp\/v2\/tags?post=176"}],"curies":[{"name":"wp","href":"https:\/\/api.w.org\/{rel}","templated":true}]}}