{"id":120,"date":"2010-10-12T21:41:54","date_gmt":"2010-10-13T00:41:54","guid":{"rendered":"https:\/\/wp.ufpel.edu.br\/lamina\/?p=120"},"modified":"2018-06-09T21:47:38","modified_gmt":"2018-06-10T00:47:38","slug":"120","status":"publish","type":"post","link":"https:\/\/wp.ufpel.edu.br\/lamina\/2010\/10\/12\/120\/","title":{"rendered":"Mini curso sobre vidros arqueol\u00f3gicos"},"content":{"rendered":"<h2>Alunos de Conserva\u00e7\u00e3o e Restauro participam de mini-curso sobre vidros\u00a0arqueol\u00f3gicos.<\/h2>\n<p>&nbsp;<\/p>\n<div class=\"entry\">\n<p>\u00a0\u00a0\u00a0\u00a0 No dia 11 de outubro <a href=\"https:\/\/wp.ufpel.edu.br\/lamina\/files\/2018\/06\/dsc089881.jpg\"><img loading=\"lazy\" decoding=\"async\" class=\"aligncenter size-medium wp-image-122\" src=\"https:\/\/wp.ufpel.edu.br\/lamina\/files\/2018\/06\/dsc089881-424x318.jpg\" alt=\"\" width=\"424\" height=\"318\" srcset=\"https:\/\/wp.ufpel.edu.br\/lamina\/files\/2018\/06\/dsc089881-424x318.jpg 424w, https:\/\/wp.ufpel.edu.br\/lamina\/files\/2018\/06\/dsc089881-212x159.jpg 212w, https:\/\/wp.ufpel.edu.br\/lamina\/files\/2018\/06\/dsc089881-768x576.jpg 768w, https:\/\/wp.ufpel.edu.br\/lamina\/files\/2018\/06\/dsc089881.jpg 2048w\" sizes=\"auto, (max-width: 424px) 100vw, 424px\" \/><\/a><a href=\"https:\/\/wp.ufpel.edu.br\/lamina\/files\/2018\/06\/dsc08976.jpg\"><img loading=\"lazy\" decoding=\"async\" class=\"aligncenter size-medium wp-image-123\" src=\"https:\/\/wp.ufpel.edu.br\/lamina\/files\/2018\/06\/dsc08976-424x318.jpg\" alt=\"\" width=\"424\" height=\"318\" srcset=\"https:\/\/wp.ufpel.edu.br\/lamina\/files\/2018\/06\/dsc08976-424x318.jpg 424w, https:\/\/wp.ufpel.edu.br\/lamina\/files\/2018\/06\/dsc08976-212x159.jpg 212w, https:\/\/wp.ufpel.edu.br\/lamina\/files\/2018\/06\/dsc08976-768x576.jpg 768w, https:\/\/wp.ufpel.edu.br\/lamina\/files\/2018\/06\/dsc08976.jpg 2048w\" sizes=\"auto, (max-width: 424px) 100vw, 424px\" \/><\/a>, alunos do curso de Conserva\u00e7\u00e3o e Restauro participaram, juntamente com discentes dos cursos de Hist\u00f3ria e Arqueologia, de um mini-curso sobre classifica\u00e7\u00e3o de vidros arqueol\u00f3gicos, com o professor Gabino La Rosa Corzo, da Universidade de Havana, em Cuba. Na ocasi\u00e3o, foram tamb\u00e9m analisados alguns materiais v\u00edtreos encontrados no Levantamento Arqueol\u00f3gico da Charqueada do Arroio Santa B\u00e1rbara, Pelotas-RS, promovida pelo Laborat\u00f3rio Multidisciplinar de Investiga\u00e7\u00e3o Arqueol\u00f3gica (L\u00c2MINA), do ICH\/UFPEL.<\/p>\n<\/div>\n","protected":false},"excerpt":{"rendered":"<p>Alunos de Conserva\u00e7\u00e3o e Restauro participam de mini-curso sobre vidros\u00a0arqueol\u00f3gicos. &nbsp; \u00a0\u00a0\u00a0\u00a0 No dia 11 de outubro , alunos do curso de Conserva\u00e7\u00e3o e Restauro participaram, juntamente com discentes dos cursos de Hist\u00f3ria e Arqueologia, de um mini-curso sobre classifica\u00e7\u00e3o &hellip; <a href=\"https:\/\/wp.ufpel.edu.br\/lamina\/2010\/10\/12\/120\/\">Continue lendo <span class=\"meta-nav\">&rarr;<\/span><\/a><\/p>\n","protected":false},"author":524,"featured_media":0,"comment_status":"closed","ping_status":"closed","sticky":false,"template":"","format":"standard","meta":{"footnotes":""},"categories":[1],"tags":[],"class_list":["post-120","post","type-post","status-publish","format-standard","hentry","category-noticias"],"jetpack_featured_media_url":"","_links":{"self":[{"href":"https:\/\/wp.ufpel.edu.br\/lamina\/wp-json\/wp\/v2\/posts\/120","targetHints":{"allow":["GET"]}}],"collection":[{"href":"https:\/\/wp.ufpel.edu.br\/lamina\/wp-json\/wp\/v2\/posts"}],"about":[{"href":"https:\/\/wp.ufpel.edu.br\/lamina\/wp-json\/wp\/v2\/types\/post"}],"author":[{"embeddable":true,"href":"https:\/\/wp.ufpel.edu.br\/lamina\/wp-json\/wp\/v2\/users\/524"}],"replies":[{"embeddable":true,"href":"https:\/\/wp.ufpel.edu.br\/lamina\/wp-json\/wp\/v2\/comments?post=120"}],"version-history":[{"count":3,"href":"https:\/\/wp.ufpel.edu.br\/lamina\/wp-json\/wp\/v2\/posts\/120\/revisions"}],"predecessor-version":[{"id":126,"href":"https:\/\/wp.ufpel.edu.br\/lamina\/wp-json\/wp\/v2\/posts\/120\/revisions\/126"}],"wp:attachment":[{"href":"https:\/\/wp.ufpel.edu.br\/lamina\/wp-json\/wp\/v2\/media?parent=120"}],"wp:term":[{"taxonomy":"category","embeddable":true,"href":"https:\/\/wp.ufpel.edu.br\/lamina\/wp-json\/wp\/v2\/categories?post=120"},{"taxonomy":"post_tag","embeddable":true,"href":"https:\/\/wp.ufpel.edu.br\/lamina\/wp-json\/wp\/v2\/tags?post=120"}],"curies":[{"name":"wp","href":"https:\/\/api.w.org\/{rel}","templated":true}]}}