{"id":534,"date":"2019-11-21T11:38:11","date_gmt":"2019-11-21T14:38:11","guid":{"rendered":"https:\/\/wp.ufpel.edu.br\/lacev\/?p=534"},"modified":"2019-11-21T11:43:04","modified_gmt":"2019-11-21T14:43:04","slug":"lacev-na-rua","status":"publish","type":"post","link":"https:\/\/wp.ufpel.edu.br\/lacev\/2019\/11\/21\/lacev-na-rua\/","title":{"rendered":"LACEV na rua","gt_translate_keys":[{"key":"rendered","format":"text"}]},"content":{"rendered":"<p>Nos dias 13 e 15 de novembro o LACEV participou de duas iniciativas de divulga\u00e7\u00e3o cient\u00edfica para a comunidade, uma no Parque Tecnol\u00f3gico de Pelotas voltada para escolas da rede p\u00fablica (dia 13) e outra na Feira Livro (dia 15), na Pra\u00e7a Pedro Os\u00f3rio, voltada para o p\u00fablico em geral. De forma l\u00fadica, tentamos mostrar \u00e0s pessoas as plantas como seres sencientes, destacando alguns aspectos cognitivos como mem\u00f3ria e aprendizagem, e uma demonstra\u00e7\u00e3o ao vivo de respostas el\u00e9tricas aos est\u00edmulos dados pelo pr\u00f3prio p\u00fablico. \u00c9 o LACEV contribuindo para tornar a ci\u00eancia de dom\u00ednio p\u00fablico e combater a &#8220;cegueira bot\u00e2nica&#8221;\u00a0 mostrando como as plantas est\u00e3o cientes de seu ambiente.<\/p>\n<p><img loading=\"lazy\" decoding=\"async\" class=\"alignnone size-medium wp-image-535\" src=\"https:\/\/wp.ufpel.edu.br\/lacev\/files\/2019\/11\/474876ED-ADD9-459E-8D52-B801BE6A4F29_1_105_c-400x300.jpeg\" alt=\"\" width=\"400\" height=\"300\" srcset=\"https:\/\/wp.ufpel.edu.br\/lacev\/files\/2019\/11\/474876ED-ADD9-459E-8D52-B801BE6A4F29_1_105_c-400x300.jpeg 400w, https:\/\/wp.ufpel.edu.br\/lacev\/files\/2019\/11\/474876ED-ADD9-459E-8D52-B801BE6A4F29_1_105_c-768x576.jpeg 768w, https:\/\/wp.ufpel.edu.br\/lacev\/files\/2019\/11\/474876ED-ADD9-459E-8D52-B801BE6A4F29_1_105_c.jpeg 1024w\" sizes=\"auto, (max-width: 400px) 100vw, 400px\" \/> <img loading=\"lazy\" decoding=\"async\" class=\"alignnone size-medium wp-image-536\" src=\"https:\/\/wp.ufpel.edu.br\/lacev\/files\/2019\/11\/64CD0B2B-8EB9-4F6D-B47E-4DBA1CCD2669_1_105_c-400x225.jpeg\" alt=\"\" width=\"400\" height=\"225\" srcset=\"https:\/\/wp.ufpel.edu.br\/lacev\/files\/2019\/11\/64CD0B2B-8EB9-4F6D-B47E-4DBA1CCD2669_1_105_c-400x225.jpeg 400w, https:\/\/wp.ufpel.edu.br\/lacev\/files\/2019\/11\/64CD0B2B-8EB9-4F6D-B47E-4DBA1CCD2669_1_105_c-768x432.jpeg 768w, https:\/\/wp.ufpel.edu.br\/lacev\/files\/2019\/11\/64CD0B2B-8EB9-4F6D-B47E-4DBA1CCD2669_1_105_c-1024x576.jpeg 1024w, https:\/\/wp.ufpel.edu.br\/lacev\/files\/2019\/11\/64CD0B2B-8EB9-4F6D-B47E-4DBA1CCD2669_1_105_c-533x300.jpeg 533w, https:\/\/wp.ufpel.edu.br\/lacev\/files\/2019\/11\/64CD0B2B-8EB9-4F6D-B47E-4DBA1CCD2669_1_105_c.jpeg 1182w\" sizes=\"auto, (max-width: 400px) 100vw, 400px\" \/> <img loading=\"lazy\" decoding=\"async\" class=\"alignnone size-medium wp-image-537\" src=\"https:\/\/wp.ufpel.edu.br\/lacev\/files\/2019\/11\/BA154E63-D6AB-49DB-B009-97D8DCF0BCCC_1_105_c-400x300.jpeg\" alt=\"\" width=\"400\" height=\"300\" srcset=\"https:\/\/wp.ufpel.edu.br\/lacev\/files\/2019\/11\/BA154E63-D6AB-49DB-B009-97D8DCF0BCCC_1_105_c-400x300.jpeg 400w, https:\/\/wp.ufpel.edu.br\/lacev\/files\/2019\/11\/BA154E63-D6AB-49DB-B009-97D8DCF0BCCC_1_105_c-768x576.jpeg 768w, https:\/\/wp.ufpel.edu.br\/lacev\/files\/2019\/11\/BA154E63-D6AB-49DB-B009-97D8DCF0BCCC_1_105_c.jpeg 1024w\" sizes=\"auto, (max-width: 400px) 100vw, 400px\" \/> <img loading=\"lazy\" decoding=\"async\" class=\"alignnone size-medium wp-image-538\" src=\"https:\/\/wp.ufpel.edu.br\/lacev\/files\/2019\/11\/A9437945-B9B3-4803-BD58-659E07B3E5C9_1_105_c-400x225.jpeg\" alt=\"\" width=\"400\" height=\"225\" srcset=\"https:\/\/wp.ufpel.edu.br\/lacev\/files\/2019\/11\/A9437945-B9B3-4803-BD58-659E07B3E5C9_1_105_c-400x225.jpeg 400w, https:\/\/wp.ufpel.edu.br\/lacev\/files\/2019\/11\/A9437945-B9B3-4803-BD58-659E07B3E5C9_1_105_c-768x432.jpeg 768w, https:\/\/wp.ufpel.edu.br\/lacev\/files\/2019\/11\/A9437945-B9B3-4803-BD58-659E07B3E5C9_1_105_c-1024x576.jpeg 1024w, https:\/\/wp.ufpel.edu.br\/lacev\/files\/2019\/11\/A9437945-B9B3-4803-BD58-659E07B3E5C9_1_105_c-533x300.jpeg 533w, https:\/\/wp.ufpel.edu.br\/lacev\/files\/2019\/11\/A9437945-B9B3-4803-BD58-659E07B3E5C9_1_105_c.jpeg 1182w\" sizes=\"auto, (max-width: 400px) 100vw, 400px\" \/> <img loading=\"lazy\" decoding=\"async\" class=\"alignnone size-medium wp-image-539\" src=\"https:\/\/wp.ufpel.edu.br\/lacev\/files\/2019\/11\/E297EDCD-D9D0-4191-ABE6-AAAB6401B266_1_105_c-400x225.jpeg\" alt=\"\" width=\"400\" height=\"225\" srcset=\"https:\/\/wp.ufpel.edu.br\/lacev\/files\/2019\/11\/E297EDCD-D9D0-4191-ABE6-AAAB6401B266_1_105_c-400x225.jpeg 400w, https:\/\/wp.ufpel.edu.br\/lacev\/files\/2019\/11\/E297EDCD-D9D0-4191-ABE6-AAAB6401B266_1_105_c-768x432.jpeg 768w, https:\/\/wp.ufpel.edu.br\/lacev\/files\/2019\/11\/E297EDCD-D9D0-4191-ABE6-AAAB6401B266_1_105_c-1024x576.jpeg 1024w, https:\/\/wp.ufpel.edu.br\/lacev\/files\/2019\/11\/E297EDCD-D9D0-4191-ABE6-AAAB6401B266_1_105_c-533x300.jpeg 533w, https:\/\/wp.ufpel.edu.br\/lacev\/files\/2019\/11\/E297EDCD-D9D0-4191-ABE6-AAAB6401B266_1_105_c.jpeg 1182w\" sizes=\"auto, (max-width: 400px) 100vw, 400px\" \/> <img loading=\"lazy\" decoding=\"async\" class=\"alignnone size-medium wp-image-540\" src=\"https:\/\/wp.ufpel.edu.br\/lacev\/files\/2019\/11\/FB64AF4F-B05B-4E75-A335-7C12775498FE_1_105_c-400x300.jpeg\" alt=\"\" width=\"400\" height=\"300\" srcset=\"https:\/\/wp.ufpel.edu.br\/lacev\/files\/2019\/11\/FB64AF4F-B05B-4E75-A335-7C12775498FE_1_105_c-400x300.jpeg 400w, https:\/\/wp.ufpel.edu.br\/lacev\/files\/2019\/11\/FB64AF4F-B05B-4E75-A335-7C12775498FE_1_105_c-768x576.jpeg 768w, https:\/\/wp.ufpel.edu.br\/lacev\/files\/2019\/11\/FB64AF4F-B05B-4E75-A335-7C12775498FE_1_105_c.jpeg 1024w\" sizes=\"auto, (max-width: 400px) 100vw, 400px\" \/> <img loading=\"lazy\" decoding=\"async\" class=\"alignnone size-medium wp-image-541\" src=\"https:\/\/wp.ufpel.edu.br\/lacev\/files\/2019\/11\/00B2CE1D-B1A5-4E98-8E6F-BC7257899470_1_105_c-400x225.jpeg\" alt=\"\" width=\"400\" height=\"225\" srcset=\"https:\/\/wp.ufpel.edu.br\/lacev\/files\/2019\/11\/00B2CE1D-B1A5-4E98-8E6F-BC7257899470_1_105_c-400x225.jpeg 400w, https:\/\/wp.ufpel.edu.br\/lacev\/files\/2019\/11\/00B2CE1D-B1A5-4E98-8E6F-BC7257899470_1_105_c-768x432.jpeg 768w, https:\/\/wp.ufpel.edu.br\/lacev\/files\/2019\/11\/00B2CE1D-B1A5-4E98-8E6F-BC7257899470_1_105_c-1024x576.jpeg 1024w, https:\/\/wp.ufpel.edu.br\/lacev\/files\/2019\/11\/00B2CE1D-B1A5-4E98-8E6F-BC7257899470_1_105_c-533x300.jpeg 533w, https:\/\/wp.ufpel.edu.br\/lacev\/files\/2019\/11\/00B2CE1D-B1A5-4E98-8E6F-BC7257899470_1_105_c.jpeg 1182w\" sizes=\"auto, (max-width: 400px) 100vw, 400px\" \/><\/p>\n","protected":false,"gt_translate_keys":[{"key":"rendered","format":"html"}]},"excerpt":{"rendered":"<p>Nos dias 13 e 15 de novembro o LACEV participou de duas iniciativas de divulga\u00e7\u00e3o cient\u00edfica para a comunidade, uma no Parque Tecnol\u00f3gico de Pelotas voltada para escolas da rede p\u00fablica (dia 13) e outra na Feira Livro (dia 15), na Pra\u00e7a Pedro Os\u00f3rio, voltada para o p\u00fablico em geral. De forma l\u00fadica, tentamos mostrar&#8230; <\/p>\n<div class=\"link-more\"><a href=\"https:\/\/wp.ufpel.edu.br\/lacev\/2019\/11\/21\/lacev-na-rua\/\">Leia mais<\/a><\/div>\n","protected":false,"gt_translate_keys":[{"key":"rendered","format":"html"}]},"author":889,"featured_media":539,"comment_status":"closed","ping_status":"closed","sticky":false,"template":"","format":"standard","meta":{"_jetpack_memberships_contains_paid_content":false,"footnotes":""},"categories":[9,1],"tags":[],"class_list":["post-534","post","type-post","status-publish","format-standard","has-post-thumbnail","hentry","category-inicio","category-noticias"],"jetpack_featured_media_url":"https:\/\/wp.ufpel.edu.br\/lacev\/files\/2019\/11\/E297EDCD-D9D0-4191-ABE6-AAAB6401B266_1_105_c.jpeg","jetpack_sharing_enabled":true,"gt_translate_keys":[{"key":"link","format":"url"}],"_links":{"self":[{"href":"https:\/\/wp.ufpel.edu.br\/lacev\/wp-json\/wp\/v2\/posts\/534","targetHints":{"allow":["GET"]}}],"collection":[{"href":"https:\/\/wp.ufpel.edu.br\/lacev\/wp-json\/wp\/v2\/posts"}],"about":[{"href":"https:\/\/wp.ufpel.edu.br\/lacev\/wp-json\/wp\/v2\/types\/post"}],"author":[{"embeddable":true,"href":"https:\/\/wp.ufpel.edu.br\/lacev\/wp-json\/wp\/v2\/users\/889"}],"replies":[{"embeddable":true,"href":"https:\/\/wp.ufpel.edu.br\/lacev\/wp-json\/wp\/v2\/comments?post=534"}],"version-history":[{"count":1,"href":"https:\/\/wp.ufpel.edu.br\/lacev\/wp-json\/wp\/v2\/posts\/534\/revisions"}],"predecessor-version":[{"id":542,"href":"https:\/\/wp.ufpel.edu.br\/lacev\/wp-json\/wp\/v2\/posts\/534\/revisions\/542"}],"wp:featuredmedia":[{"embeddable":true,"href":"https:\/\/wp.ufpel.edu.br\/lacev\/wp-json\/wp\/v2\/media\/539"}],"wp:attachment":[{"href":"https:\/\/wp.ufpel.edu.br\/lacev\/wp-json\/wp\/v2\/media?parent=534"}],"wp:term":[{"taxonomy":"category","embeddable":true,"href":"https:\/\/wp.ufpel.edu.br\/lacev\/wp-json\/wp\/v2\/categories?post=534"},{"taxonomy":"post_tag","embeddable":true,"href":"https:\/\/wp.ufpel.edu.br\/lacev\/wp-json\/wp\/v2\/tags?post=534"}],"curies":[{"name":"wp","href":"https:\/\/api.w.org\/{rel}","templated":true}]}}