{"id":422,"date":"2019-06-25T16:11:59","date_gmt":"2019-06-25T19:11:59","guid":{"rendered":"https:\/\/wp.ufpel.edu.br\/lacev\/?p=422"},"modified":"2019-06-25T16:14:34","modified_gmt":"2019-06-25T19:14:34","slug":"xvii-cbfv","status":"publish","type":"post","link":"https:\/\/wp.ufpel.edu.br\/lacev\/2019\/06\/25\/xvii-cbfv\/","title":{"rendered":"XVII CONGRESSO BRASILEIRO DE FISIOLOGIA VEGETAL","gt_translate_keys":[{"key":"rendered","format":"text"}]},"content":{"rendered":"<p><span style=\"font-weight: 400\">Entre os dias 9 \u00e0 12 de junho (2019) aconteceu o <a href=\"https:\/\/www.cbfv2019.com\/\">XVII CONGRESSO BRASILEIRO DE FISIOLOGIA VEGETAL<\/a> em Cuiab\u00e1-MT, \u00a0com o tema &#8221; Desafios para a Fisiologia vegetal: Produ\u00e7\u00e3o de alimentos e sustentabilidade&#8221;.<\/span><\/p>\n<p><span style=\"font-weight: 400\">Foram dias de muita conversa e debate enriquecedores para os fisiologistas e entusiastas que l\u00e1 estavam. O congresso teve in\u00edcio com a palestra de abertura ministrada pelo Dr, Armando Urenha e o segundo dia a primeira plen\u00e1ria foi do Dr. Alexandre Lima Nepomuceno e logo ap\u00f3s o <a href=\"https:\/\/wp.ufpel.edu.br\/lacev\/pessoas\/gustavo-maia-souza\/\">Prof. Gustavo Maia Souza<\/a>, l\u00edder do grupo <strong>LACEV,<\/strong> deu in\u00edcio a uma discuss\u00e3o na mesa redonda sob o tema: \u201c Fisiologista Vegetal no Brasil: uma esp\u00e9cie em extin\u00e7\u00e3o? Os caminhos da Fisiologia Vegetal: passado, presente e futuro\u201d. <\/span><span style=\"font-weight: 400\">Nesta mesa redonda participaram como debatedores o Prof. Joaquim Alben\u00edsio Gomes da Silveira &#8211; Universidade Federal do Cear\u00e1\/ Depto. de Bioqu\u00edmica e Biologia Molecular, \u00a0Prof. Arnoldo Rocha Fa\u00e7anha &#8211; Universidade Estadual do Norte Fluminense\/ Centro de Bioci\u00eancia e Biotecnologia e Prof. Danilo de Menezes Daloso &#8211; Universidade Federal do Cear\u00e1\/ Depto. de Bioqu\u00edmica e Biologia Molecular.<\/span><\/p>\n<p><span style=\"font-weight: 400\">O Grupo <strong>LACEV<\/strong> ainda esteve presente com duas apresenta\u00e7\u00f5es orais com os alunos de Doutorado <a href=\"https:\/\/wp.ufpel.edu.br\/lacev\/pessoas\/francine-zaiosc-simmi\/\">Francine Zaiosc Simmi<\/a> e <a href=\"https:\/\/wp.ufpel.edu.br\/lacev\/pessoas\/gabriel-ricardo-aguilera-de-toledo\/\">Gabriel Ricardo Aguilera de Toledo<\/a>, al\u00e9m de ter o aluno de mestrado <a href=\"https:\/\/wp.ufpel.edu.br\/lacev\/pessoas\/andre-geremia-parise\/\">Andr\u00e9 Geremia Parise<\/a> agraciado como o melhor p\u00f4ster de sua \u00e1rea. \u00a0\u00a0<\/span><\/p>\n<p><span style=\"font-weight: 400\">O CBFV2019 trouxe muita conversa e discuss\u00e3o sobre os desafios que a fisiologia passa neste momento em preparo para o futuro. O grupo <strong>LACEV<\/strong> agradece a organiza\u00e7\u00e3o e a sociedade brasileira de fisiologia \u00a0por proporcionar este maravilhoso encontro e esperamos reencontrar todos no CBFV2021, aqui na nossa regi\u00e3o, Porto Alegre. <\/span><\/p>\n<p><img loading=\"lazy\" decoding=\"async\" class=\"alignnone size-medium wp-image-428\" src=\"https:\/\/wp.ufpel.edu.br\/lacev\/files\/2019\/06\/Logo-Fisiologia-Vegetal-png_logo.png\" alt=\"\" width=\"1\" height=\"1\" \/><\/p>\n<p>&nbsp;<\/p>\n<p>&nbsp;<\/p>\n<div id='gallery-1' class='gallery galleryid-422 gallery-columns-2 gallery-size-sow-carousel-default'><figure class='gallery-item'>\n\t\t\t<div class='gallery-icon portrait'>\n\t\t\t\t<a href='https:\/\/wp.ufpel.edu.br\/lacev\/2019\/06\/25\/xvii-cbfv\/fireshot-capture-009-galeria-de-fotos-cbfv2019-www-cbfv2019-com\/'><img loading=\"lazy\" decoding=\"async\" width=\"272\" height=\"182\" src=\"https:\/\/wp.ufpel.edu.br\/lacev\/files\/2019\/06\/FireShot-Capture-009-GALERIA-DE-FOTOS-CBFV2019-www.cbfv2019.com_-e1561139954183-272x182.png\" class=\"attachment-sow-carousel-default size-sow-carousel-default\" alt=\"\" \/><\/a>\n\t\t\t<\/div><\/figure><figure class='gallery-item'>\n\t\t\t<div class='gallery-icon landscape'>\n\t\t\t\t<a href='https:\/\/wp.ufpel.edu.br\/lacev\/2019\/06\/25\/xvii-cbfv\/ee57fb24-158e-4143-9494-8b2462063640\/'><img loading=\"lazy\" decoding=\"async\" width=\"272\" height=\"182\" src=\"https:\/\/wp.ufpel.edu.br\/lacev\/files\/2019\/06\/ee57fb24-158e-4143-9494-8b2462063640-272x182.jpeg\" class=\"attachment-sow-carousel-default size-sow-carousel-default\" alt=\"\" srcset=\"https:\/\/wp.ufpel.edu.br\/lacev\/files\/2019\/06\/ee57fb24-158e-4143-9494-8b2462063640-272x182.jpeg 272w, https:\/\/wp.ufpel.edu.br\/lacev\/files\/2019\/06\/ee57fb24-158e-4143-9494-8b2462063640-960x640.jpeg 960w\" sizes=\"auto, (max-width: 272px) 100vw, 272px\" \/><\/a>\n\t\t\t<\/div><\/figure><figure class='gallery-item'>\n\t\t\t<div class='gallery-icon landscape'>\n\t\t\t\t<a href='https:\/\/wp.ufpel.edu.br\/lacev\/2019\/06\/25\/xvii-cbfv\/dd825fcf-ae5a-440d-ac93-0c138d1a8a12\/'><img loading=\"lazy\" decoding=\"async\" width=\"272\" height=\"182\" src=\"https:\/\/wp.ufpel.edu.br\/lacev\/files\/2019\/06\/dd825fcf-ae5a-440d-ac93-0c138d1a8a12-272x182.jpeg\" class=\"attachment-sow-carousel-default size-sow-carousel-default\" alt=\"\" srcset=\"https:\/\/wp.ufpel.edu.br\/lacev\/files\/2019\/06\/dd825fcf-ae5a-440d-ac93-0c138d1a8a12-272x182.jpeg 272w, https:\/\/wp.ufpel.edu.br\/lacev\/files\/2019\/06\/dd825fcf-ae5a-440d-ac93-0c138d1a8a12-960x640.jpeg 960w\" sizes=\"auto, (max-width: 272px) 100vw, 272px\" \/><\/a>\n\t\t\t<\/div><\/figure><figure class='gallery-item'>\n\t\t\t<div class='gallery-icon landscape'>\n\t\t\t\t<a href='https:\/\/wp.ufpel.edu.br\/lacev\/2019\/06\/25\/xvii-cbfv\/ce5248aa-34b5-4788-9530-e090087c6eb0\/'><img loading=\"lazy\" decoding=\"async\" width=\"272\" height=\"182\" src=\"https:\/\/wp.ufpel.edu.br\/lacev\/files\/2019\/06\/ce5248aa-34b5-4788-9530-e090087c6eb0-272x182.jpeg\" class=\"attachment-sow-carousel-default size-sow-carousel-default\" alt=\"\" srcset=\"https:\/\/wp.ufpel.edu.br\/lacev\/files\/2019\/06\/ce5248aa-34b5-4788-9530-e090087c6eb0-272x182.jpeg 272w, https:\/\/wp.ufpel.edu.br\/lacev\/files\/2019\/06\/ce5248aa-34b5-4788-9530-e090087c6eb0-960x640.jpeg 960w\" sizes=\"auto, (max-width: 272px) 100vw, 272px\" \/><\/a>\n\t\t\t<\/div><\/figure><figure class='gallery-item'>\n\t\t\t<div class='gallery-icon landscape'>\n\t\t\t\t<a href='https:\/\/wp.ufpel.edu.br\/lacev\/2019\/06\/25\/xvii-cbfv\/6740e4b3-d2a2-4844-a44b-282d5741f330\/'><img loading=\"lazy\" decoding=\"async\" width=\"272\" height=\"182\" src=\"https:\/\/wp.ufpel.edu.br\/lacev\/files\/2019\/06\/6740e4b3-d2a2-4844-a44b-282d5741f330-272x182.jpeg\" class=\"attachment-sow-carousel-default size-sow-carousel-default\" alt=\"\" srcset=\"https:\/\/wp.ufpel.edu.br\/lacev\/files\/2019\/06\/6740e4b3-d2a2-4844-a44b-282d5741f330-272x182.jpeg 272w, https:\/\/wp.ufpel.edu.br\/lacev\/files\/2019\/06\/6740e4b3-d2a2-4844-a44b-282d5741f330-960x640.jpeg 960w\" sizes=\"auto, (max-width: 272px) 100vw, 272px\" \/><\/a>\n\t\t\t<\/div><\/figure>\n\t\t<\/div>\n\n","protected":false,"gt_translate_keys":[{"key":"rendered","format":"html"}]},"excerpt":{"rendered":"<p>Entre os dias 9 \u00e0 12 de junho (2019) aconteceu o XVII CONGRESSO BRASILEIRO DE FISIOLOGIA VEGETAL em Cuiab\u00e1-MT, \u00a0com o tema &#8221; Desafios para a Fisiologia vegetal: Produ\u00e7\u00e3o de alimentos e sustentabilidade&#8221;. Foram dias de muita conversa e debate enriquecedores para os fisiologistas e entusiastas que l\u00e1 estavam. O congresso teve in\u00edcio com a&#8230; <\/p>\n<div class=\"link-more\"><a href=\"https:\/\/wp.ufpel.edu.br\/lacev\/2019\/06\/25\/xvii-cbfv\/\">Leia mais<\/a><\/div>\n","protected":false,"gt_translate_keys":[{"key":"rendered","format":"html"}]},"author":889,"featured_media":0,"comment_status":"closed","ping_status":"closed","sticky":false,"template":"","format":"standard","meta":{"_jetpack_memberships_contains_paid_content":false,"footnotes":""},"categories":[1],"tags":[24],"class_list":["post-422","post","type-post","status-publish","format-standard","hentry","category-noticias","tag-cbfv"],"jetpack_featured_media_url":"","jetpack_sharing_enabled":true,"gt_translate_keys":[{"key":"link","format":"url"}],"_links":{"self":[{"href":"https:\/\/wp.ufpel.edu.br\/lacev\/wp-json\/wp\/v2\/posts\/422","targetHints":{"allow":["GET"]}}],"collection":[{"href":"https:\/\/wp.ufpel.edu.br\/lacev\/wp-json\/wp\/v2\/posts"}],"about":[{"href":"https:\/\/wp.ufpel.edu.br\/lacev\/wp-json\/wp\/v2\/types\/post"}],"author":[{"embeddable":true,"href":"https:\/\/wp.ufpel.edu.br\/lacev\/wp-json\/wp\/v2\/users\/889"}],"replies":[{"embeddable":true,"href":"https:\/\/wp.ufpel.edu.br\/lacev\/wp-json\/wp\/v2\/comments?post=422"}],"version-history":[{"count":6,"href":"https:\/\/wp.ufpel.edu.br\/lacev\/wp-json\/wp\/v2\/posts\/422\/revisions"}],"predecessor-version":[{"id":439,"href":"https:\/\/wp.ufpel.edu.br\/lacev\/wp-json\/wp\/v2\/posts\/422\/revisions\/439"}],"wp:attachment":[{"href":"https:\/\/wp.ufpel.edu.br\/lacev\/wp-json\/wp\/v2\/media?parent=422"}],"wp:term":[{"taxonomy":"category","embeddable":true,"href":"https:\/\/wp.ufpel.edu.br\/lacev\/wp-json\/wp\/v2\/categories?post=422"},{"taxonomy":"post_tag","embeddable":true,"href":"https:\/\/wp.ufpel.edu.br\/lacev\/wp-json\/wp\/v2\/tags?post=422"}],"curies":[{"name":"wp","href":"https:\/\/api.w.org\/{rel}","templated":true}]}}