{"id":870,"date":"2014-10-31T01:41:07","date_gmt":"2014-10-31T03:41:07","guid":{"rendered":"https:\/\/wp.ufpel.edu.br\/labserg\/?p=870"},"modified":"2016-03-02T16:10:07","modified_gmt":"2016-03-02T19:10:07","slug":"trt-rs-e-labserg-ufpel-promovem-em-pelotas-seminario-sobre-a-saude-do-trabalhador-rural","status":"publish","type":"post","link":"https:\/\/wp.ufpel.edu.br\/labserg\/trt-rs-e-labserg-ufpel-promovem-em-pelotas-seminario-sobre-a-saude-do-trabalhador-rural\/","title":{"rendered":"TRT-RS e Labserg-UFPel promovem, em Pelotas, semin\u00e1rio sobre a sa\u00fade do trabalhador rural"},"content":{"rendered":"<div class=\"bodytext_justify\">Acontecer\u00e1 no pr\u00f3ximo dia 21 de Novembro o <strong>1\u00ba Semin\u00e1rio Estadual para Promo\u00e7\u00e3o da Sa\u00fade e Seguran\u00e7a do Trabalhado<\/strong>, o qual ter\u00e1 como tema <strong>os desafios no trabalho rural<\/strong>. Este evento nasce de uma iniciativa conjunta do LABSERG (Laborat\u00f3rio de Seguran\u00e7a e Ergonomia), da Universidade Federal de Pelotas e no \u00e2mbito do <a href=\"http:\/\/www.tst.jus.br\/web\/trabalhoseguro\/inicio\" target=\"_blank\">Programa Trabalho Seguro &#8211; Programa Nacional de Preven\u00e7\u00e3o de Acidentes de Trabalho<\/a>. O referido programa consiste em uma iniciativa do Tribunal Superior do Trabalho e do Conselho Superior da Justi\u00e7a do Trabalho, o qual visa \u00e0 formula\u00e7\u00e3o e execu\u00e7\u00e3o de projetos e a\u00e7\u00f5es nacionais voltados \u00e0 preven\u00e7\u00e3o de acidentes de trabalho e ao fortalecimento da Pol\u00edtica Nacional de Seguran\u00e7a e Sa\u00fade no Trabalho.<\/div>\n<div class=\"bodytext_justify\">N\u00e3o perca a oportunidade de discutir e participar da constru\u00e7\u00e3o de caminhos para a promo\u00e7\u00e3o da melhoria nas condi\u00e7\u00f5es de Sa\u00fade e Seguran\u00e7a no Trabalho para o trabalhador rural.<\/div>\n<div class=\"bodytext_justify\">O evento \u00e9 <strong>GRATUITO<\/strong> e as vagas s\u00e3o limitadas.<\/div>\n<div class=\"bodytext_justify\">Confira todos os detalhes aqui mesmo no menu superior do site, em <a href=\"https:\/\/wp.ufpel.edu.br\/labserg\/i_sepsst\/\" title=\"1\u00ba SEPSST\">1\u00ba SEPSST<\/a>.<\/div>\n<div class=\"bodytext_justify\">Clique na figura abaixo para conferir o cartaz do evento.<\/div>\n<div class=\"bodytext_center\"><a href=\"https:\/\/wp.ufpel.edu.br\/labserg\/files\/2014\/10\/i_sepsst_cartaz_completo.jpg\"><img loading=\"lazy\" decoding=\"async\" data-attachment-id=\"871\" data-permalink=\"https:\/\/wp.ufpel.edu.br\/labserg\/trt-rs-e-labserg-ufpel-promovem-em-pelotas-seminario-sobre-a-saude-do-trabalhador-rural\/i_sepsst_cartaz_completo\/\" data-orig-file=\"https:\/\/wp.ufpel.edu.br\/labserg\/files\/2014\/10\/i_sepsst_cartaz_completo.jpg\" data-orig-size=\"1985,1372\" data-comments-opened=\"0\" data-image-meta=\"{&quot;aperture&quot;:&quot;0&quot;,&quot;credit&quot;:&quot;Camila Dotto&quot;,&quot;camera&quot;:&quot;&quot;,&quot;caption&quot;:&quot;&quot;,&quot;created_timestamp&quot;:&quot;1414078952&quot;,&quot;copyright&quot;:&quot;&quot;,&quot;focal_length&quot;:&quot;0&quot;,&quot;iso&quot;:&quot;0&quot;,&quot;shutter_speed&quot;:&quot;0&quot;,&quot;title&quot;:&quot;&quot;}\" data-image-title=\"i_sepsst_cartaz_completo\" data-image-description=\"\" data-image-caption=\"\" data-medium-file=\"https:\/\/wp.ufpel.edu.br\/labserg\/files\/2014\/10\/i_sepsst_cartaz_completo-300x207.jpg\" data-large-file=\"https:\/\/wp.ufpel.edu.br\/labserg\/files\/2014\/10\/i_sepsst_cartaz_completo-1024x707.jpg\" src=\"https:\/\/wp.ufpel.edu.br\/labserg\/files\/2014\/10\/i_sepsst_cartaz_completo-1024x707.jpg\" alt=\"i_sepsst_cartaz_completo\" width=\"645\" height=\"445\" class=\"aligncenter size-large wp-image-871\" srcset=\"https:\/\/wp.ufpel.edu.br\/labserg\/files\/2014\/10\/i_sepsst_cartaz_completo-1024x707.jpg 1024w, https:\/\/wp.ufpel.edu.br\/labserg\/files\/2014\/10\/i_sepsst_cartaz_completo-300x207.jpg 300w, https:\/\/wp.ufpel.edu.br\/labserg\/files\/2014\/10\/i_sepsst_cartaz_completo.jpg 1985w\" sizes=\"auto, (max-width: 645px) 100vw, 645px\" \/><\/a><\/div>\n","protected":false},"excerpt":{"rendered":"<p>Acontecer\u00e1 no pr\u00f3ximo dia 21 de Novembro o 1\u00ba Semin\u00e1rio Estadual para Promo\u00e7\u00e3o da Sa\u00fade e Seguran\u00e7a do Trabalhado, o qual ter\u00e1 como tema os desafios no trabalho rural. Este evento nasce de uma iniciativa conjunta do LABSERG (Laborat\u00f3rio de Seguran\u00e7a e Ergonomia), da Universidade Federal de Pelotas e no \u00e2mbito do Programa Trabalho Seguro &hellip; <\/p>\n<p><a class=\"more-link btn\" href=\"https:\/\/wp.ufpel.edu.br\/labserg\/trt-rs-e-labserg-ufpel-promovem-em-pelotas-seminario-sobre-a-saude-do-trabalhador-rural\/\">Continue lendo<\/a><\/p>\n","protected":false},"author":275,"featured_media":881,"comment_status":"closed","ping_status":"closed","sticky":false,"template":"","format":"standard","meta":{"jetpack_post_was_ever_published":false,"_jetpack_newsletter_access":"","_jetpack_dont_email_post_to_subs":false,"_jetpack_newsletter_tier_id":0,"_jetpack_memberships_contains_paywalled_content":false,"_jetpack_memberships_contains_paid_content":false,"footnotes":"","jetpack_publicize_message":"","jetpack_publicize_feature_enabled":true,"jetpack_social_post_already_shared":true,"jetpack_social_options":{"image_generator_settings":{"template":"highway","default_image_id":0,"font":"","enabled":false},"version":2}},"categories":[9259,33376,44080,86394],"tags":[],"class_list":["post-870","post","type-post","status-publish","format-standard","has-post-thumbnail","hentry","category-eventos","category-extensao","category-oportunidade","category-sepsst","nodate","item-wrap"],"jetpack_publicize_connections":[],"jetpack_featured_media_url":"https:\/\/wp.ufpel.edu.br\/labserg\/files\/2014\/10\/i_sepsst_cartaz_pag_1.jpg","jetpack_sharing_enabled":true,"jetpack_shortlink":"https:\/\/wp.me\/p3ZG28-e2","_links":{"self":[{"href":"https:\/\/wp.ufpel.edu.br\/labserg\/wp-json\/wp\/v2\/posts\/870","targetHints":{"allow":["GET"]}}],"collection":[{"href":"https:\/\/wp.ufpel.edu.br\/labserg\/wp-json\/wp\/v2\/posts"}],"about":[{"href":"https:\/\/wp.ufpel.edu.br\/labserg\/wp-json\/wp\/v2\/types\/post"}],"author":[{"embeddable":true,"href":"https:\/\/wp.ufpel.edu.br\/labserg\/wp-json\/wp\/v2\/users\/275"}],"replies":[{"embeddable":true,"href":"https:\/\/wp.ufpel.edu.br\/labserg\/wp-json\/wp\/v2\/comments?post=870"}],"version-history":[{"count":9,"href":"https:\/\/wp.ufpel.edu.br\/labserg\/wp-json\/wp\/v2\/posts\/870\/revisions"}],"predecessor-version":[{"id":880,"href":"https:\/\/wp.ufpel.edu.br\/labserg\/wp-json\/wp\/v2\/posts\/870\/revisions\/880"}],"wp:featuredmedia":[{"embeddable":true,"href":"https:\/\/wp.ufpel.edu.br\/labserg\/wp-json\/wp\/v2\/media\/881"}],"wp:attachment":[{"href":"https:\/\/wp.ufpel.edu.br\/labserg\/wp-json\/wp\/v2\/media?parent=870"}],"wp:term":[{"taxonomy":"category","embeddable":true,"href":"https:\/\/wp.ufpel.edu.br\/labserg\/wp-json\/wp\/v2\/categories?post=870"},{"taxonomy":"post_tag","embeddable":true,"href":"https:\/\/wp.ufpel.edu.br\/labserg\/wp-json\/wp\/v2\/tags?post=870"}],"curies":[{"name":"wp","href":"https:\/\/api.w.org\/{rel}","templated":true}]}}