{"id":6237,"date":"2025-11-13T22:52:17","date_gmt":"2025-11-14T01:52:17","guid":{"rendered":"https:\/\/wp.ufpel.edu.br\/labserg\/?p=6237"},"modified":"2025-11-13T22:52:17","modified_gmt":"2025-11-14T01:52:17","slug":"professoras-do-numesa-presentes-no-abergo-ulaergo-fortaleza-ce-bra","status":"publish","type":"post","link":"https:\/\/wp.ufpel.edu.br\/labserg\/professoras-do-numesa-presentes-no-abergo-ulaergo-fortaleza-ce-bra\/","title":{"rendered":"Professoras do NUMESA presentes no ABERGO\/ULAERGO &#8211; Fortaleza-CE\/BRA"},"content":{"rendered":"<div class=\"bodytext_justify\">As Professoras <a href=\"http:\/\/lattes.cnpq.br\/3077011108422970\" rel=\"noopener noreferrer\" target=\"_blank\"><strong>Isabela Fernandes Andrade<\/strong><\/a> e <a href=\"http:\/\/lattes.cnpq.br\/2408215374283146\" rel=\"noopener noreferrer\" target=\"_blank\"><strong>Lizandra Garcia Lupi Vergara<\/strong><\/a> estiveram presentes no <a href=\"https:\/\/www.even3.com.br\/abergo2025\/\" rel=\"noopener noreferrer\" target=\"_blank\">XXV Congresso Brasileiro de Ergonomia e Fatores Humanos<\/a> e <a href=\"https:\/\/www.even3.com.br\/abergo2025\/\" rel=\"noopener noreferrer\" target=\"_blank\">IX Congreso Internacional de Ergonom\u00eda y Factores Humanos<\/a> e <a href=\"https:\/\/www.even3.com.br\/abergo2025\/\" rel=\"noopener noreferrer\" target=\"_blank\">Encontro Rede BRICS Plus de Ergonomia e Fatores Humanos<\/a>, que ocorreu entre os dias 04 e 07 de novembro, em Fortaleza\/CE.<\/div>\n<div class=\"bodytext_center\"><a href=\"https:\/\/photos.app.goo.gl\/WX7H1SczbyX5EDs16\" rel=\"noopener noreferrer\" target=\"_blank\"><img loading=\"lazy\" decoding=\"async\" data-attachment-id=\"6244\" data-permalink=\"https:\/\/wp.ufpel.edu.br\/labserg\/professoras-do-numesa-presentes-no-abergo-ulaergo-fortaleza-ce-bra\/251107_abergo_ulaergo_2025_010\/\" data-orig-file=\"https:\/\/wp.ufpel.edu.br\/labserg\/files\/2025\/11\/251107_abergo_ulaergo_2025_010-scaled.jpg\" data-orig-size=\"1920,2560\" data-comments-opened=\"0\" data-image-meta=\"{&quot;aperture&quot;:&quot;0&quot;,&quot;credit&quot;:&quot;&quot;,&quot;camera&quot;:&quot;&quot;,&quot;caption&quot;:&quot;&quot;,&quot;created_timestamp&quot;:&quot;0&quot;,&quot;copyright&quot;:&quot;&quot;,&quot;focal_length&quot;:&quot;0&quot;,&quot;iso&quot;:&quot;0&quot;,&quot;shutter_speed&quot;:&quot;0&quot;,&quot;title&quot;:&quot;&quot;,&quot;orientation&quot;:&quot;0&quot;}\" data-image-title=\"251107_abergo_ulaergo_2025_010\" data-image-description=\"\" data-image-caption=\"\" data-medium-file=\"https:\/\/wp.ufpel.edu.br\/labserg\/files\/2025\/11\/251107_abergo_ulaergo_2025_010-300x400.jpg\" data-large-file=\"https:\/\/wp.ufpel.edu.br\/labserg\/files\/2025\/11\/251107_abergo_ulaergo_2025_010-768x1024.jpg\" src=\"https:\/\/wp.ufpel.edu.br\/labserg\/files\/2025\/11\/251107_abergo_ulaergo_2025_010-300x400.jpg\" alt=\"\" width=\"300\" height=\"400\" class=\"aligncenter size-medium wp-image-6244\" srcset=\"https:\/\/wp.ufpel.edu.br\/labserg\/files\/2025\/11\/251107_abergo_ulaergo_2025_010-300x400.jpg 300w, https:\/\/wp.ufpel.edu.br\/labserg\/files\/2025\/11\/251107_abergo_ulaergo_2025_010-768x1024.jpg 768w, https:\/\/wp.ufpel.edu.br\/labserg\/files\/2025\/11\/251107_abergo_ulaergo_2025_010-1152x1536.jpg 1152w, https:\/\/wp.ufpel.edu.br\/labserg\/files\/2025\/11\/251107_abergo_ulaergo_2025_010-1536x2048.jpg 1536w, https:\/\/wp.ufpel.edu.br\/labserg\/files\/2025\/11\/251107_abergo_ulaergo_2025_010-637x849.jpg 637w, https:\/\/wp.ufpel.edu.br\/labserg\/files\/2025\/11\/251107_abergo_ulaergo_2025_010-scaled.jpg 1920w\" sizes=\"auto, (max-width: 300px) 100vw, 300px\" \/><\/a><\/div>\n<div class=\"bodytext_justify\">O evento, com mais de 1.200 inscritos, reuniu estudantes, pesquisadores e profissionais com o objetivo de promover um espa\u00e7o de intera\u00e7\u00e3o e discuss\u00e3o entre todos os interessados em Ergonomia para o desenvolvimento da \u00e1rea.<\/div>\n<div class=\"bodytext_justify\">Al\u00e9m disso, possibilitou o (re)encontro com colegas e amigos que participam ativamente do Comit\u00ea T\u00e9cnico de Ergonomia em Ambiente Constru\u00eddo e Acessibilidade (CTACA) da ABERGO.<\/div>\n<div class=\"bodytext_justify\">Por fim, foi poss\u00edvel visitar a CASACOR Cear\u00e1, que neste ano possibilitou experi\u00eancias que conectam bioarquitetura, sustentabilidade e afeto sob o tema \u201cSemear Sonhos\u201d.<\/div>\n<div class=\"bodytext_center\"><a href=\"https:\/\/photos.app.goo.gl\/WX7H1SczbyX5EDs16\" rel=\"noopener noreferrer\" target=\"_blank\"><img loading=\"lazy\" decoding=\"async\" data-attachment-id=\"6246\" data-permalink=\"https:\/\/wp.ufpel.edu.br\/labserg\/professoras-do-numesa-presentes-no-abergo-ulaergo-fortaleza-ce-bra\/img-20251113-wa0051\/\" data-orig-file=\"https:\/\/wp.ufpel.edu.br\/labserg\/files\/2025\/11\/IMG-20251113-WA0051-scaled.jpg\" data-orig-size=\"2560,1920\" data-comments-opened=\"0\" data-image-meta=\"{&quot;aperture&quot;:&quot;0&quot;,&quot;credit&quot;:&quot;&quot;,&quot;camera&quot;:&quot;&quot;,&quot;caption&quot;:&quot;&quot;,&quot;created_timestamp&quot;:&quot;0&quot;,&quot;copyright&quot;:&quot;&quot;,&quot;focal_length&quot;:&quot;0&quot;,&quot;iso&quot;:&quot;0&quot;,&quot;shutter_speed&quot;:&quot;0&quot;,&quot;title&quot;:&quot;&quot;,&quot;orientation&quot;:&quot;0&quot;}\" data-image-title=\"IMG-20251113-WA0051\" data-image-description=\"\" data-image-caption=\"\" data-medium-file=\"https:\/\/wp.ufpel.edu.br\/labserg\/files\/2025\/11\/IMG-20251113-WA0051-400x300.jpg\" data-large-file=\"https:\/\/wp.ufpel.edu.br\/labserg\/files\/2025\/11\/IMG-20251113-WA0051-1024x768.jpg\" src=\"https:\/\/wp.ufpel.edu.br\/labserg\/files\/2025\/11\/IMG-20251113-WA0051-400x300.jpg\" alt=\"\" width=\"400\" height=\"300\" class=\"aligncenter size-medium wp-image-6246\" srcset=\"https:\/\/wp.ufpel.edu.br\/labserg\/files\/2025\/11\/IMG-20251113-WA0051-400x300.jpg 400w, https:\/\/wp.ufpel.edu.br\/labserg\/files\/2025\/11\/IMG-20251113-WA0051-1024x768.jpg 1024w, https:\/\/wp.ufpel.edu.br\/labserg\/files\/2025\/11\/IMG-20251113-WA0051-768x576.jpg 768w, https:\/\/wp.ufpel.edu.br\/labserg\/files\/2025\/11\/IMG-20251113-WA0051-1536x1152.jpg 1536w, https:\/\/wp.ufpel.edu.br\/labserg\/files\/2025\/11\/IMG-20251113-WA0051-2048x1536.jpg 2048w, https:\/\/wp.ufpel.edu.br\/labserg\/files\/2025\/11\/IMG-20251113-WA0051-637x478.jpg 637w\" sizes=\"auto, (max-width: 400px) 100vw, 400px\" \/><\/a><\/div>\n<div class=\"bodytext_justify\">Segue abaixo as refer\u00eancias dos trabalhos submetidos no evento. Para acessar o \u00e1lbum com mais registros fotogr\u00e1ficos da participa\u00e7\u00e3o no evento basta clicar nas imagens dessa postagem.<\/div>\n<div class=\"bodytext_justify\">ANDRADE, I.F.; AIRES, A.P.; LOUREN\u00c7O, N.P.; CUNHA, E.G.; TISSOT, J.T.; FRANZ, L.A.S. <strong>AVALIA\u00c7\u00c3O DAS CONDI\u00c7\u00d5ES DE ACESSIBILIDADE ESPACIAL AO PARQUE HIST\u00d3RICO NACIONAL DAS MISS\u00d5ES<\/strong>. Anais do XXV Congresso Brasileiro de Ergonomia e Fatores Humanos e IX Congresso Internacional de Ergonom\u00eda y Factores Humanos \u2013 ABERGO|ULAERGO 2025, 2025.<\/div>\n<div class=\"bodytext_justify\">SILVA, L.Z.; FRANZ, L.A.S.; BEMVENUTI, R.H.; TISSOT, J.T.; ANDRADE, I.F.; MOURA, D.S. <strong>ENTRE AS POL\u00cdTICAS E AS PR\u00c1TICAS: ACESSIBILIDADE ESCOLAR NA LITERATURA CIENT\u00cdFICA<\/strong>. Anais do XXV Congresso Brasileiro de Ergonomia e Fatores Humanos e IX Congresso Internacional de Ergonom\u00eda y Factores Humanos \u2013 ABERGO|ULAERGO 2025, 2025.<\/div>\n","protected":false},"excerpt":{"rendered":"<p>As Professoras Isabela Fernandes Andrade e Lizandra Garcia Lupi Vergara estiveram presentes no XXV Congresso Brasileiro de Ergonomia e Fatores Humanos e IX Congreso Internacional de Ergonom\u00eda y Factores Humanos e Encontro Rede BRICS Plus de Ergonomia e Fatores Humanos, que ocorreu entre os dias 04 e 07 de novembro, em Fortaleza\/CE. O evento, com &hellip; <\/p>\n<p><a class=\"more-link btn\" href=\"https:\/\/wp.ufpel.edu.br\/labserg\/professoras-do-numesa-presentes-no-abergo-ulaergo-fortaleza-ce-bra\/\">Continue lendo<\/a><\/p>\n","protected":false},"author":275,"featured_media":6244,"comment_status":"closed","ping_status":"closed","sticky":false,"template":"","format":"standard","meta":{"jetpack_post_was_ever_published":false,"_jetpack_newsletter_access":"","_jetpack_dont_email_post_to_subs":false,"_jetpack_newsletter_tier_id":0,"_jetpack_memberships_contains_paywalled_content":false,"_jetpack_memberships_contains_paid_content":false,"footnotes":"","jetpack_publicize_message":"","jetpack_publicize_feature_enabled":true,"jetpack_social_post_already_shared":true,"jetpack_social_options":{"image_generator_settings":{"template":"highway","default_image_id":0,"font":"","enabled":false},"version":2}},"categories":[86414,86429,86470,9259,86411,40901],"tags":[],"class_list":["post-6237","post","type-post","status-publish","format-standard","has-post-thumbnail","hentry","category-abergo","category-artigos","category-ctaca","category-eventos","category-numesa","category-producao-tecnica","nodate","item-wrap"],"jetpack_publicize_connections":[],"jetpack_featured_media_url":"https:\/\/wp.ufpel.edu.br\/labserg\/files\/2025\/11\/251107_abergo_ulaergo_2025_010-scaled.jpg","jetpack_sharing_enabled":true,"jetpack_shortlink":"https:\/\/wp.me\/p3ZG28-1CB","_links":{"self":[{"href":"https:\/\/wp.ufpel.edu.br\/labserg\/wp-json\/wp\/v2\/posts\/6237","targetHints":{"allow":["GET"]}}],"collection":[{"href":"https:\/\/wp.ufpel.edu.br\/labserg\/wp-json\/wp\/v2\/posts"}],"about":[{"href":"https:\/\/wp.ufpel.edu.br\/labserg\/wp-json\/wp\/v2\/types\/post"}],"author":[{"embeddable":true,"href":"https:\/\/wp.ufpel.edu.br\/labserg\/wp-json\/wp\/v2\/users\/275"}],"replies":[{"embeddable":true,"href":"https:\/\/wp.ufpel.edu.br\/labserg\/wp-json\/wp\/v2\/comments?post=6237"}],"version-history":[{"count":3,"href":"https:\/\/wp.ufpel.edu.br\/labserg\/wp-json\/wp\/v2\/posts\/6237\/revisions"}],"predecessor-version":[{"id":6248,"href":"https:\/\/wp.ufpel.edu.br\/labserg\/wp-json\/wp\/v2\/posts\/6237\/revisions\/6248"}],"wp:featuredmedia":[{"embeddable":true,"href":"https:\/\/wp.ufpel.edu.br\/labserg\/wp-json\/wp\/v2\/media\/6244"}],"wp:attachment":[{"href":"https:\/\/wp.ufpel.edu.br\/labserg\/wp-json\/wp\/v2\/media?parent=6237"}],"wp:term":[{"taxonomy":"category","embeddable":true,"href":"https:\/\/wp.ufpel.edu.br\/labserg\/wp-json\/wp\/v2\/categories?post=6237"},{"taxonomy":"post_tag","embeddable":true,"href":"https:\/\/wp.ufpel.edu.br\/labserg\/wp-json\/wp\/v2\/tags?post=6237"}],"curies":[{"name":"wp","href":"https:\/\/api.w.org\/{rel}","templated":true}]}}