{"id":5710,"date":"2024-10-21T16:37:45","date_gmt":"2024-10-21T19:37:45","guid":{"rendered":"https:\/\/wp.ufpel.edu.br\/labserg\/?p=5710"},"modified":"2024-11-08T14:19:57","modified_gmt":"2024-11-08T17:19:57","slug":"enegep-2024-trabalhos-e-participacoes-no-evento","status":"publish","type":"post","link":"https:\/\/wp.ufpel.edu.br\/labserg\/enegep-2024-trabalhos-e-participacoes-no-evento\/","title":{"rendered":"ENEGEP 2024 &#8211; Trabalhos e participa\u00e7\u00f5es no evento"},"content":{"rendered":"<div class=\"bodytext_center\"><a href=\"https:\/\/portal.abepro.org.br\/enegep\/2024\/\" target=\"_blank\" rel=\"noopener noreferrer\"><img loading=\"lazy\" decoding=\"async\" data-attachment-id=\"5720\" data-permalink=\"https:\/\/wp.ufpel.edu.br\/labserg\/enegep-2024-trabalhos-e-participacoes-no-evento\/enegep_2024_logotipo\/\" data-orig-file=\"https:\/\/wp.ufpel.edu.br\/labserg\/files\/2024\/10\/enegep_2024_logotipo.jpg\" data-orig-size=\"1177,352\" data-comments-opened=\"0\" data-image-meta=\"{&quot;aperture&quot;:&quot;0&quot;,&quot;credit&quot;:&quot;&quot;,&quot;camera&quot;:&quot;&quot;,&quot;caption&quot;:&quot;&quot;,&quot;created_timestamp&quot;:&quot;0&quot;,&quot;copyright&quot;:&quot;&quot;,&quot;focal_length&quot;:&quot;0&quot;,&quot;iso&quot;:&quot;0&quot;,&quot;shutter_speed&quot;:&quot;0&quot;,&quot;title&quot;:&quot;&quot;,&quot;orientation&quot;:&quot;0&quot;}\" data-image-title=\"enegep_2024_logotipo\" data-image-description=\"\" data-image-caption=\"\" data-medium-file=\"https:\/\/wp.ufpel.edu.br\/labserg\/files\/2024\/10\/enegep_2024_logotipo-400x120.jpg\" data-large-file=\"https:\/\/wp.ufpel.edu.br\/labserg\/files\/2024\/10\/enegep_2024_logotipo-1024x306.jpg\" class=\"aligncenter size-full wp-image-5720\" src=\"https:\/\/wp.ufpel.edu.br\/labserg\/files\/2024\/10\/enegep_2024_logotipo.jpg\" alt=\"\" width=\"1177\" height=\"352\" srcset=\"https:\/\/wp.ufpel.edu.br\/labserg\/files\/2024\/10\/enegep_2024_logotipo.jpg 1177w, https:\/\/wp.ufpel.edu.br\/labserg\/files\/2024\/10\/enegep_2024_logotipo-400x120.jpg 400w, https:\/\/wp.ufpel.edu.br\/labserg\/files\/2024\/10\/enegep_2024_logotipo-1024x306.jpg 1024w, https:\/\/wp.ufpel.edu.br\/labserg\/files\/2024\/10\/enegep_2024_logotipo-768x230.jpg 768w, https:\/\/wp.ufpel.edu.br\/labserg\/files\/2024\/10\/enegep_2024_logotipo-637x191.jpg 637w\" sizes=\"auto, (max-width: 1177px) 100vw, 1177px\" \/><\/a><\/div>\n<div class=\"bodytext_justify\">Nesta semana ocorre em Porto Alegre a 44\u00aa edi\u00e7\u00e3o do <a href=\"https:\/\/portal.abepro.org.br\/enegep\/2024\/\" target=\"_blank\" rel=\"noopener\"><strong>ENEGEP<\/strong><\/a> (<a href=\"https:\/\/portal.abepro.org.br\/enegep\/2024\/\" target=\"_blank\" rel=\"noopener\">Encontro Nacional de Engenharia de Produ\u00e7\u00e3o<\/a>). Professoras do <a href=\"https:\/\/wp.ufpel.edu.br\/labserg\/quem_somos\/#secao5\" target=\"_blank\" rel=\"noopener noreferrer\">NUMESA<\/a> e <a href=\"https:\/\/wp.ufpel.edu.br\/neai\/\" target=\"_blank\" rel=\"noopener noreferrer\">NEAI4.0<\/a> estar\u00e3o presentes no evento. Estar\u00e3o no grupo tamb\u00e9m v\u00e1rios alunos e alunas do curso de <a href=\"https:\/\/wp.ufpel.edu.br\/labserg\/\" target=\"_blank\" rel=\"noopener noreferrer\">Engenharia de Produ\u00e7\u00e3o<\/a>, da UFPel, dentre os quais, constam bolsistas, volunt\u00e1rios e volunt\u00e1rias dos dois grupos de pesquisa e do <a href=\"https:\/\/wp.ufpel.edu.br\/labserg\/\" target=\"_blank\" rel=\"noopener noreferrer\">LABSERG<\/a>. Foram aprovados na edi\u00e7\u00e3o deste ano diversos artigos, os quais est\u00e3o listados abaixo e que estar\u00e3o dispon\u00edveis para leitura nos anais do evento, ap\u00f3s sua conclus\u00e3o.<\/div>\n<div class=\"bodytext_justify\">.<\/div>\n<div class=\"bodytext_justify\"><a href=\"https:\/\/www.abepro.org.br\/biblioteca\/TN_WG_418_2057_48112.pdf\" target=\"_blank\" rel=\"noopener\">GOMES, I.J.; FRANZ, L.A.S.; BENVENUTI, R.H.. CONTRIBUI\u00c7\u00c3O DA \u00c1REA DAS ENGENHARIAS NA PRODU\u00c7\u00c3O CIENT\u00cdFICA INTERNACIONAL SOBRE A PERDA AUDITIVA In: Anais do 44\u00ba Encontro Nacional de Engenharia de Produ\u00e7\u00e3o &#8211; Enegep. Porto Alegre: Abepro, 2024.<\/a><\/div>\n<div class=\"bodytext_justify\"><a href=\"https:\/\/www.abepro.org.br\/biblioteca\/TN_WPG_418_2058_46930.pdf\" target=\"_blank\" rel=\"noopener\">SANTOS, D.F.; GOMES, M.C.; REIS; A.V.; FRANZ, L.A.S.; PEREIRA, A.S.. AVAN\u00c7OS E TEND\u00caNCIAS EM SEGURAN\u00c7A DO TRABALHO NA AGRICULTURA FAMILIAR: UMA AN\u00c1LISE BIBLIOM\u00c9TRICA In: Anais do 44\u00ba Encontro Nacional de Engenharia de Produ\u00e7\u00e3o &#8211; Enegep. Porto Alegre: Abepro, 2024.<\/a><\/div>\n<div class=\"bodytext_justify\"><a href=\"https:\/\/www.abepro.org.br\/biblioteca\/TN_WPG_412_2020_47322.pdf\" target=\"_blank\" rel=\"noopener\">M\u00dcLLER, L.F.; SANTOYO, A.H.; PEREIRA, A.S.. A UTILIZA\u00c7\u00c3O DAS TECNOLOGIAS DE RASTREABILIDADE NA IND\u00daSTRIA OLIV\u00cdCOLA: UMA AN\u00c1LISE BIBLIOM\u00c9TRICA In: Anais do 44\u00ba Encontro Nacional de Engenharia de Produ\u00e7\u00e3o &#8211; Enegep. Porto Alegre: Abepro, 2024.<\/a><\/div>\n<div class=\"bodytext_justify\"><a href=\"https:\/\/www.abepro.org.br\/biblioteca\/TN_ST_422_2072_48219.pdf\" target=\"_blank\" rel=\"noopener\">BUBOLZ, T.M.; CORR\u00caA FILHA, O.M.S.; FRANZ, L.A.S.; PEREIRA, A.S.; BOLZAN, L.M.. AVALIA\u00c7\u00c3O DA ADO\u00c7\u00c3O DAS TECNOLOGIAS DE SERVI\u00c7OS 4.0 NO SETOR DE ALIMENTA\u00c7\u00c3O R\u00c1PIDA NA CIDADE DE PELOTAS In: Anais do 44\u00ba Encontro Nacional de Engenharia de Produ\u00e7\u00e3o &#8211; Enegep. Porto Alegre: Abepro, 2024.<\/a><\/div>\n<div class=\"bodytext_justify\"><a href=\"https:\/\/www.abepro.org.br\/biblioteca\/TN_WG_411_2014_48159.pdf\" target=\"_blank\" rel=\"noopener\">\u00c1VILA, D.F.; OTERO, W.R.I.; PEREIRA, A.S.; RODRIGUEZ, A.M.. DIAGN\u00d3STICO DA ADO\u00c7\u00c3O DE TECNOLOGIAS 4.0: UM ESTUDO DE MULTICASOS REALIZADO NA CIDADE DE PELOTAS In: Anais do 44\u00ba Encontro Nacional de Engenharia de Produ\u00e7\u00e3o &#8211; Enegep. Porto Alegre: Abepro, 2024.<\/a><\/div>\n<div class=\"bodytext_justify\"><a href=\"\" target=\"_blank\" rel=\"noopener\">PORCIUNCULA, G.S.; PEREIRA, A.S.. IMPLEMENTA\u00c7\u00c3O DE UM SISTEMA DE MONITORAMENTO INTELIGENTE NA GEST\u00c3O DA MANUTEN\u00c7\u00c3O INDUSTRIAL: CONSTRU\u00c7\u00c3O E AN\u00c1LISE DE UM PROT\u00d3TIPO PARA MEDI\u00c7\u00c3O DE VIBRA\u00c7\u00c3O TRIAXIAL E TEMPERATURA In: Anais do 44\u00ba Encontro Nacional de Engenharia de Produ\u00e7\u00e3o &#8211; Enegep. Porto Alegre: Abepro, 2024.<\/a><\/div>\n<div class=\"bodytext_justify\"><a href=\"https:\/\/www.abepro.org.br\/biblioteca\/TN_WG_411_2016_48156.pdf\" target=\"_blank\" rel=\"noopener\">DUTRA; V.C.; KLUG, W.D.; PEREIRA, A.S.; RODRIGUEZ, A.M.. IMPLEMENTA\u00c7\u00c3O DE UM SISTEMA DE MONITORAMENTO INTELIGENTE NA GEST\u00c3O DA MANUTEN\u00c7\u00c3O INDUSTRIAL: CONSTRU\u00c7\u00c3O E AN\u00c1LISE DE UM PROT\u00d3TIPO PARA MEDI\u00c7\u00c3O DE VIBRA\u00c7\u00c3O TRIAXIAL E TEMPERATURA In: Anais do 44\u00ba Encontro Nacional de Engenharia de Produ\u00e7\u00e3o &#8211; Enegep. Porto Alegre: Abepro, 2024.<\/a><\/div>\n<div class=\"bodytext_justify\"><a href=\"https:\/\/www.abepro.org.br\/biblioteca\/TN_ST_411_2014_48214.pdf\" target=\"_blank\" rel=\"noopener\">ROSA, B.M.; NASCIMENTO, E.S.; SANTOS, F.Q.; PINHO, M.F.; PEREIRA, A.S.. MAPEAMENTO DE PROCESSOS NO SETOR FINANCEIRO DE UMA EMPRESA ADMINISTRADORA DE FRANQUIAS  In: Anais do 44\u00ba Encontro Nacional de Engenharia de Produ\u00e7\u00e3o &#8211; Enegep. Porto Alegre: Abepro, 2024.<\/a><\/div>\n<div class=\"bodytext_justify\"><a href=\"https:\/\/www.abepro.org.br\/biblioteca\/TN_ST_417_2052_48216.pdf\" target=\"_blank\" rel=\"noopener\">ANTUNES, J.H.; KLIPPEL, M.; ANTUNES Jr., J.A.; RODRIGUEZ, A.M.. UMA PROPOSTA DE FERRAMENTA PARA CUSTEIO PARA SISTEMAS INTEGRADOS DE PRODU\u00c7\u00c3O: ARROZ, SOJA E PECU\u00c1RIA In: Anais do 44\u00ba Encontro Nacional de Engenharia de Produ\u00e7\u00e3o &#8211; Enegep. Porto Alegre: Abepro, 2024.<\/a><\/div>\n<div class=\"bodytext_justify\">.<\/div>\n<div class=\"bodytext_justify\">Parab\u00e9ns aos pesquisadores, \u00e0s pesquisadoras e discentes envolvidos.<\/div>\n","protected":false},"excerpt":{"rendered":"<p>Nesta semana ocorre em Porto Alegre a 44\u00aa edi\u00e7\u00e3o do ENEGEP (Encontro Nacional de Engenharia de Produ\u00e7\u00e3o). Professoras do NUMESA e NEAI4.0 estar\u00e3o presentes no evento. Estar\u00e3o no grupo tamb\u00e9m v\u00e1rios alunos e alunas do curso de Engenharia de Produ\u00e7\u00e3o, da UFPel, dentre os quais, constam bolsistas, volunt\u00e1rios e volunt\u00e1rias dos dois grupos de pesquisa &hellip; <\/p>\n<p><a class=\"more-link btn\" href=\"https:\/\/wp.ufpel.edu.br\/labserg\/enegep-2024-trabalhos-e-participacoes-no-evento\/\">Continue lendo<\/a><\/p>\n","protected":false},"author":840,"featured_media":5720,"comment_status":"closed","ping_status":"closed","sticky":false,"template":"","format":"standard","meta":{"jetpack_post_was_ever_published":false,"_jetpack_newsletter_access":"","_jetpack_dont_email_post_to_subs":false,"_jetpack_newsletter_tier_id":0,"_jetpack_memberships_contains_paywalled_content":false,"_jetpack_memberships_contains_paid_content":false,"footnotes":"","jetpack_publicize_message":"","jetpack_publicize_feature_enabled":true,"jetpack_social_post_already_shared":true,"jetpack_social_options":{"image_generator_settings":{"template":"highway","default_image_id":0,"font":"","enabled":false},"version":2}},"categories":[86429,86473,9259,86458,86411,40901],"tags":[],"class_list":["post-5710","post","type-post","status-publish","format-standard","has-post-thumbnail","hentry","category-artigos","category-enegep","category-eventos","category-neai-4-0","category-numesa","category-producao-tecnica","nodate","item-wrap"],"jetpack_publicize_connections":[],"jetpack_featured_media_url":"https:\/\/wp.ufpel.edu.br\/labserg\/files\/2024\/10\/enegep_2024_logotipo.jpg","jetpack_sharing_enabled":true,"jetpack_shortlink":"https:\/\/wp.me\/p3ZG28-1u6","_links":{"self":[{"href":"https:\/\/wp.ufpel.edu.br\/labserg\/wp-json\/wp\/v2\/posts\/5710","targetHints":{"allow":["GET"]}}],"collection":[{"href":"https:\/\/wp.ufpel.edu.br\/labserg\/wp-json\/wp\/v2\/posts"}],"about":[{"href":"https:\/\/wp.ufpel.edu.br\/labserg\/wp-json\/wp\/v2\/types\/post"}],"author":[{"embeddable":true,"href":"https:\/\/wp.ufpel.edu.br\/labserg\/wp-json\/wp\/v2\/users\/840"}],"replies":[{"embeddable":true,"href":"https:\/\/wp.ufpel.edu.br\/labserg\/wp-json\/wp\/v2\/comments?post=5710"}],"version-history":[{"count":24,"href":"https:\/\/wp.ufpel.edu.br\/labserg\/wp-json\/wp\/v2\/posts\/5710\/revisions"}],"predecessor-version":[{"id":5817,"href":"https:\/\/wp.ufpel.edu.br\/labserg\/wp-json\/wp\/v2\/posts\/5710\/revisions\/5817"}],"wp:featuredmedia":[{"embeddable":true,"href":"https:\/\/wp.ufpel.edu.br\/labserg\/wp-json\/wp\/v2\/media\/5720"}],"wp:attachment":[{"href":"https:\/\/wp.ufpel.edu.br\/labserg\/wp-json\/wp\/v2\/media?parent=5710"}],"wp:term":[{"taxonomy":"category","embeddable":true,"href":"https:\/\/wp.ufpel.edu.br\/labserg\/wp-json\/wp\/v2\/categories?post=5710"},{"taxonomy":"post_tag","embeddable":true,"href":"https:\/\/wp.ufpel.edu.br\/labserg\/wp-json\/wp\/v2\/tags?post=5710"}],"curies":[{"name":"wp","href":"https:\/\/api.w.org\/{rel}","templated":true}]}}