{"id":5428,"date":"2023-08-25T11:48:05","date_gmt":"2023-08-25T14:48:05","guid":{"rendered":"https:\/\/wp.ufpel.edu.br\/labserg\/?p=5428"},"modified":"2023-08-25T14:07:28","modified_gmt":"2023-08-25T17:07:28","slug":"revista-prociencias-convite-para-edicao-especial-sobre-a-industria-4-0","status":"publish","type":"post","link":"https:\/\/wp.ufpel.edu.br\/labserg\/revista-prociencias-convite-para-edicao-especial-sobre-a-industria-4-0\/","title":{"rendered":"Revista Proci\u00eancias &#8211; Convite para edi\u00e7\u00e3o especial sobre a Ind\u00fastria 4.0"},"content":{"rendered":"<div class=\"bodytext_justify\">At\u00e9 o dia 31\/10\/2023 a <a href=\"https:\/\/revistas.ufpel.edu.br\/index.php\/prociencias\/index\" rel=\"noopener\" target=\"_blank\"><strong>Revista Proci\u00eancias<\/strong><\/a> est\u00e1 recebendo submiss\u00e3o de artigos para sua Edi\u00e7\u00e3o Especial, que busca explorar o estado da arte da Ind\u00fastria 4.0 em diversos pa\u00edses da Am\u00e9rica Latina. O tema da Edi\u00e7\u00e3o Especial \u00e9 &#8220;<strong>Ind\u00fastria 4.0 &#8211; Avan\u00e7os e Desafios na Am\u00e9rica Latina<\/strong>\u201d, e pretende abordar as mais recentes inova\u00e7\u00f5es, tend\u00eancias e contribui\u00e7\u00f5es significativas para o avan\u00e7o deste campo.<\/div>\n<div class=\"bodytext_justify\">Clique <a href=\"https:\/\/revistas.ufpel.edu.br\/index.php\/prociencias\/about\/submissions\" rel=\"noopener\" target=\"_blank\">AQUI<\/a> ou na figura abaixo para obter mais detalhes sobre o convite.<\/div>\n<div class=\"bodytext_center\"><a href=\"https:\/\/revistas.ufpel.edu.br\/index.php\/prociencias\/about\/submissions\" rel=\"noopener\" target=\"_blank\"><img loading=\"lazy\" decoding=\"async\" data-attachment-id=\"5436\" data-permalink=\"https:\/\/wp.ufpel.edu.br\/labserg\/revista-prociencias-convite-para-edicao-especial-sobre-a-industria-4-0\/whatsapp-image-2023-08-25-at-13-37-10\/\" data-orig-file=\"https:\/\/wp.ufpel.edu.br\/labserg\/files\/2023\/08\/WhatsApp-Image-2023-08-25-at-13.37.10.jpeg\" data-orig-size=\"1142,1600\" data-comments-opened=\"0\" data-image-meta=\"{&quot;aperture&quot;:&quot;0&quot;,&quot;credit&quot;:&quot;&quot;,&quot;camera&quot;:&quot;&quot;,&quot;caption&quot;:&quot;&quot;,&quot;created_timestamp&quot;:&quot;0&quot;,&quot;copyright&quot;:&quot;&quot;,&quot;focal_length&quot;:&quot;0&quot;,&quot;iso&quot;:&quot;0&quot;,&quot;shutter_speed&quot;:&quot;0&quot;,&quot;title&quot;:&quot;&quot;,&quot;orientation&quot;:&quot;0&quot;}\" data-image-title=\"WhatsApp Image 2023-08-25 at 13.37.10\" data-image-description=\"\" data-image-caption=\"\" data-medium-file=\"https:\/\/wp.ufpel.edu.br\/labserg\/files\/2023\/08\/WhatsApp-Image-2023-08-25-at-13.37.10-286x400.jpeg\" data-large-file=\"https:\/\/wp.ufpel.edu.br\/labserg\/files\/2023\/08\/WhatsApp-Image-2023-08-25-at-13.37.10-731x1024.jpeg\" src=\"https:\/\/wp.ufpel.edu.br\/labserg\/files\/2023\/08\/WhatsApp-Image-2023-08-25-at-13.37.10.jpeg\" alt=\"\" width=\"1142\" height=\"1600\" class=\"alignnone size-full wp-image-5436\" srcset=\"https:\/\/wp.ufpel.edu.br\/labserg\/files\/2023\/08\/WhatsApp-Image-2023-08-25-at-13.37.10.jpeg 1142w, https:\/\/wp.ufpel.edu.br\/labserg\/files\/2023\/08\/WhatsApp-Image-2023-08-25-at-13.37.10-286x400.jpeg 286w, https:\/\/wp.ufpel.edu.br\/labserg\/files\/2023\/08\/WhatsApp-Image-2023-08-25-at-13.37.10-731x1024.jpeg 731w, https:\/\/wp.ufpel.edu.br\/labserg\/files\/2023\/08\/WhatsApp-Image-2023-08-25-at-13.37.10-768x1076.jpeg 768w, https:\/\/wp.ufpel.edu.br\/labserg\/files\/2023\/08\/WhatsApp-Image-2023-08-25-at-13.37.10-1096x1536.jpeg 1096w, https:\/\/wp.ufpel.edu.br\/labserg\/files\/2023\/08\/WhatsApp-Image-2023-08-25-at-13.37.10-637x892.jpeg 637w\" sizes=\"auto, (max-width: 1142px) 100vw, 1142px\" \/><\/a><\/div>\n","protected":false},"excerpt":{"rendered":"<p>At\u00e9 o dia 31\/10\/2023 a Revista Proci\u00eancias est\u00e1 recebendo submiss\u00e3o de artigos para sua Edi\u00e7\u00e3o Especial, que busca explorar o estado da arte da Ind\u00fastria 4.0 em diversos pa\u00edses da Am\u00e9rica Latina. O tema da Edi\u00e7\u00e3o Especial \u00e9 &#8220;Ind\u00fastria 4.0 &#8211; Avan\u00e7os e Desafios na Am\u00e9rica Latina\u201d, e pretende abordar as mais recentes inova\u00e7\u00f5es, tend\u00eancias &hellip; <\/p>\n<p><a class=\"more-link btn\" href=\"https:\/\/wp.ufpel.edu.br\/labserg\/revista-prociencias-convite-para-edicao-especial-sobre-a-industria-4-0\/\">Continue lendo<\/a><\/p>\n","protected":false},"author":840,"featured_media":5058,"comment_status":"closed","ping_status":"closed","sticky":false,"template":"","format":"standard","meta":{"jetpack_post_was_ever_published":false,"_jetpack_newsletter_access":"","_jetpack_dont_email_post_to_subs":false,"_jetpack_newsletter_tier_id":0,"_jetpack_memberships_contains_paywalled_content":false,"_jetpack_memberships_contains_paid_content":false,"footnotes":"","jetpack_publicize_message":"","jetpack_publicize_feature_enabled":true,"jetpack_social_post_already_shared":true,"jetpack_social_options":{"image_generator_settings":{"template":"highway","default_image_id":0,"font":"","enabled":false},"version":2}},"categories":[451,86409,44080,86466,86418],"tags":[],"class_list":["post-5428","post","type-post","status-publish","format-standard","has-post-thumbnail","hentry","category-dicas","category-diversos","category-oportunidade","category-prociencias","category-revistas","nodate","item-wrap"],"jetpack_publicize_connections":[],"jetpack_featured_media_url":"https:\/\/wp.ufpel.edu.br\/labserg\/files\/2023\/01\/pageHeaderLogoImage_pt_BR.png","jetpack_sharing_enabled":true,"jetpack_shortlink":"https:\/\/wp.me\/p3ZG28-1py","_links":{"self":[{"href":"https:\/\/wp.ufpel.edu.br\/labserg\/wp-json\/wp\/v2\/posts\/5428","targetHints":{"allow":["GET"]}}],"collection":[{"href":"https:\/\/wp.ufpel.edu.br\/labserg\/wp-json\/wp\/v2\/posts"}],"about":[{"href":"https:\/\/wp.ufpel.edu.br\/labserg\/wp-json\/wp\/v2\/types\/post"}],"author":[{"embeddable":true,"href":"https:\/\/wp.ufpel.edu.br\/labserg\/wp-json\/wp\/v2\/users\/840"}],"replies":[{"embeddable":true,"href":"https:\/\/wp.ufpel.edu.br\/labserg\/wp-json\/wp\/v2\/comments?post=5428"}],"version-history":[{"count":6,"href":"https:\/\/wp.ufpel.edu.br\/labserg\/wp-json\/wp\/v2\/posts\/5428\/revisions"}],"predecessor-version":[{"id":5438,"href":"https:\/\/wp.ufpel.edu.br\/labserg\/wp-json\/wp\/v2\/posts\/5428\/revisions\/5438"}],"wp:featuredmedia":[{"embeddable":true,"href":"https:\/\/wp.ufpel.edu.br\/labserg\/wp-json\/wp\/v2\/media\/5058"}],"wp:attachment":[{"href":"https:\/\/wp.ufpel.edu.br\/labserg\/wp-json\/wp\/v2\/media?parent=5428"}],"wp:term":[{"taxonomy":"category","embeddable":true,"href":"https:\/\/wp.ufpel.edu.br\/labserg\/wp-json\/wp\/v2\/categories?post=5428"},{"taxonomy":"post_tag","embeddable":true,"href":"https:\/\/wp.ufpel.edu.br\/labserg\/wp-json\/wp\/v2\/tags?post=5428"}],"curies":[{"name":"wp","href":"https:\/\/api.w.org\/{rel}","templated":true}]}}