{"id":4956,"date":"2022-11-16T20:05:15","date_gmt":"2022-11-16T23:05:15","guid":{"rendered":"https:\/\/wp.ufpel.edu.br\/labserg\/?p=4956"},"modified":"2022-11-16T20:05:15","modified_gmt":"2022-11-16T23:05:15","slug":"edital-mestrado-academico-no-prograu-ufpel-2023","status":"publish","type":"post","link":"https:\/\/wp.ufpel.edu.br\/labserg\/edital-mestrado-academico-no-prograu-ufpel-2023\/","title":{"rendered":"Edital Mestrado Acad\u00eamico no PROGRAU-UFPel-2023"},"content":{"rendered":"<div class=\"bodytext_justify\">A <a href=\"https:\/\/portal.ufpel.edu.br\/\" rel=\"noopener\" target=\"_blank\">Universidade Federal de Pelotas<\/a> em conformidade com o Regimento <em>Stricto Sensu<\/em> da <a href=\"https:\/\/wp.ufpel.edu.br\/prppgi\/\" rel=\"noopener noreferrer\" target=\"_blank\">Pr\u00f3-Reitoria de Pesquisa e P\u00f3s-Gradua\u00e7\u00e3o<\/a> e a Coordena\u00e7\u00e3o do <a href=\"https:\/\/wp.ufpel.edu.br\/prograu\/\" target=\"_blank\" rel=\"noopener noreferrer\">Programa de P\u00f3s-Gradua\u00e7\u00e3o em Arquitetura e Urbanismo<\/a> (<a href=\"https:\/\/wp.ufpel.edu.br\/prograu\/\" target=\"_blank\" rel=\"noopener noreferrer\">PROGRAU<\/a>) tornam p\u00fablico, para conhecimento dos interessados, o processo de sele\u00e7\u00e3o para <strong>ALUNO REGULAR &#8211; MESTRADO (01\/2023)<\/strong>.<\/div>\n<div class=\"bodytext_center\"><a href=\"https:\/\/wp.ufpel.edu.br\/prograu\/2022\/11\/11\/selecao-de-aluno-regular-para-mestrado-01-2023\/\" target=\"_blank\" rel=\"noopener noreferrer\"><img loading=\"lazy\" decoding=\"async\" data-attachment-id=\"4959\" data-permalink=\"https:\/\/wp.ufpel.edu.br\/labserg\/edital-mestrado-academico-no-prograu-ufpel-2023\/edital_prograu_2023\/\" data-orig-file=\"https:\/\/wp.ufpel.edu.br\/labserg\/files\/2022\/11\/edital_prograu_2023.jpeg\" data-orig-size=\"905,1280\" data-comments-opened=\"0\" data-image-meta=\"{&quot;aperture&quot;:&quot;0&quot;,&quot;credit&quot;:&quot;&quot;,&quot;camera&quot;:&quot;&quot;,&quot;caption&quot;:&quot;&quot;,&quot;created_timestamp&quot;:&quot;0&quot;,&quot;copyright&quot;:&quot;&quot;,&quot;focal_length&quot;:&quot;0&quot;,&quot;iso&quot;:&quot;0&quot;,&quot;shutter_speed&quot;:&quot;0&quot;,&quot;title&quot;:&quot;&quot;,&quot;orientation&quot;:&quot;0&quot;}\" data-image-title=\"edital_prograu_2023\" data-image-description=\"\" data-image-caption=\"\" data-medium-file=\"https:\/\/wp.ufpel.edu.br\/labserg\/files\/2022\/11\/edital_prograu_2023-283x400.jpeg\" data-large-file=\"https:\/\/wp.ufpel.edu.br\/labserg\/files\/2022\/11\/edital_prograu_2023-724x1024.jpeg\" src=\"https:\/\/wp.ufpel.edu.br\/labserg\/files\/2022\/11\/edital_prograu_2023-283x400.jpeg\" alt=\"\" width=\"283\" height=\"400\" class=\"alignnone size-medium wp-image-4959\" srcset=\"https:\/\/wp.ufpel.edu.br\/labserg\/files\/2022\/11\/edital_prograu_2023-283x400.jpeg 283w, https:\/\/wp.ufpel.edu.br\/labserg\/files\/2022\/11\/edital_prograu_2023-724x1024.jpeg 724w, https:\/\/wp.ufpel.edu.br\/labserg\/files\/2022\/11\/edital_prograu_2023-768x1086.jpeg 768w, https:\/\/wp.ufpel.edu.br\/labserg\/files\/2022\/11\/edital_prograu_2023-637x901.jpeg 637w, https:\/\/wp.ufpel.edu.br\/labserg\/files\/2022\/11\/edital_prograu_2023.jpeg 905w\" sizes=\"auto, (max-width: 283px) 100vw, 283px\" \/><\/a><\/div>\n<div class=\"bodytext_justify\">Desde de 2021, dentre os v\u00e1rios temas ofertados no PROGRAU, h\u00e1 a possibilidade realiza\u00e7\u00e3o de Mestrado dentro do tema &#8220;<strong>Ergonomia: vulnerabilidades e potencialidades no contexto do ambiente, cotidiano e subjetividade<\/strong>&#8220;. O tema est\u00e1 inserido em uma das seis linhas de pesquisa do programa, sendo ela <strong>Tecnologia e Conserva\u00e7\u00e3o do Ambiente Constru\u00eddo<\/strong>.<\/div>\n<div class=\"bodytext_justify\">As inscri\u00e7\u00f5es ao Exame de Sele\u00e7\u00e3o para o Programa de Arquitetura e Urbanismo, Mestrado Acad\u00eamico, estar\u00e3o abertas no per\u00edodo de <strong>01 de novembro de 2022<\/strong> a <strong>30 de janeiro de 2023<\/strong> at\u00e9 \u00e0s <strong>23h59min<\/strong>, unicamente via Portal de Inscri\u00e7\u00f5es do PROGRAU (<a href=\"https:\/\/wp.ufpel.edu.br\/prograu\/\" rel=\"noopener\" target=\"_blank\">https:\/\/wp.ufpel.edu.br\/prograu\/<\/a>).<\/div>\n<div class=\"bodytext_justify\">Tanto o edital quanto demais documentos que possam ser necess\u00e1rios, est\u00e3o dispon\u00edveis no link <a href=\"https:\/\/wp.ufpel.edu.br\/prograu\/2022\/11\/11\/selecao-de-aluno-regular-para-mestrado-01-2023\/\" target=\"_blank\" rel=\"noopener noreferrer\">Sele\u00e7\u00e3o de aluno regular para Mestrado \u2013 01\/2023<\/a>, no website do PROGRAU.<\/div>\n","protected":false},"excerpt":{"rendered":"<p>A Universidade Federal de Pelotas em conformidade com o Regimento Stricto Sensu da Pr\u00f3-Reitoria de Pesquisa e P\u00f3s-Gradua\u00e7\u00e3o e a Coordena\u00e7\u00e3o do Programa de P\u00f3s-Gradua\u00e7\u00e3o em Arquitetura e Urbanismo (PROGRAU) tornam p\u00fablico, para conhecimento dos interessados, o processo de sele\u00e7\u00e3o para ALUNO REGULAR &#8211; MESTRADO (01\/2023). Desde de 2021, dentre os v\u00e1rios temas ofertados no &hellip; <\/p>\n<p><a class=\"more-link btn\" href=\"https:\/\/wp.ufpel.edu.br\/labserg\/edital-mestrado-academico-no-prograu-ufpel-2023\/\">Continue lendo<\/a><\/p>\n","protected":false},"author":840,"featured_media":0,"comment_status":"closed","ping_status":"closed","sticky":false,"template":"","format":"standard","meta":{"jetpack_post_was_ever_published":false,"_jetpack_newsletter_access":"","_jetpack_dont_email_post_to_subs":false,"_jetpack_newsletter_tier_id":0,"_jetpack_memberships_contains_paywalled_content":false,"_jetpack_memberships_contains_paid_content":false,"footnotes":"","jetpack_publicize_message":"","jetpack_publicize_feature_enabled":true,"jetpack_social_post_already_shared":true,"jetpack_social_options":{"image_generator_settings":{"template":"highway","default_image_id":0,"font":"","enabled":false},"version":2}},"categories":[86391,86450,44080,86446],"tags":[],"class_list":["post-4956","post","type-post","status-publish","format-standard","hentry","category-ergonomia","category-mestrado","category-oportunidade","category-prograu","nodate","item-wrap"],"jetpack_publicize_connections":[],"jetpack_featured_media_url":"","jetpack_sharing_enabled":true,"jetpack_shortlink":"https:\/\/wp.me\/p3ZG28-1hW","_links":{"self":[{"href":"https:\/\/wp.ufpel.edu.br\/labserg\/wp-json\/wp\/v2\/posts\/4956","targetHints":{"allow":["GET"]}}],"collection":[{"href":"https:\/\/wp.ufpel.edu.br\/labserg\/wp-json\/wp\/v2\/posts"}],"about":[{"href":"https:\/\/wp.ufpel.edu.br\/labserg\/wp-json\/wp\/v2\/types\/post"}],"author":[{"embeddable":true,"href":"https:\/\/wp.ufpel.edu.br\/labserg\/wp-json\/wp\/v2\/users\/840"}],"replies":[{"embeddable":true,"href":"https:\/\/wp.ufpel.edu.br\/labserg\/wp-json\/wp\/v2\/comments?post=4956"}],"version-history":[{"count":8,"href":"https:\/\/wp.ufpel.edu.br\/labserg\/wp-json\/wp\/v2\/posts\/4956\/revisions"}],"predecessor-version":[{"id":4967,"href":"https:\/\/wp.ufpel.edu.br\/labserg\/wp-json\/wp\/v2\/posts\/4956\/revisions\/4967"}],"wp:attachment":[{"href":"https:\/\/wp.ufpel.edu.br\/labserg\/wp-json\/wp\/v2\/media?parent=4956"}],"wp:term":[{"taxonomy":"category","embeddable":true,"href":"https:\/\/wp.ufpel.edu.br\/labserg\/wp-json\/wp\/v2\/categories?post=4956"},{"taxonomy":"post_tag","embeddable":true,"href":"https:\/\/wp.ufpel.edu.br\/labserg\/wp-json\/wp\/v2\/tags?post=4956"}],"curies":[{"name":"wp","href":"https:\/\/api.w.org\/{rel}","templated":true}]}}