{"id":4569,"date":"2022-03-24T14:04:48","date_gmt":"2022-03-24T17:04:48","guid":{"rendered":"https:\/\/wp.ufpel.edu.br\/labserg\/?p=4569"},"modified":"2022-03-24T14:05:28","modified_gmt":"2022-03-24T17:05:28","slug":"dica-de-livro-pequeno-nao-quer-dizer-seguro-nanotecnologias-macroinquietacoes","status":"publish","type":"post","link":"https:\/\/wp.ufpel.edu.br\/labserg\/dica-de-livro-pequeno-nao-quer-dizer-seguro-nanotecnologias-macroinquietacoes\/","title":{"rendered":"Dica de livro: &#8220;Pequeno n\u00e3o quer dizer seguro: Nanotecnologias &amp; Macroinquieta\u00e7\u00f5es&#8221;"},"content":{"rendered":"<div class=\"bodytext_justify\">Segue abaixo a dica de um \u00f3timo trabalho envolvendo um tema muito relevante e emergente: a rela\u00e7\u00e3o entre a nanoteconologia e seus efeitos para os humanos. O livro foi organizado pelo tecnologista da <a href=\"https:\/\/www.gov.br\/fundacentro\/pt-br\" rel=\"noopener\" target=\"_blank\">Fundacentro<\/a> <a title=\"Lu\u00eds Renato Balb\u00e3o Andrade\" href=\"http:\/\/lattes.cnpq.br\/1676783859083793\" target=\"_blank\" rel=\"noopener noreferrer\">Lu\u00eds Renato Balb\u00e3o Andrade<\/a> e consta com a colabora\u00e7\u00e3o de diversos co-autores. Confira abaixo o texto de divulga\u00e7\u00e3o produzido pela pr\u00f3pria Fundacentro, acesse o livro e desfrute.<\/div>\n<div class=\"bodytext_center\"><a title=\"Nanotecnologia e Macroinquieta\u00e7\u00f5es\" href=\"http:\/\/arquivosbiblioteca.fundacentro.gov.br\/exlibris\/aleph\/a23_1\/apache_media\/HURV61KMKA5KUJN5KCED4K7847HJN1.pdf\" target=\"_blank\" rel=\"noopener noreferrer\"><img decoding=\"async\" class=\"aligncenter wp-image-13\" src=\"https:\/\/wp.ufpel.edu.br\/labserg\/files\/2022\/03\/livro_nanotecnologias_e_macroinquietacoes.jpeg\" alt=\"\" width=\"640\" \/><\/a>&#8220;<\/div>\n<div class=\"bodytext_justify_i\">O livro &#8220;<a title=\"Nanotecnologia e Macroinquieta\u00e7\u00f5es\" href=\"http:\/\/arquivosbiblioteca.fundacentro.gov.br\/exlibris\/aleph\/a23_1\/apache_media\/HURV61KMKA5KUJN5KCED4K7847HJN1.pdf\" target=\"_blank\" rel=\"noopener noreferrer\">Pequeno n\u00e3o quer dizer seguro &#8211; Nanotecnologias &amp; Macroinquieta\u00e7\u00f5es<\/a>&#8221; \u00e9 uma colet\u00e2nea de textos, divididos em 13 cap\u00edtulos, que nasceu no projeto da Fundacentro \u201cImpactos da nanotecnologia na sa\u00fade dos trabalhadores e meio ambiente\u201d. O objetivo foi tra\u00e7ar um panorama dessa quest\u00e3o sob variados pontos de vista e de maneira multidisciplinar. A obra est\u00e1 dispon\u00edvel gratuitamente para\u00a0download na p\u00e1gina da Biblioteca da institui\u00e7\u00e3o.<\/div>\n<div class=\"bodytext_justify_i\">A publica\u00e7\u00e3o conta com mais de 40 autores, de diversas forma\u00e7\u00f5es, que produziram 35 artigos. Eles refletem sobre as implica\u00e7\u00f5es das nanotecnologias no mundo do trabalho e na sociedade, abordando a a\u00e7\u00e3o sindical e governamental, o direito, a \u00e9tica, a vigil\u00e2ncia da sa\u00fade dos trabalhadores, a comunica\u00e7\u00e3o cient\u00edfica, o meio ambiente e a engenharia de seguran\u00e7a.<\/div>\n<div class=\"bodytext_justify_i\">\u201cSe as nanotecnologias caracterizam nossa \u00e9poca, h\u00e1 urg\u00eancia em se compreender que pequeno n\u00e3o quer dizer seguro, mas poderia e deveria ser, e \u00e9 esta compreens\u00e3o que move nossas macroinquieta\u00e7\u00f5es, pois entendemos que o progresso tecnol\u00f3gico deve servir a todos, e n\u00e3o apenas aos interesses de poucos\u201d, aponta o livro.<\/div>\n<div class=\"bodytext_justify_i\">Uma das quest\u00f5es tratadas \u00e9 o princ\u00edpio da precau\u00e7\u00e3o aplicado aos nanomateriais, pois h\u00e1 incertezas sobre os impactos deles em rela\u00e7\u00e3o \u00e0 seguran\u00e7a e \u00e0 sa\u00fade humana. \u201cNa pr\u00e1tica, tal cen\u00e1rio implica que as abordagens quantitativas da higiene ocupacional tradicional sejam de pouco aux\u00edlio, pela dificuldade de determina\u00e7\u00e3o de o qu\u00ea e como medir em rela\u00e7\u00e3o \u00e0 contamina\u00e7\u00e3o ambiental por nanopart\u00edculas\u201d, explica Lu\u00eds Renato Balb\u00e3o Andrade, tecnologista da Fundacentro, que \u00e9 um dos autores e tamb\u00e9m organizador do livro.<\/div>\n<div class=\"bodytext_justify_i\">O princ\u00edpio da precau\u00e7\u00e3o \u00e9 uma das sa\u00eddas a ser adotada ao apontar que \u201ca aus\u00eancia de \u2018certeza cient\u00edfica absoluta\u2019 sobre eventuais danos n\u00e3o ser\u00e1 utilizada como raz\u00e3o para o adiamento de medidas economicamente vi\u00e1veis para prevenir estes mesmos danos\u201d.<\/div>\n<div class=\"bodytext_justify_i\">\u201cEste princ\u00edpio, de forma geral, parece adequado \u00e0 gest\u00e3o de riscos gerados pelas nanotecnologias, justamente em fun\u00e7\u00e3o das lacunas de conhecimento sobre o comportamento dos nanomateriais especificamente acerca de seus efeitos sobre a sa\u00fade e a seguran\u00e7a daqueles que os manipulam\u201d, aponta o tecnologista da Fundacentro.<\/div>\n<div class=\"bodytext_justify\">Fonte: <a title=\"Fundacentro - Livro traz colet\u00e2nea de textos sobre nanotecnologia\" href=\"https:\/\/www.gov.br\/fundacentro\/pt-br\/assuntos\/noticias\/noticias\/2022\/fevereiro\/livro-traz-coletanea-de-textos-sobre-nanotecnologia\" target=\"_blank\" rel=\"noopener noreferrer\">Fundacentro &#8211; Livro traz colet\u00e2nea de textos sobre nanotecnologia<\/a><\/div>\n","protected":false},"excerpt":{"rendered":"<p>Segue abaixo a dica de um \u00f3timo trabalho envolvendo um tema muito relevante e emergente: a rela\u00e7\u00e3o entre a nanoteconologia e seus efeitos para os humanos. O livro foi organizado pelo tecnologista da Fundacentro Lu\u00eds Renato Balb\u00e3o Andrade e consta com a colabora\u00e7\u00e3o de diversos co-autores. Confira abaixo o texto de divulga\u00e7\u00e3o produzido pela pr\u00f3pria &hellip; <\/p>\n<p><a class=\"more-link btn\" href=\"https:\/\/wp.ufpel.edu.br\/labserg\/dica-de-livro-pequeno-nao-quer-dizer-seguro-nanotecnologias-macroinquietacoes\/\">Continue lendo<\/a><\/p>\n","protected":false},"author":840,"featured_media":4571,"comment_status":"closed","ping_status":"closed","sticky":false,"template":"","format":"standard","meta":{"jetpack_post_was_ever_published":false,"_jetpack_newsletter_access":"","_jetpack_dont_email_post_to_subs":false,"_jetpack_newsletter_tier_id":0,"_jetpack_memberships_contains_paywalled_content":false,"_jetpack_memberships_contains_paid_content":false,"footnotes":"","jetpack_publicize_message":"","jetpack_publicize_feature_enabled":true,"jetpack_social_post_already_shared":true,"jetpack_social_options":{"image_generator_settings":{"template":"highway","default_image_id":0,"font":"","enabled":false},"version":2}},"categories":[451,86409,86381],"tags":[],"class_list":["post-4569","post","type-post","status-publish","format-standard","has-post-thumbnail","hentry","category-dicas","category-diversos","category-sst-e-investimento","nodate","item-wrap"],"jetpack_publicize_connections":[],"jetpack_featured_media_url":"https:\/\/wp.ufpel.edu.br\/labserg\/files\/2022\/03\/livro_nanotecnologias_e_macroinquietacoes.jpeg","jetpack_sharing_enabled":true,"jetpack_shortlink":"https:\/\/wp.me\/p3ZG28-1bH","_links":{"self":[{"href":"https:\/\/wp.ufpel.edu.br\/labserg\/wp-json\/wp\/v2\/posts\/4569","targetHints":{"allow":["GET"]}}],"collection":[{"href":"https:\/\/wp.ufpel.edu.br\/labserg\/wp-json\/wp\/v2\/posts"}],"about":[{"href":"https:\/\/wp.ufpel.edu.br\/labserg\/wp-json\/wp\/v2\/types\/post"}],"author":[{"embeddable":true,"href":"https:\/\/wp.ufpel.edu.br\/labserg\/wp-json\/wp\/v2\/users\/840"}],"replies":[{"embeddable":true,"href":"https:\/\/wp.ufpel.edu.br\/labserg\/wp-json\/wp\/v2\/comments?post=4569"}],"version-history":[{"count":5,"href":"https:\/\/wp.ufpel.edu.br\/labserg\/wp-json\/wp\/v2\/posts\/4569\/revisions"}],"predecessor-version":[{"id":4576,"href":"https:\/\/wp.ufpel.edu.br\/labserg\/wp-json\/wp\/v2\/posts\/4569\/revisions\/4576"}],"wp:featuredmedia":[{"embeddable":true,"href":"https:\/\/wp.ufpel.edu.br\/labserg\/wp-json\/wp\/v2\/media\/4571"}],"wp:attachment":[{"href":"https:\/\/wp.ufpel.edu.br\/labserg\/wp-json\/wp\/v2\/media?parent=4569"}],"wp:term":[{"taxonomy":"category","embeddable":true,"href":"https:\/\/wp.ufpel.edu.br\/labserg\/wp-json\/wp\/v2\/categories?post=4569"},{"taxonomy":"post_tag","embeddable":true,"href":"https:\/\/wp.ufpel.edu.br\/labserg\/wp-json\/wp\/v2\/tags?post=4569"}],"curies":[{"name":"wp","href":"https:\/\/api.w.org\/{rel}","templated":true}]}}