{"id":2752,"date":"2019-07-01T21:40:38","date_gmt":"2019-07-02T00:40:38","guid":{"rendered":"https:\/\/wp.ufpel.edu.br\/labserg\/?p=2752"},"modified":"2019-07-01T21:43:40","modified_gmt":"2019-07-02T00:43:40","slug":"evento-o-mundo-do-trabalho-no-brasil-relatorio-final-e-registro-de-imagens","status":"publish","type":"post","link":"https:\/\/wp.ufpel.edu.br\/labserg\/evento-o-mundo-do-trabalho-no-brasil-relatorio-final-e-registro-de-imagens\/","title":{"rendered":"Evento &#8220;O Mundo do Trabalho no Brasil&#8221; &#8211; Relat\u00f3rio final e registro de imagens"},"content":{"rendered":"<p><a href=\"https:\/\/photos.app.goo.gl\/rRRxFwGnb8uSt6h46\" target=\"_blank\" rel=\"noopener noreferrer\"><img decoding=\"async\" data-attachment-id=\"2757\" data-permalink=\"https:\/\/wp.ufpel.edu.br\/labserg\/evento-o-mundo-do-trabalho-no-brasil-relatorio-final-e-registro-de-imagens\/190628_mundo_do_trabalho_022\/\" data-orig-file=\"https:\/\/wp.ufpel.edu.br\/labserg\/files\/2019\/07\/190628_mundo_do_trabalho_022.jpg\" data-orig-size=\"1001,501\" data-comments-opened=\"0\" data-image-meta=\"{&quot;aperture&quot;:&quot;0&quot;,&quot;credit&quot;:&quot;&quot;,&quot;camera&quot;:&quot;&quot;,&quot;caption&quot;:&quot;&quot;,&quot;created_timestamp&quot;:&quot;0&quot;,&quot;copyright&quot;:&quot;&quot;,&quot;focal_length&quot;:&quot;0&quot;,&quot;iso&quot;:&quot;0&quot;,&quot;shutter_speed&quot;:&quot;0&quot;,&quot;title&quot;:&quot;&quot;,&quot;orientation&quot;:&quot;0&quot;}\" data-image-title=\"190628_mundo_do_trabalho_022\" data-image-description=\"\" data-image-caption=\"\" data-medium-file=\"https:\/\/wp.ufpel.edu.br\/labserg\/files\/2019\/07\/190628_mundo_do_trabalho_022-400x200.jpg\" data-large-file=\"https:\/\/wp.ufpel.edu.br\/labserg\/files\/2019\/07\/190628_mundo_do_trabalho_022.jpg\" src=\"https:\/\/wp.ufpel.edu.br\/labserg\/files\/2019\/07\/190628_mundo_do_trabalho_022.jpg\" alt=\"\" width=\"640\" class=\"aligncenter size-full wp-image-2757\" srcset=\"https:\/\/wp.ufpel.edu.br\/labserg\/files\/2019\/07\/190628_mundo_do_trabalho_022.jpg 1001w, https:\/\/wp.ufpel.edu.br\/labserg\/files\/2019\/07\/190628_mundo_do_trabalho_022-400x200.jpg 400w, https:\/\/wp.ufpel.edu.br\/labserg\/files\/2019\/07\/190628_mundo_do_trabalho_022-768x384.jpg 768w\" sizes=\"(max-width: 1001px) 100vw, 1001px\" \/><\/a><\/p>\n<div class=\"bodytext_justify\">Mesmo sob forte chuva e amea\u00e7a de temporais, recebemos na \u00faltima sexta (28.jun) um bom p\u00fablico para assistir o evento &#8220;<a href=\"https:\/\/wp.ufpel.edu.br\/labserg\/evento28jun\/\" rel=\"noopener noreferrer\" target=\"_blank\">O Mundo do Trabalho no Brasil: Momento Atual e Poss\u00edveis Rumo<\/a>&#8220;.<\/div>\n<div class=\"bodytext_justify\">Foram 3 horas de exposi\u00e7\u00f5es interessant\u00edssimas dos palestrantes <strong>M\u00e1rcio Rui Cantos<\/strong> (Auditor Fiscal do Trabalho e representante da AGITRA) e <strong>Jairo Halpern<\/strong> (Mestre em Pol\u00edtica Social pela Universidade Cat\u00f3lica de Pelotas).<\/div>\n<div class=\"bodytext_justify\">Durante aproximadamente 2 horas de palestras o p\u00fablico presente assistiu a uma exposi\u00e7\u00e3o quanto ao papel hist\u00f3rico do antigo MTE e suas contribui\u00e7\u00f5es sociais, as transforma\u00e7\u00f5es em termos de estrutura do antigo MTE na transi\u00e7\u00e3o para o atual governo e ap\u00f3s seu in\u00edcio. Discutiu-se tamb\u00e9m quanto \u00e0 import\u00e2ncia das normas regulamentadores e as poss\u00edveis consequ\u00eancias do que est\u00e1 previsto em termos de mudan\u00e7as sobre elas. Al\u00e9m disso, tamb\u00e9m se falou sobre quais as implica\u00e7\u00f5es decorrentes da forma como ficaram distribu\u00eddas as estruturas e compet\u00eancias do antigo MTE no atual governo e sobre os poss\u00edveis efeitos da sinergia entre a extin\u00e7\u00e3o do MTE, Reforma Trabalhista e Reforma na Previd\u00eancia. Por fim, apontou-se os efeitos pr\u00e1ticos sobre como os trabalhadores poder\u00e3o buscar orienta\u00e7\u00f5es e direitos, considerando o cen\u00e1rio previsto em termos de mudan\u00e7as nas normas regulamentadoras.<\/div>\n<div class=\"bodytext_justify\">Ao final das palestras o p\u00fablico pode perguntar e debater diversos pontos relevantes no tocante ao mundo do trabalho no Brasil, seja pelo momento atual, quanto aos poss\u00edveis rumos.<\/div>\n<div class=\"bodytext_justify\">A equipe do LABSERG agradece enormemente aos palestrantes pela riqueza de conte\u00fados apresentados e oportunidade singular de aprendizado. Tamb\u00e9m destacamos aqui a import\u00e2ncia do apoio dos discentes <strong>Ingrid Losekan<\/strong>, <strong>Jon\u00e1tas Holanda<\/strong>, <strong>Keezy Medeiros<\/strong>, <strong>Mariana Leandro<\/strong> e <strong>Tha\u00eds Piegas<\/strong>, que foram essenciais no apoio \u00e0 realiza\u00e7\u00e3o do evento.<\/div>\n<div class=\"bodytext_justify\">Em breve divulgaremos not\u00edcia com a entrega dos mantimentos colhidos a entidade ou associa\u00e7\u00e3o dedicada ao amparo social. Os alimentos foram doados durante o credenciamento do p\u00fablico.<\/div>\n<div class=\"bodytext_justify\">Confira as fotos do evento clicando <a href=\"https:\/\/photos.app.goo.gl\/rRRxFwGnb8uSt6h46\" rel=\"noopener noreferrer\" target=\"_blank\"><strong>AQUI<\/strong><\/a>.<\/div>\n<div class=\"bodytext_justify\"><strong>Equipe LABSERG<\/strong><\/div>\n","protected":false},"excerpt":{"rendered":"<p>Mesmo sob forte chuva e amea\u00e7a de temporais, recebemos na \u00faltima sexta (28.jun) um bom p\u00fablico para assistir o evento &#8220;O Mundo do Trabalho no Brasil: Momento Atual e Poss\u00edveis Rumo&#8220;. Foram 3 horas de exposi\u00e7\u00f5es interessant\u00edssimas dos palestrantes M\u00e1rcio Rui Cantos (Auditor Fiscal do Trabalho e representante da AGITRA) e Jairo Halpern (Mestre em &hellip; <\/p>\n<p><a class=\"more-link btn\" href=\"https:\/\/wp.ufpel.edu.br\/labserg\/evento-o-mundo-do-trabalho-no-brasil-relatorio-final-e-registro-de-imagens\/\">Continue lendo<\/a><\/p>\n","protected":false},"author":840,"featured_media":2766,"comment_status":"closed","ping_status":"closed","sticky":false,"template":"","format":"standard","meta":{"jetpack_post_was_ever_published":false,"_jetpack_newsletter_access":"","_jetpack_dont_email_post_to_subs":false,"_jetpack_newsletter_tier_id":0,"_jetpack_memberships_contains_paywalled_content":false,"_jetpack_memberships_contains_paid_content":false,"footnotes":"","jetpack_publicize_message":"","jetpack_publicize_feature_enabled":true,"jetpack_social_post_already_shared":true,"jetpack_social_options":{"image_generator_settings":{"template":"highway","default_image_id":0,"font":"","enabled":false},"version":2}},"categories":[9259,33376,86427,86411,40901,86381],"tags":[],"class_list":["post-2752","post","type-post","status-publish","format-standard","has-post-thumbnail","hentry","category-eventos","category-extensao","category-labserg-out","category-numesa","category-producao-tecnica","category-sst-e-investimento","nodate","item-wrap"],"jetpack_publicize_connections":[],"jetpack_featured_media_url":"https:\/\/wp.ufpel.edu.br\/labserg\/files\/2019\/07\/190628_mundo_do_trabalho_000.jpg","jetpack_sharing_enabled":true,"jetpack_shortlink":"https:\/\/wp.me\/p3ZG28-Io","_links":{"self":[{"href":"https:\/\/wp.ufpel.edu.br\/labserg\/wp-json\/wp\/v2\/posts\/2752","targetHints":{"allow":["GET"]}}],"collection":[{"href":"https:\/\/wp.ufpel.edu.br\/labserg\/wp-json\/wp\/v2\/posts"}],"about":[{"href":"https:\/\/wp.ufpel.edu.br\/labserg\/wp-json\/wp\/v2\/types\/post"}],"author":[{"embeddable":true,"href":"https:\/\/wp.ufpel.edu.br\/labserg\/wp-json\/wp\/v2\/users\/840"}],"replies":[{"embeddable":true,"href":"https:\/\/wp.ufpel.edu.br\/labserg\/wp-json\/wp\/v2\/comments?post=2752"}],"version-history":[{"count":26,"href":"https:\/\/wp.ufpel.edu.br\/labserg\/wp-json\/wp\/v2\/posts\/2752\/revisions"}],"predecessor-version":[{"id":2781,"href":"https:\/\/wp.ufpel.edu.br\/labserg\/wp-json\/wp\/v2\/posts\/2752\/revisions\/2781"}],"wp:featuredmedia":[{"embeddable":true,"href":"https:\/\/wp.ufpel.edu.br\/labserg\/wp-json\/wp\/v2\/media\/2766"}],"wp:attachment":[{"href":"https:\/\/wp.ufpel.edu.br\/labserg\/wp-json\/wp\/v2\/media?parent=2752"}],"wp:term":[{"taxonomy":"category","embeddable":true,"href":"https:\/\/wp.ufpel.edu.br\/labserg\/wp-json\/wp\/v2\/categories?post=2752"},{"taxonomy":"post_tag","embeddable":true,"href":"https:\/\/wp.ufpel.edu.br\/labserg\/wp-json\/wp\/v2\/tags?post=2752"}],"curies":[{"name":"wp","href":"https:\/\/api.w.org\/{rel}","templated":true}]}}