{"id":2720,"date":"2019-05-31T17:00:22","date_gmt":"2019-05-31T20:00:22","guid":{"rendered":"https:\/\/wp.ufpel.edu.br\/labserg\/?p=2720"},"modified":"2019-05-31T17:00:22","modified_gmt":"2019-05-31T20:00:22","slug":"evento28jun","status":"publish","type":"post","link":"https:\/\/wp.ufpel.edu.br\/labserg\/evento28jun\/","title":{"rendered":"Evento dia 28\/jun &#8211; O Mundo do Trabalho no Brasil: Momento Atual e Poss\u00edveis Rumos"},"content":{"rendered":"<div class=\"bodytext_center\"><a href=\"https:\/\/forms.gle\/6vzbcpLWDg6h24w46\" rel=\"noopener noreferrer\" target=\"_blank\"><img loading=\"lazy\" decoding=\"async\" data-attachment-id=\"2734\" data-permalink=\"https:\/\/wp.ufpel.edu.br\/labserg\/evento28jun\/evento28jun-2\/\" data-orig-file=\"https:\/\/wp.ufpel.edu.br\/labserg\/files\/2019\/05\/evento28jun.png\" data-orig-size=\"850,200\" data-comments-opened=\"0\" data-image-meta=\"{&quot;aperture&quot;:&quot;0&quot;,&quot;credit&quot;:&quot;&quot;,&quot;camera&quot;:&quot;&quot;,&quot;caption&quot;:&quot;&quot;,&quot;created_timestamp&quot;:&quot;0&quot;,&quot;copyright&quot;:&quot;&quot;,&quot;focal_length&quot;:&quot;0&quot;,&quot;iso&quot;:&quot;0&quot;,&quot;shutter_speed&quot;:&quot;0&quot;,&quot;title&quot;:&quot;&quot;,&quot;orientation&quot;:&quot;0&quot;}\" data-image-title=\"evento28jun\" data-image-description=\"\" data-image-caption=\"\" data-medium-file=\"https:\/\/wp.ufpel.edu.br\/labserg\/files\/2019\/05\/evento28jun-400x94.png\" data-large-file=\"https:\/\/wp.ufpel.edu.br\/labserg\/files\/2019\/05\/evento28jun.png\" src=\"https:\/\/wp.ufpel.edu.br\/labserg\/files\/2019\/05\/evento28jun.png\" alt=\"\" width=\"850\" height=\"200\" class=\"alignnone size-full wp-image-2734\" srcset=\"https:\/\/wp.ufpel.edu.br\/labserg\/files\/2019\/05\/evento28jun.png 850w, https:\/\/wp.ufpel.edu.br\/labserg\/files\/2019\/05\/evento28jun-400x94.png 400w, https:\/\/wp.ufpel.edu.br\/labserg\/files\/2019\/05\/evento28jun-768x181.png 768w\" sizes=\"auto, (max-width: 850px) 100vw, 850px\" \/><\/a><\/div>\n<div class=\"bodytext_justify\">Acontecer\u00e1 no dia <strong>28 de junho de 2019<\/strong> o evento &#8220;<strong><a href=\"https:\/\/forms.gle\/6vzbcpLWDg6h24w46\" rel=\"noopener noreferrer\" target=\"_blank\">O Mundo do Trabalho no Brasil: Momento Atual e Poss\u00edveis Rumos<\/a><\/strong>&#8220;. Neste evento ser\u00e1 debatido o papel do antigo Minist\u00e9rio do Trabalho e Emprego (MTE) e suas contribui\u00e7\u00f5es sociais, as implica\u00e7\u00f5es das mudan\u00e7as realizadas pelo atual governo e os efeitos da sinergia entre extin\u00e7\u00e3o do MTE e da Reforma Trabalhista e Previdenci\u00e1ria. O evento contar\u00e1 com a presen\u00e7a dos palestrante <strong>M\u00c1RCIO RUI CANTOS<\/strong> (Auditor Fiscal do Trabalho e Representante da AGITRA) e <strong>JAIRO HALPERN<\/strong> (Mestre em Pol\u00edtica Social e Especialista em Direito P\u00fablico pela FGV).<\/div>\n<div class=\"bodytext_justify\">.<\/div>\n<div class=\"bodytext_justify\">O EVENTO: <strong><a href=\"https:\/\/forms.gle\/6vzbcpLWDg6h24w46\" rel=\"noopener noreferrer\" target=\"_blank\">O Mundo do Trabalho no Brasil: Momento Atual e Poss\u00edveis Rumos<\/a><\/strong><\/br>QUANDO: <strong>28 DE JUNHO<\/strong><\/br>Cronograma:<\/br>18h30 &#8211; 19h00 &#8211; <strong>Credenciamento<\/strong><\/br>19h00 &#8211; 20h00 &#8211; <strong>Palestra do Auditor Fiscal M\u00e1rcio Rui Cantos<\/strong><\/br>20h00 &#8211; 20h15 &#8211; <strong>Coffee Break<\/strong><\/br>20h15 &#8211; 21h15 &#8211; <strong>Palestra do Mestre em Pol\u00edtica Social Jairo Halpern<\/strong><\/br>21h15 &#8211; 22h00 &#8211; <strong>Abertura para perguntas aos palestrantes e debate<\/strong><\/div>\n<div class=\"bodytext_justify\">.<\/div>\n<div class=\"bodytext_justify\">O evento \u00e9 aberto a todos os interessados em conhecer e discutir o tema. Ser\u00e1 fornecido aos presentes certificado  de participa\u00e7\u00e3o com a carga hor\u00e1ria equivalente ao evento. Ser\u00e3o disponibilizadas 100 vagas para inscri\u00e7\u00e3o via formul\u00e1rio.<\/div>\n<div class=\"bodytext_justify\">.<\/div>\n<div class=\"bodytext_center\"><strong><a href=\"https:\/\/forms.gle\/6vzbcpLWDg6h24w46\" rel=\"noopener noreferrer\" target=\"_blank\">INSCREVA-SE AQUI<\/a><\/strong><\/div>\n<div class=\"bodytext_center\">**** IMPORTANTE ****<\/br><strong>\u00c9 imprescind\u00edvel documento de identifica\u00e7\u00e3o no momento do credenciamento.<\/strong><\/br><\/br><strong>PEDIMOS A DOA\u00c7\u00c3O DE 1kg DE ALIMENTO N\u00c3O PEREC\u00cdVEL NO MOMENTO DO CREDENCIAMENTO<\/strong><\/br>Os alimentos devem ser entregues no momento do credenciamento.<\/br>Os alimentos recolhidos ser\u00e3o doados a entidade ou associa\u00e7\u00e3o dedicada ao amparo social.<\/div>\n<div class=\"bodytext_justify\">.<\/div>\n<div class=\"bodytext_justify\">Aguardamos sua presen\u00e7a!<\/div>\n<div class=\"bodytext_justify\">.<\/div>\n<div class=\"bodytext_justify\"><strong>Equipe LABSERG<\/strong><\/div>\n","protected":false},"excerpt":{"rendered":"<p>Acontecer\u00e1 no dia 28 de junho de 2019 o evento &#8220;O Mundo do Trabalho no Brasil: Momento Atual e Poss\u00edveis Rumos&#8220;. Neste evento ser\u00e1 debatido o papel do antigo Minist\u00e9rio do Trabalho e Emprego (MTE) e suas contribui\u00e7\u00f5es sociais, as implica\u00e7\u00f5es das mudan\u00e7as realizadas pelo atual governo e os efeitos da sinergia entre extin\u00e7\u00e3o do &hellip; <\/p>\n<p><a class=\"more-link btn\" href=\"https:\/\/wp.ufpel.edu.br\/labserg\/evento28jun\/\">Continue lendo<\/a><\/p>\n","protected":false},"author":840,"featured_media":2735,"comment_status":"closed","ping_status":"closed","sticky":false,"template":"","format":"standard","meta":{"jetpack_post_was_ever_published":false,"_jetpack_newsletter_access":"","_jetpack_dont_email_post_to_subs":false,"_jetpack_newsletter_tier_id":0,"_jetpack_memberships_contains_paywalled_content":false,"_jetpack_memberships_contains_paid_content":false,"footnotes":"","jetpack_publicize_message":"","jetpack_publicize_feature_enabled":true,"jetpack_social_post_already_shared":true,"jetpack_social_options":{"image_generator_settings":{"template":"highway","default_image_id":0,"font":"","enabled":false},"version":2}},"categories":[9259,33376,86427,86381],"tags":[],"class_list":["post-2720","post","type-post","status-publish","format-standard","has-post-thumbnail","hentry","category-eventos","category-extensao","category-labserg-out","category-sst-e-investimento","nodate","item-wrap"],"jetpack_publicize_connections":[],"jetpack_featured_media_url":"https:\/\/wp.ufpel.edu.br\/labserg\/files\/2019\/05\/evento_28jun_1.png","jetpack_sharing_enabled":true,"jetpack_shortlink":"https:\/\/wp.me\/p3ZG28-HS","_links":{"self":[{"href":"https:\/\/wp.ufpel.edu.br\/labserg\/wp-json\/wp\/v2\/posts\/2720","targetHints":{"allow":["GET"]}}],"collection":[{"href":"https:\/\/wp.ufpel.edu.br\/labserg\/wp-json\/wp\/v2\/posts"}],"about":[{"href":"https:\/\/wp.ufpel.edu.br\/labserg\/wp-json\/wp\/v2\/types\/post"}],"author":[{"embeddable":true,"href":"https:\/\/wp.ufpel.edu.br\/labserg\/wp-json\/wp\/v2\/users\/840"}],"replies":[{"embeddable":true,"href":"https:\/\/wp.ufpel.edu.br\/labserg\/wp-json\/wp\/v2\/comments?post=2720"}],"version-history":[{"count":10,"href":"https:\/\/wp.ufpel.edu.br\/labserg\/wp-json\/wp\/v2\/posts\/2720\/revisions"}],"predecessor-version":[{"id":2736,"href":"https:\/\/wp.ufpel.edu.br\/labserg\/wp-json\/wp\/v2\/posts\/2720\/revisions\/2736"}],"wp:featuredmedia":[{"embeddable":true,"href":"https:\/\/wp.ufpel.edu.br\/labserg\/wp-json\/wp\/v2\/media\/2735"}],"wp:attachment":[{"href":"https:\/\/wp.ufpel.edu.br\/labserg\/wp-json\/wp\/v2\/media?parent=2720"}],"wp:term":[{"taxonomy":"category","embeddable":true,"href":"https:\/\/wp.ufpel.edu.br\/labserg\/wp-json\/wp\/v2\/categories?post=2720"},{"taxonomy":"post_tag","embeddable":true,"href":"https:\/\/wp.ufpel.edu.br\/labserg\/wp-json\/wp\/v2\/tags?post=2720"}],"curies":[{"name":"wp","href":"https:\/\/api.w.org\/{rel}","templated":true}]}}