{"id":1541,"date":"2016-10-04T14:47:00","date_gmt":"2016-10-04T17:47:00","guid":{"rendered":"https:\/\/wp.ufpel.edu.br\/labserg\/?p=1541"},"modified":"2016-10-04T14:52:02","modified_gmt":"2016-10-04T17:52:02","slug":"agrotoxicos-depressao-e-dividas-criam-bomba-relogio-de-suicidios-no-rs","status":"publish","type":"post","link":"https:\/\/wp.ufpel.edu.br\/labserg\/agrotoxicos-depressao-e-dividas-criam-bomba-relogio-de-suicidios-no-rs\/","title":{"rendered":"Agrot\u00f3xicos, depress\u00e3o e d\u00edvidas criam \u2018bomba-rel\u00f3gio\u2019 de suic\u00eddios no RS"},"content":{"rendered":"<div class=\"bodytext_center\"><img loading=\"lazy\" decoding=\"async\" data-attachment-id=\"1539\" data-permalink=\"https:\/\/wp.ufpel.edu.br\/labserg\/agrotoxicos-depressao-e-dividas-criam-bomba-relogio-de-suicidios-no-rs\/suicidio_x_tabaco_00\/\" data-orig-file=\"https:\/\/wp.ufpel.edu.br\/labserg\/files\/2016\/10\/suicidio_x_tabaco_00.jpg\" data-orig-size=\"624,351\" data-comments-opened=\"0\" data-image-meta=\"{&quot;aperture&quot;:&quot;0&quot;,&quot;credit&quot;:&quot;&quot;,&quot;camera&quot;:&quot;&quot;,&quot;caption&quot;:&quot;&quot;,&quot;created_timestamp&quot;:&quot;0&quot;,&quot;copyright&quot;:&quot;&quot;,&quot;focal_length&quot;:&quot;0&quot;,&quot;iso&quot;:&quot;0&quot;,&quot;shutter_speed&quot;:&quot;0&quot;,&quot;title&quot;:&quot;&quot;,&quot;orientation&quot;:&quot;0&quot;}\" data-image-title=\"suicidio_x_tabaco_00\" data-image-description=\"\" data-image-caption=\"\" data-medium-file=\"https:\/\/wp.ufpel.edu.br\/labserg\/files\/2016\/10\/suicidio_x_tabaco_00-424x239.jpg\" data-large-file=\"https:\/\/wp.ufpel.edu.br\/labserg\/files\/2016\/10\/suicidio_x_tabaco_00-624x220.jpg\" class=\"aligncenter wp-image-1539 size-large\" src=\"https:\/\/wp.ufpel.edu.br\/labserg\/files\/2016\/10\/suicidio_x_tabaco_00-624x220.jpg\" alt=\"suicidio_x_tabaco_00\" width=\"624\" height=\"220\" \/><\/div>\n<div class=\"bodytext_justify\">Foi veiculado hoje no website da <a href=\"https:\/\/goo.gl\/0Vntzo\" target=\"_blank\">BBC Brasil<\/a> uma interessante reportagem sobre a ainda recorrente e alta taxa de suic\u00eddios na regi\u00e3o fumageira ga\u00facha. A reportagem traz um breve panorama da problem\u00e1tica do suic\u00eddio, de sua associa\u00e7\u00e3o \u00e0 cultura do fumo e os desafios enfrentados pelos agricultores, que muitas vezes absorvem d\u00edvidas decorrentes de detalhes colocados nas entrelinhas dos contratos impostos a eles. Realmente um cen\u00e1rio triste e indesej\u00e1vel.<\/div>\n<div class=\"bodytext_justify\">At\u00e9 aqui n\u00e3o h\u00e1 nada de novo. Este quadro vem sendo verificado a v\u00e1rios anos no estado e os debates no sentido de atuar no problema persistem.<\/div>\n<div class=\"bodytext_justify\">A novidade est\u00e1 no fato da associa\u00e7\u00e3o da Ergonomia do problema. Segundo os agricultores o principal desafio em se proteger dos agrot\u00f3xicos encontra-se no EPI, o qual n\u00e3o consegue atender condi\u00e7\u00f5es de conforto e usabilidade. Vale \u00e0 pena dedicar alguns minutos de leitura e compreender melhor o tema.<\/div>\n<div class=\"bodytext_justify\">Boa leitura!!<\/div>\n<div class=\"bodytext_justify_i\">.<\/div>\n<div class=\"bodytext_justify_i\"><strong>Agrot\u00f3xicos, depress\u00e3o e d\u00edvidas criam \u2018bomba-rel\u00f3gio\u2019 de suic\u00eddios no RS<\/strong><\/div>\n<div class=\"bodytext_justify_i\">.<\/div>\n<div class=\"bodytext_justify_i\">A fam\u00edlia de agricultores acordou cedo e tomou chimarr\u00e3o naquela manh\u00e3 quente de 21 de dezembro de 2013. A m\u00e3e fez bolinhos para o lanche e iniciou o preparo da lentilha para o almo\u00e7o.<\/div>\n<div class=\"bodytext_justify_i\">Mas, quando Simone Rovadoski, 39 anos, saiu da casa para ajudar o marido Jos\u00e9 Dell Osbel, 44, no cultivo dos 48 mil p\u00e9s de tabaco da fam\u00edlia, encontrou-o morto.<\/div>\n<div class=\"bodytext_justify_i\">&#8220;N\u00e3o pude evitar que as crian\u00e7as vissem. Foi um horror&#8221;, relembra Simone sobre o suic\u00eddio do marido, em Gramado Xavier, a 156 km de Porto Alegre. &#8220;Ajuda a salvar meu pai, ajuda!&#8221;, pedia o filho do casal, na \u00e9poca com 13 anos, para curiosos que se aproximavam.<\/div>\n<div class=\"bodytext_justify_i\">Osbel passou a integrar as estat\u00edsticas que fazem do Rio Grande do Sul o Estado com mais casos de suic\u00eddios no Brasil: 10 a cada 100 mil habitantes.<\/div>\n<div class=\"bodytext_justify_i\">A taxa \u00e9 praticamente o dobro da brasileira (5,2 por 100 mil em 2012, segundo dados do Minist\u00e9rio da Sa\u00fade) e pr\u00f3xima da taxa mundial (11,4 por 100 mil, segundo a Organiza\u00e7\u00e3o Mundial da Sa\u00fade).<\/div>\n<div class=\"bodytext_justify_i\">.<\/div>\n<div class=\"bodytext_justify_i\"><strong>Agrot\u00f3xicos e depress\u00e3o<\/strong><\/div>\n<div class=\"bodytext_justify_i\">Gramado Xavier, com pouco mais de 4 mil habitantes, fica na regi\u00e3o central ga\u00facha, conhecida por ser um polo fumageiro &#8211; da ind\u00fastria do fumo.<\/div>\n<div class=\"bodytext_justify_i\">A conex\u00e3o entre suic\u00eddio e plantadores de fumo \u00e9 apontada em diversos estudos cient\u00edficos. Um relat\u00f3rio da Comiss\u00e3o de Direitos Humanos da Assembleia Legislativa ga\u00facha apontava, em 1996, que 80% dos suic\u00eddios da cidade de Ven\u00e2ncio Aires, a maior produtora de tabaco do Estado, eram cometidos por agricultores. O mesmo estudo mostrava aumento nos suic\u00eddios quando o uso de agrot\u00f3xicos era intensificado.<\/div>\n<div class=\"bodytext_justify_i\">Segundo uma pesquisa da Universidade Federal do Rio Grande do Sul, o uso de agrot\u00f3xicos, como os organofosforados, aumenta as chances de depress\u00e3o dos agricultores.<\/div>\n<div class=\"bodytext_justify_i\">Em 2014, 20% de cem fumicultores entrevistados sofriam de depress\u00e3o, segundo a UFGRS. O quadro depressivo por exposi\u00e7\u00e3o aos venenos, somado a fatores sociais e culturais, pode evoluir para o suic\u00eddio.<\/div>\n<div class=\"bodytext_justify_i\">A rela\u00e7\u00e3o \u00e9 contestada pelo Sindicato da Ind\u00fastria do Tabaco local (Sinditabaco), que diz que &#8220;atrelar casos de suic\u00eddio ao uso de agrot\u00f3xicos na cultura do tabaco \u00e9 inconsistente&#8221;.<\/div>\n<div class=\"bodytext_justify_i\">O Rio Grande do Sul tem 73.430 fam\u00edlias (mais de 577 mil pessoas) que colhem 255 mil toneladas de tabaco anualmente, de acordo com a Afubra (Associa\u00e7\u00e3o dos Fumicultores do Brasil).<\/div>\n<div class=\"bodytext_justify_i\">A Afubra alega que as empresas fumageiras orientam os agricultores quanto \u00e0 aplica\u00e7\u00e3o correta dos defensivos e o uso de equipamentos de prote\u00e7\u00e3o individual (EPIs). Segundo o Sinditabaco, &#8220;alguns produtores ainda resistem \u00e0 utiliza\u00e7\u00e3o correta do EPI&#8221;.<\/div>\n<div class=\"bodytext_justify_i\">Mas &#8220;o agrot\u00f3xico, para fazer efeito, tem que ser aplicado quando tem sol, naqueles calor\u00f5es infernais de novembro. O suor emba\u00e7a os \u00f3culos (do equipamento), a m\u00e1scara sufoca, falta ar. A luva prejudica a coordena\u00e7\u00e3o motora fina&#8221;, conta Mateus Rossato, 35 anos, que trabalhou na lavoura da fam\u00edlia dos 12 aos 20 anos, em Nova Palma, a 224 km da capital ga\u00facha.<\/div>\n<div class=\"bodytext_justify_i\"><strong>Rossato avalia a falta de ergonomia dos equipamentos de seguran\u00e7a porque hoje entende sobre o corpo humano: \u00e9 professor de Educa\u00e7\u00e3o F\u00edsica na Universidade Federal do Amazonas. Para ele, os equipamentos n\u00e3o s\u00e3o adequados \u00e0s necessidades reais dos agricultores. E, mesmo quando s\u00e3o usados, n\u00e3o impedem que o veneno, que \u00e9 carregado nas costas, escorra pelo corpo no momento da aplica\u00e7\u00e3o.<\/strong><\/div>\n<div class=\"bodytext_justify_i\">.<\/div>\n<div class=\"bodytext_center\"><img loading=\"lazy\" decoding=\"async\" data-attachment-id=\"1540\" data-permalink=\"https:\/\/wp.ufpel.edu.br\/labserg\/agrotoxicos-depressao-e-dividas-criam-bomba-relogio-de-suicidios-no-rs\/suicidio_x_tabaco_01\/\" data-orig-file=\"https:\/\/wp.ufpel.edu.br\/labserg\/files\/2016\/10\/suicidio_x_tabaco_01.jpg\" data-orig-size=\"660,371\" data-comments-opened=\"0\" data-image-meta=\"{&quot;aperture&quot;:&quot;0&quot;,&quot;credit&quot;:&quot;&quot;,&quot;camera&quot;:&quot;&quot;,&quot;caption&quot;:&quot;&quot;,&quot;created_timestamp&quot;:&quot;0&quot;,&quot;copyright&quot;:&quot;&quot;,&quot;focal_length&quot;:&quot;0&quot;,&quot;iso&quot;:&quot;0&quot;,&quot;shutter_speed&quot;:&quot;0&quot;,&quot;title&quot;:&quot;&quot;,&quot;orientation&quot;:&quot;0&quot;}\" data-image-title=\"suicidio_x_tabaco_01\" data-image-description=\"\" data-image-caption=\"\" data-medium-file=\"https:\/\/wp.ufpel.edu.br\/labserg\/files\/2016\/10\/suicidio_x_tabaco_01-424x238.jpg\" data-large-file=\"https:\/\/wp.ufpel.edu.br\/labserg\/files\/2016\/10\/suicidio_x_tabaco_01-660x220.jpg\" class=\"aligncenter wp-image-1540\" src=\"https:\/\/wp.ufpel.edu.br\/labserg\/files\/2016\/10\/suicidio_x_tabaco_01.jpg\" width=\"600\" height=\"337\" srcset=\"https:\/\/wp.ufpel.edu.br\/labserg\/files\/2016\/10\/suicidio_x_tabaco_01.jpg 660w, https:\/\/wp.ufpel.edu.br\/labserg\/files\/2016\/10\/suicidio_x_tabaco_01-212x119.jpg 212w, https:\/\/wp.ufpel.edu.br\/labserg\/files\/2016\/10\/suicidio_x_tabaco_01-424x238.jpg 424w\" sizes=\"auto, (max-width: 600px) 100vw, 600px\" \/><\/div>\n<div class=\"bodytext_justify_i\">.<\/div>\n<div class=\"bodytext_justify_i\"><strong>Doen\u00e7a da folha verde<\/strong><\/div>\n<div class=\"bodytext_justify_i\">Os danos \u00e0 sa\u00fade relatados pelos pr\u00f3prios agricultores, por\u00e9m, n\u00e3o s\u00e3o somente ps\u00edquicos.<\/div>\n<div class=\"bodytext_justify_i\">Do total de entrevistados no estudo da UFRGS, 67% apresentaram os sintomas da doen\u00e7a da folha verde do tabaco (DFVT), causada pela intoxica\u00e7\u00e3o por nicotina atrav\u00e9s do contato da planta \u00famida com a pele. Os principais sintomas s\u00e3o v\u00f4mito, tontura, dor de cabe\u00e7a e fraqueza, de acordo com o Minist\u00e9rio da Sa\u00fade.<\/div>\n<div class=\"bodytext_justify_i\">Antes de se suicidar, Osbel chegou a ser internado para tratar a depress\u00e3o. Mas antes foi diagnosticado por diferentes m\u00e9dicos com sinais da doen\u00e7a da folha verde.<\/div>\n<div class=\"bodytext_justify_i\">&#8220;Ele ia para a ro\u00e7a e logo tinha que procurar atendimento porque desmaiava&#8221;, relembra Simone.<\/div>\n<div class=\"bodytext_justify_i\">Ela conta que, depressivo e intoxicado, Osbel tamb\u00e9m abusava do \u00e1lcool.<\/div>\n<div class=\"bodytext_justify_i\">&#8220;Os agricultores acabam tratando seus problemas com o \u00e1lcool. \u00c9 mais um fator de risco&#8221;, afirma o m\u00e9dico psiquiatra Rafael Moreno de Ara\u00fajo, coordenador do Comit\u00ea de Preven\u00e7\u00e3o do Suic\u00eddio da Associa\u00e7\u00e3o de Psiquiatria do Rio Grande do Sul (APRS).<\/div>\n<div class=\"bodytext_justify_i\">O m\u00e9dico ressalta que o hist\u00f3rico familiar, influenciado tanto pela heran\u00e7a gen\u00e9tica como pela cultura local, tamb\u00e9m colabora para o suic\u00eddio. Al\u00e9m de tudo, Osbel tinha um av\u00f4 que havia se suicidado.<\/div>\n<div class=\"bodytext_justify_i\">&#8220;\u00c9 uma bomba-rel\u00f3gio&#8221;, diz o psiquiatra ao enumerar os fatores de risco aos quais os fumicultores est\u00e3o expostos: gen\u00e9tica, baixa escolaridade, hist\u00f3rico familiar, estilo de vida estressante e intoxica\u00e7\u00e3o.<\/div>\n<div class=\"bodytext_justify_i\">.<\/div>\n<div class=\"bodytext_justify_i\"><strong>D\u00edvidas com as fumageiras<\/strong><\/div>\n<div class=\"bodytext_justify_i\">A quest\u00e3o financeira \u00e9 o principal gatilho para o estresse entre fumicultores. Eles precisam organizar o dinheiro que recebem apenas uma vez por ano para sustentar a fam\u00edlia pelos 12 meses seguintes.<\/div>\n<div class=\"bodytext_justify_i\">Al\u00e9m disso, a maioria deles tem d\u00edvidas com as pr\u00f3prias empresas que compram sua produ\u00e7\u00e3o. N\u00e3o \u00e9 raro que os processos movidos pelas companhias terminem com a tomada das terras dos agricultores.<\/div>\n<div class=\"bodytext_justify_i\">&#8220;A perda das terras \u00e9 a perda da vida deles&#8221;, analisa o advogado Mateus Ferrari, que atende diversos casos de agricultores endividados.<\/div>\n<div class=\"bodytext_justify_i\">A d\u00edvida inicia quando o agricultor se compromete a entregar sua produ\u00e7\u00e3o a uma empresa espec\u00edfica. A empresa fornece sementes, venenos e equipamentos de seguran\u00e7a e muitas vezes exige a constru\u00e7\u00e3o de galp\u00f5es. Mas tudo isso \u00e9 descontado do valor a ser pago pela produ\u00e7\u00e3o.<\/div>\n<div class=\"bodytext_justify_i\">Quando esta \u00e9 entregue, a empresa classifica as folhas atrav\u00e9s de uma amostra: quanto mais qualidade, mais ser\u00e1 pago. Muitas vezes os agricultores recebem menos do que o planejado e ainda precisam pagar suas d\u00edvidas dos insumos.<\/div>\n<div class=\"bodytext_justify_i\">&#8220;Eles n\u00e3o t\u00eam como argumentar, a maioria tem escolaridade baixa. \u00c9 o tempo todo sob amea\u00e7a: &#8216;vamos cancelar o pedido, colocar teu nome no SPC e acionar a Justi\u00e7a'&#8221;, relata Ferrari.<\/div>\n<div class=\"bodytext_justify_i\">Sob amea\u00e7a de perderem suas terras e querendo receber os insumos da pr\u00f3xima safra, os agricultores acabam assinando sua confiss\u00e3o de d\u00edvida, n\u00e3o raro com juros sobre juros, sem estarem completamente cientes das consequ\u00eancias.<\/div>\n<div class=\"bodytext_justify_i\">&#8220;A gente tenta salvar as terras, mas n\u00e3o h\u00e1 como combater os contratos. Ent\u00e3o, tentamos um acordo para que os agricultores consigam pagar&#8221;, explica Ferrari.<\/div>\n<div class=\"bodytext_justify_i\">Depois que o marido se suicidou, Simone ficou um ano sem plantar porque, endividada, n\u00e3o conseguia adquirir insumos. S\u00f3 retomou a lavoura porque fez novos cr\u00e9ditos no nome &#8220;limpo&#8221; da filha, de 19 anos.<\/div>\n<div class=\"bodytext_justify_i\">.<\/div>\n<div class=\"bodytext_justify_i\"><strong>Falta de apoio<\/strong><\/div>\n<div class=\"bodytext_justify_i\">Alguns dos processos contra os agricultores s\u00e3o iniciados pela pr\u00f3pria Afubra, em teoria representante deles. A entidade alega que s\u00f3 entra na Justi\u00e7a contra os fumicultores &#8220;quando o individual se sobrep\u00f5e ao coletivo&#8221;, mas n\u00e3o especificou os casos.<\/div>\n<div class=\"bodytext_justify_i\">A entidade tampouco respondeu se ajuda os agricultores a entenderem seus contratos ou se atua de alguma maneira na preven\u00e7\u00e3o de suic\u00eddios.<\/div>\n<div class=\"bodytext_justify_i\">O Sinditabaco, questionado se auxilia os agricultores na preven\u00e7\u00e3o do endividamento ou contabiliza o n\u00famero de casos na Justi\u00e7a, diz apenas que &#8220;trata dos assuntos comuns \u00e0s empresas associadas e, portanto, n\u00e3o disp\u00f5e desse tipo de informa\u00e7\u00e3o&#8221;.<\/div>\n<div class=\"bodytext_justify_i\">O pai de J\u00falio Selbach, 47 anos, do munic\u00edpio de General C\u00e2mara, perdeu 22 hectares de suas terras na Justi\u00e7a. &#8220;A causa est\u00e1 perdida, n\u00e3o conto mais com isso. Continuo lutando, mas vai ser muito dif\u00edcil reverter&#8221;, comenta Selbach.<\/div>\n<div class=\"bodytext_justify_i\">Seu pai era seu fiador de uma d\u00edvida de R$ 150 mil que a fam\u00edlia considera &#8220;inexplic\u00e1vel&#8221;. &#8220;No final das contas tudo \u00e9 legal. O orientador t\u00e9cnico da empresa traz um monte de folhas e manda tu assinar. Eles dizem &#8216;n\u00e3o adianta nem tu ler que tu n\u00e3o vai entender. Se n\u00e3o quiser assinar o neg\u00f3cio termina aqui'&#8221;, relata.<\/div>\n<div class=\"bodytext_justify_i\">Por causa da d\u00edvida e da perda das terras do pai, Selbach largou a planta\u00e7\u00e3o de tabaco e agora produz leite. Ele conta que hist\u00f3rias como essa muitas vezes acabam em suic\u00eddio porque o &#8220;chefe&#8221; da fam\u00edlia sente culpa por envolver a fam\u00edlia em uma situa\u00e7\u00e3o de conflito.<\/div>\n<div class=\"bodytext_justify_i\">O psiquiatra coordenador da APRS corrobora a tese. &#8220;Nessa regi\u00e3o o suic\u00eddio \u00e9 um problema que atinge os homens, que t\u00eam essa responsabilidade de ser o provedor da fam\u00edlia e acabam ficando com a culpa pela (m\u00e1) safra, pela d\u00edvida&#8221;, diz Ara\u00fajo. Segundo ele, poucos desses homens procuram ajuda psicol\u00f3gica.<\/div>\n<div class=\"bodytext_justify_i\">H\u00e1 tamb\u00e9m, segundo ele, neglig\u00eancia no atendimento do sistema de sa\u00fade. &#8220;\u00c0s vezes o paciente chega (ap\u00f3s ter tentado) suic\u00eddio, passa por uma lavagem no est\u00f4mago e \u00e9 liberado, sem avalia\u00e7\u00e3o psiqui\u00e1trica&#8221;, relata.<\/div>\n<div class=\"bodytext_justify_i\">.<\/div>\n<div class=\"bodytext_justify_i\"><strong>Intoxica\u00e7\u00e3o infantil<\/strong><\/div>\n<div class=\"bodytext_justify_i\">O problema se torna ainda mais complexo porque a entrada de muitos agricultores na lavoura ocorre muito cedo. O marido de Simone, que se suicidou em 2013, trabalhou na lavoura de fumo por 34 anos, desde crian\u00e7a. Rossato, o professor de Educa\u00e7\u00e3o F\u00edsica, tamb\u00e9m trabalhou na ro\u00e7a quando era pequeno.<\/div>\n<div class=\"bodytext_justify_i\">Por causa da presen\u00e7a constante das crian\u00e7as no campo, casos de intoxica\u00e7\u00e3o e alergias s\u00e3o comuns.<\/div>\n<div class=\"bodytext_justify_i\">O filho mais velho de Luciana Pereira da Rosa, 44 anos, de General C\u00e2mara, apresentou sinais de doen\u00e7a da folha verde quando tinha apenas 12 anos. &#8220;Ele ia para a ro\u00e7a colher fumo e vomitava direto&#8221;, relembra a m\u00e3e.<\/div>\n<div class=\"bodytext_justify_i\">O filho agora tem 28 anos e recentemente abandonou a atividade, junto com os pais. Todos se mudaram para Taquari, cidade pr\u00f3xima, por causa da alergia da irm\u00e3 mais nova, hoje com sete anos. &#8220;A pele ficava vermelha, sa\u00eda sangue e levantava uma casca. Era horr\u00edvel&#8221;, lembra Luciana.<\/div>\n<div class=\"bodytext_justify_i\">Os m\u00e9dicos n\u00e3o davam um diagn\u00f3stico preciso sobre a causa, mas Luciana notava que as crises ocorriam logo depois que o glifosato era aplicado nos p\u00e9s de fumo da fam\u00edlia ou de vizinhos.<\/div>\n<div class=\"bodytext_justify_i\">Com a mudan\u00e7a de cidade, a filha n\u00e3o ficou mais doente.<\/div>\n<div class=\"bodytext_justify_i\">O Minist\u00e9rio P\u00fablico do Trabalho do RS n\u00e3o disp\u00f5e de estat\u00edsticas sobre trabalho infantil nas lavouras. De acordo com a procuradora Erin\u00e9ia Thomazini, de Santa Cruz do Sul, na regi\u00e3o fumageira, &#8220;em muitos casos a den\u00fancia de trabalho infantil sequer chega&#8221;.<\/div>\n<div class=\"bodytext_justify_i\">Uma pesquisa do IBGE aponta que 39.659 crian\u00e7as de 10 a 13 anos trabalhavam no Rio Grande do Sul em 2010.<\/div>\n<div class=\"bodytext_justify_i\">O Sinditabaco diz combater a pr\u00e1tica, mas agrega que &#8220;temos ainda um caminho a percorrer para a completa erradica\u00e7\u00e3o do problema&#8221;. A entidade aponta a necessidade de mais escolas rurais para auxiliar na preven\u00e7\u00e3o.<\/div>\n<div class=\"bodytext_justify_i\">Quem deixa a planta\u00e7\u00e3o de fumo diz que a sensa\u00e7\u00e3o \u00e9 de al\u00edvio. Mas not\u00edcias sobre suic\u00eddios de vizinhos e conhecidos sempre chegam.<\/div>\n<div class=\"bodytext_justify_i\">&#8220;L\u00e1 na minha regi\u00e3o tem uma express\u00e3o: &#8216;s\u00f3 se vende corda com receita m\u00e9dica&#8217;. Isso porque \u00e9 alta a incid\u00eancia de suic\u00eddio dos agricultores. Voc\u00ea junta a depress\u00e3o com a d\u00edvida, a frustra\u00e7\u00e3o de perder uma safra. \u00c9 o contexto perfeito para se suicidar&#8221;, comenta Rossato sobre os conterr\u00e2neos.<\/div>\n<div class=\"bodytext_justify_i\">Al\u00e9m disso, o sil\u00eancio dos agricultores sobre o tema agrava o quadro. &#8221; O suic\u00eddio parece que \u00e9 tratado como um tabu, quase proibido ou at\u00e9 vergonhoso de falar. Claro que d\u00f3i. Mas preciso falar porque quero que menos gente tire a pr\u00f3pria vida, como meu marido fez&#8221;, alerta Simone.<\/div>\n<div class=\"bodytext_justify\">.<\/div>\n<div class=\"bodytext_justify\">Fonte: <a href=\"https:\/\/goo.gl\/0Vntzo\" target=\"_blank\">por Paula Sperb &#8211; de Porto Alegre para a BBC Brasil<\/a><\/div>\n","protected":false},"excerpt":{"rendered":"<p>Foi veiculado hoje no website da BBC Brasil uma interessante reportagem sobre a ainda recorrente e alta taxa de suic\u00eddios na regi\u00e3o fumageira ga\u00facha. A reportagem traz um breve panorama da problem\u00e1tica do suic\u00eddio, de sua associa\u00e7\u00e3o \u00e0 cultura do fumo e os desafios enfrentados pelos agricultores, que muitas vezes absorvem d\u00edvidas decorrentes de detalhes &hellip; <\/p>\n<p><a class=\"more-link btn\" href=\"https:\/\/wp.ufpel.edu.br\/labserg\/agrotoxicos-depressao-e-dividas-criam-bomba-relogio-de-suicidios-no-rs\/\">Continue lendo<\/a><\/p>\n","protected":false},"author":275,"featured_media":1539,"comment_status":"closed","ping_status":"closed","sticky":false,"template":"","format":"standard","meta":{"jetpack_post_was_ever_published":false,"_jetpack_newsletter_access":"","_jetpack_dont_email_post_to_subs":true,"_jetpack_newsletter_tier_id":0,"_jetpack_memberships_contains_paywalled_content":false,"_jetpack_memberships_contains_paid_content":false,"footnotes":"","jetpack_publicize_message":"","jetpack_publicize_feature_enabled":true,"jetpack_social_post_already_shared":true,"jetpack_social_options":{"image_generator_settings":{"template":"highway","default_image_id":0,"font":"","enabled":false},"version":2}},"categories":[451,86391,86381],"tags":[],"class_list":["post-1541","post","type-post","status-publish","format-standard","has-post-thumbnail","hentry","category-dicas","category-ergonomia","category-sst-e-investimento","nodate","item-wrap"],"jetpack_publicize_connections":[],"jetpack_featured_media_url":"https:\/\/wp.ufpel.edu.br\/labserg\/files\/2016\/10\/suicidio_x_tabaco_00.jpg","jetpack_sharing_enabled":true,"jetpack_shortlink":"https:\/\/wp.me\/p3ZG28-oR","_links":{"self":[{"href":"https:\/\/wp.ufpel.edu.br\/labserg\/wp-json\/wp\/v2\/posts\/1541","targetHints":{"allow":["GET"]}}],"collection":[{"href":"https:\/\/wp.ufpel.edu.br\/labserg\/wp-json\/wp\/v2\/posts"}],"about":[{"href":"https:\/\/wp.ufpel.edu.br\/labserg\/wp-json\/wp\/v2\/types\/post"}],"author":[{"embeddable":true,"href":"https:\/\/wp.ufpel.edu.br\/labserg\/wp-json\/wp\/v2\/users\/275"}],"replies":[{"embeddable":true,"href":"https:\/\/wp.ufpel.edu.br\/labserg\/wp-json\/wp\/v2\/comments?post=1541"}],"version-history":[{"count":15,"href":"https:\/\/wp.ufpel.edu.br\/labserg\/wp-json\/wp\/v2\/posts\/1541\/revisions"}],"predecessor-version":[{"id":3310,"href":"https:\/\/wp.ufpel.edu.br\/labserg\/wp-json\/wp\/v2\/posts\/1541\/revisions\/3310"}],"wp:featuredmedia":[{"embeddable":true,"href":"https:\/\/wp.ufpel.edu.br\/labserg\/wp-json\/wp\/v2\/media\/1539"}],"wp:attachment":[{"href":"https:\/\/wp.ufpel.edu.br\/labserg\/wp-json\/wp\/v2\/media?parent=1541"}],"wp:term":[{"taxonomy":"category","embeddable":true,"href":"https:\/\/wp.ufpel.edu.br\/labserg\/wp-json\/wp\/v2\/categories?post=1541"},{"taxonomy":"post_tag","embeddable":true,"href":"https:\/\/wp.ufpel.edu.br\/labserg\/wp-json\/wp\/v2\/tags?post=1541"}],"curies":[{"name":"wp","href":"https:\/\/api.w.org\/{rel}","templated":true}]}}