{"id":1504,"date":"2016-09-16T15:52:26","date_gmt":"2016-09-16T18:52:26","guid":{"rendered":"https:\/\/wp.ufpel.edu.br\/labserg\/?p=1504"},"modified":"2016-09-16T16:01:54","modified_gmt":"2016-09-16T19:01:54","slug":"dica-de-evento-v-simep-joinville-sc-brasil","status":"publish","type":"post","link":"https:\/\/wp.ufpel.edu.br\/labserg\/dica-de-evento-v-simep-joinville-sc-brasil\/","title":{"rendered":"Dica de Evento &#8211; V SIMEP (Joinville-SC-Brasil)"},"content":{"rendered":"<div class=\"bodytext_justify\">Segue aqui um dica interessante de um evento na \u00e1rea de Engenharia de Produ\u00e7\u00e3o que tem aentre suas \u00e1rea tem\u00e1ticas\u00a0a\u00a0<strong>Ergonomia e Seguran\u00e7a no Trabalho<\/strong>. Vale \u00e0 pena conferir, pois os prazos e locais s\u00e3o \u00f3timos para quem est\u00e1 na regi\u00e3o sul do pa\u00eds. Confira!<\/div>\n<div class=\"bodytext_center\"><a href=\"https:\/\/goo.gl\/1I28r1\"><img loading=\"lazy\" decoding=\"async\" data-attachment-id=\"1503\" data-permalink=\"https:\/\/wp.ufpel.edu.br\/labserg\/dica-de-evento-v-simep-joinville-sc-brasil\/simep\/\" data-orig-file=\"https:\/\/wp.ufpel.edu.br\/labserg\/files\/2016\/09\/simep.jpg\" data-orig-size=\"645,306\" data-comments-opened=\"0\" data-image-meta=\"{&quot;aperture&quot;:&quot;0&quot;,&quot;credit&quot;:&quot;&quot;,&quot;camera&quot;:&quot;&quot;,&quot;caption&quot;:&quot;&quot;,&quot;created_timestamp&quot;:&quot;0&quot;,&quot;copyright&quot;:&quot;&quot;,&quot;focal_length&quot;:&quot;0&quot;,&quot;iso&quot;:&quot;0&quot;,&quot;shutter_speed&quot;:&quot;0&quot;,&quot;title&quot;:&quot;&quot;,&quot;orientation&quot;:&quot;1&quot;}\" data-image-title=\"simep\" data-image-description=\"\" data-image-caption=\"\" data-medium-file=\"https:\/\/wp.ufpel.edu.br\/labserg\/files\/2016\/09\/simep-424x201.jpg\" data-large-file=\"https:\/\/wp.ufpel.edu.br\/labserg\/files\/2016\/09\/simep-645x220.jpg\" class=\"aligncenter wp-image-1503 size-full\" src=\"https:\/\/wp.ufpel.edu.br\/labserg\/files\/2016\/09\/simep.jpg\" alt=\"simep\" width=\"645\" height=\"306\" srcset=\"https:\/\/wp.ufpel.edu.br\/labserg\/files\/2016\/09\/simep.jpg 645w, https:\/\/wp.ufpel.edu.br\/labserg\/files\/2016\/09\/simep-212x101.jpg 212w, https:\/\/wp.ufpel.edu.br\/labserg\/files\/2016\/09\/simep-424x201.jpg 424w\" sizes=\"auto, (max-width: 645px) 100vw, 645px\" \/><\/a><\/div>\n<div class=\"bodytext_justify_i\"><strong><a href=\"https:\/\/goo.gl\/1I28r1\" target=\"_blank\">V Simp\u00f3sio de Engenharia de Produ\u00e7\u00e3o<\/a><\/strong><\/div>\n<div class=\"bodytext_justify_i\">Tema do SIMEP 2017:<\/div>\n<div class=\"bodytext_justify_i\">&#8220;Os Desafios na Gest\u00e3o da Qualidade, Competitividade e Inova\u00e7\u00e3o Tecnol\u00f3gica&#8221;<\/div>\n<div class=\"bodytext_justify_i\">Submiss\u00e3o de Artigos: 01\/09\/2016 a 05\/02\/2017.<\/div>\n<div class=\"bodytext_justify_i\">(N\u00e3o haver\u00e1 a cobran\u00e7a da taxa de submiss\u00e3o de artigos, o envio \u00e9 gratuito).<\/div>\n<div class=\"bodytext_justify_i\">O evento acontecer\u00e1 na cidade de Joinville \/ Santa Catarina, de 24 a 26 de maio de 2017 na Udesc e Univille \u2013 Campus Joinville.<\/div>\n<div class=\"bodytext_justify_i\"><strong>\u00c1REAS TEM\u00c1TICAS<\/strong><\/div>\n<div class=\"bodytext_justify_i\"><strong>1. GEST\u00c3O DA PRODU\u00c7\u00c3O<br \/>\n<\/strong><strong>2. GEST\u00c3O DA QUALIDADE<br \/>\n<\/strong><strong>3. GEST\u00c3O ECON\u00d4MICA<br \/>\n<\/strong><strong>4. ERGONOMIA E SEGURAN\u00c7A DO TRABALHO<br \/>\n<\/strong><strong>5. GEST\u00c3O DO PRODUTO<br \/>\n<\/strong><strong>6. PESQUISA OPERACIONAL<br \/>\n<\/strong><strong>7. GEST\u00c3O ESTRAT\u00c9GICA E ORGANIZACIONAL<br \/>\n<\/strong><strong>8. GEST\u00c3O DO CONHECIMENTO ORGANIZACIONAL<br \/>\n<\/strong><strong>9. GEST\u00c3O AMBIENTAL DOS PROCESSOS PRODUTIVOS<br \/>\n<\/strong><strong>10. EDUCA\u00c7\u00c3O EM ENGENHARIA DE PRODU\u00c7\u00c3O<br \/>\n<\/strong><strong>11. ENGENHARIA DE PRODU\u00c7\u00c3O, SUSTENTABILIDADE E RESPONSABILIDADE SOCIAL<\/strong><\/div>\n<div class=\"bodytext_justify_i\">Mais Informa\u00e7\u00f5es:<br \/>\nSite oficial: <a href=\"https:\/\/goo.gl\/1I28r1\" target=\"_blank\">http:\/\/www.simep.com.br\/<br \/>\n<\/a>Email: contato@simep.com.br<br \/>\nTelefone: (81) 98960 \u2013 9832 \/ (83) 99676 &#8211; 4024<br \/>\nFacebook: <a href=\"https:\/\/goo.gl\/t4pxty\" target=\"_blank\">https:\/\/www.facebook.com\/fansimep\/<\/a><\/div>\n","protected":false},"excerpt":{"rendered":"<p>Segue aqui um dica interessante de um evento na \u00e1rea de Engenharia de Produ\u00e7\u00e3o que tem aentre suas \u00e1rea tem\u00e1ticas\u00a0a\u00a0Ergonomia e Seguran\u00e7a no Trabalho. Vale \u00e0 pena conferir, pois os prazos e locais s\u00e3o \u00f3timos para quem est\u00e1 na regi\u00e3o sul do pa\u00eds. Confira! V Simp\u00f3sio de Engenharia de Produ\u00e7\u00e3o Tema do SIMEP 2017: &#8220;Os &hellip; <\/p>\n<p><a class=\"more-link btn\" href=\"https:\/\/wp.ufpel.edu.br\/labserg\/dica-de-evento-v-simep-joinville-sc-brasil\/\">Continue lendo<\/a><\/p>\n","protected":false},"author":275,"featured_media":1503,"comment_status":"closed","ping_status":"closed","sticky":false,"template":"","format":"standard","meta":{"jetpack_post_was_ever_published":false,"_jetpack_newsletter_access":"","_jetpack_dont_email_post_to_subs":true,"_jetpack_newsletter_tier_id":0,"_jetpack_memberships_contains_paywalled_content":false,"_jetpack_memberships_contains_paid_content":false,"footnotes":"","jetpack_publicize_message":"","jetpack_publicize_feature_enabled":true,"jetpack_social_post_already_shared":true,"jetpack_social_options":{"image_generator_settings":{"template":"highway","default_image_id":0,"font":"","enabled":false},"version":2}},"categories":[451,44080,86404],"tags":[],"class_list":["post-1504","post","type-post","status-publish","format-standard","has-post-thumbnail","hentry","category-dicas","category-oportunidade","category-simep","nodate","item-wrap"],"jetpack_publicize_connections":[],"jetpack_featured_media_url":"https:\/\/wp.ufpel.edu.br\/labserg\/files\/2016\/09\/simep.jpg","jetpack_sharing_enabled":true,"jetpack_shortlink":"https:\/\/wp.me\/p3ZG28-og","_links":{"self":[{"href":"https:\/\/wp.ufpel.edu.br\/labserg\/wp-json\/wp\/v2\/posts\/1504","targetHints":{"allow":["GET"]}}],"collection":[{"href":"https:\/\/wp.ufpel.edu.br\/labserg\/wp-json\/wp\/v2\/posts"}],"about":[{"href":"https:\/\/wp.ufpel.edu.br\/labserg\/wp-json\/wp\/v2\/types\/post"}],"author":[{"embeddable":true,"href":"https:\/\/wp.ufpel.edu.br\/labserg\/wp-json\/wp\/v2\/users\/275"}],"replies":[{"embeddable":true,"href":"https:\/\/wp.ufpel.edu.br\/labserg\/wp-json\/wp\/v2\/comments?post=1504"}],"version-history":[{"count":8,"href":"https:\/\/wp.ufpel.edu.br\/labserg\/wp-json\/wp\/v2\/posts\/1504\/revisions"}],"predecessor-version":[{"id":1513,"href":"https:\/\/wp.ufpel.edu.br\/labserg\/wp-json\/wp\/v2\/posts\/1504\/revisions\/1513"}],"wp:featuredmedia":[{"embeddable":true,"href":"https:\/\/wp.ufpel.edu.br\/labserg\/wp-json\/wp\/v2\/media\/1503"}],"wp:attachment":[{"href":"https:\/\/wp.ufpel.edu.br\/labserg\/wp-json\/wp\/v2\/media?parent=1504"}],"wp:term":[{"taxonomy":"category","embeddable":true,"href":"https:\/\/wp.ufpel.edu.br\/labserg\/wp-json\/wp\/v2\/categories?post=1504"},{"taxonomy":"post_tag","embeddable":true,"href":"https:\/\/wp.ufpel.edu.br\/labserg\/wp-json\/wp\/v2\/tags?post=1504"}],"curies":[{"name":"wp","href":"https:\/\/api.w.org\/{rel}","templated":true}]}}