{"id":1182,"date":"2015-11-06T15:45:41","date_gmt":"2015-11-06T17:45:41","guid":{"rendered":"https:\/\/wp.ufpel.edu.br\/labserg\/?p=1182"},"modified":"2015-11-06T15:52:16","modified_gmt":"2015-11-06T17:52:16","slug":"ergonomia-paradigma-atual-e-perspectivas-futuras-mesa-redonda","status":"publish","type":"post","link":"https:\/\/wp.ufpel.edu.br\/labserg\/ergonomia-paradigma-atual-e-perspectivas-futuras-mesa-redonda\/","title":{"rendered":"Ergonomia: paradigma atual e perspectivas futuras &#8211; mesa redonda"},"content":{"rendered":"<div class=\"bodytext_center\"><img loading=\"lazy\" decoding=\"async\" data-attachment-id=\"1183\" data-permalink=\"https:\/\/wp.ufpel.edu.br\/labserg\/ergonomia-paradigma-atual-e-perspectivas-futuras-mesa-redonda\/banner_mesa_redonda\/\" data-orig-file=\"https:\/\/wp.ufpel.edu.br\/labserg\/files\/2015\/11\/banner_mesa_redonda.jpg\" data-orig-size=\"2048,951\" data-comments-opened=\"0\" data-image-meta=\"{&quot;aperture&quot;:&quot;0&quot;,&quot;credit&quot;:&quot;Isabela&quot;,&quot;camera&quot;:&quot;&quot;,&quot;caption&quot;:&quot;&quot;,&quot;created_timestamp&quot;:&quot;0&quot;,&quot;copyright&quot;:&quot;&quot;,&quot;focal_length&quot;:&quot;0&quot;,&quot;iso&quot;:&quot;0&quot;,&quot;shutter_speed&quot;:&quot;0&quot;,&quot;title&quot;:&quot;&quot;,&quot;orientation&quot;:&quot;0&quot;}\" data-image-title=\"banner_mesa_redonda\" data-image-description=\"\" data-image-caption=\"\" data-medium-file=\"https:\/\/wp.ufpel.edu.br\/labserg\/files\/2015\/11\/banner_mesa_redonda-300x139.jpg\" data-large-file=\"https:\/\/wp.ufpel.edu.br\/labserg\/files\/2015\/11\/banner_mesa_redonda-1024x476.jpg\" src=\"https:\/\/wp.ufpel.edu.br\/labserg\/files\/2015\/11\/banner_mesa_redonda-1024x476.jpg\" alt=\"banner_mesa_redonda\" width=\"645\" height=\"300\" class=\"aligncenter size-large wp-image-1183\" srcset=\"https:\/\/wp.ufpel.edu.br\/labserg\/files\/2015\/11\/banner_mesa_redonda-1024x476.jpg 1024w, https:\/\/wp.ufpel.edu.br\/labserg\/files\/2015\/11\/banner_mesa_redonda-300x139.jpg 300w, https:\/\/wp.ufpel.edu.br\/labserg\/files\/2015\/11\/banner_mesa_redonda.jpg 2048w\" sizes=\"auto, (max-width: 645px) 100vw, 645px\" \/><\/div>\n<div class=\"bodytext_justify\">Segue aqui uma grande oportunidade de atividade envolvendo o tema Ergonomia. Ocorrer\u00e1 na pr\u00f3xima TER\u00c7A-FEIRA (10.nov), das 16H00 \u00e0s 18h00 o evento &#8220;ERGONOMIA: PARADIGMA ATUAL E PERSPECTIVAS FUTURAS&#8221;. O evento contar\u00e1 com a presen\u00e7a do Prof <a href=\"http:\/\/lattes.cnpq.br\/8862708944989273\" target=\"_blank\">Francisco Soares M\u00e1sculo<\/a>. O referido professor possui gradua\u00e7\u00e3o em Engenharia de Produ\u00e7\u00e3o pela Universidade Federal do Rio de Janeiro (1976), mestrado em Engenharia de Produ\u00e7\u00e3o pela Coordenadoria de Programas de P\u00f3s-Gradua\u00e7\u00e3o (COPPE) da Universidade Federal do Rio de Janeiro (1979) na \u00e1rea de Ger\u00eancia de Opera\u00e7\u00f5es e Projeto do Produto e doutorado em Sa\u00fade Ocupacional e Seguran\u00e7a &#8211; New York University (1991). Atualmente \u00e9 Professor Titular da Universidade Federal da Para\u00edba. Tem experi\u00eancia na \u00e1rea de Engenharia de Produ\u00e7\u00e3o, com \u00eanfase em Ergonomia, atuando principalmente nos seguintes temas: ergonomia, higiene e seguran\u00e7a do trabalho, organiza\u00e7\u00e3o do trabalho, condi\u00e7\u00f5es de trabalho, avalia\u00e7\u00e3o ergon\u00f4mica e engenharia do trabalho. As atividades contar\u00e3o tamb\u00e9m com as presen\u00e7as de dois professores do CEng, Prof <a href=\"http:\/\/lattes.cnpq.br\/9673217950052451\" target=\"_blank\">Luis Antonio Franz<\/a> e Prof <a href=\"http:\/\/lattes.cnpq.br\/3077011108422970\" target=\"_blank\">Isabela Andrade<\/a>.<\/div>\n<div class=\"bodytext_justify\">O evento prev\u00ea as seguintes atividades:<\/div>\n<div class=\"bodytext_left\">16h00 &#8211; Abertura do evento &#8211; apresenta\u00e7\u00e3o do Prof M\u00e1sculo, esclarecimento dos motivos de sua presen\u00e7a na UFPel e in\u00edcio \u00e0 atividade.<\/div>\n<div class=\"bodytext_left\">16h15  &#8211; 17h00 &#8211; O prof M\u00e1sculo apresentaria ao p\u00fablico sua viv\u00eancia na \u00e1rea de Ergonomia, contextualizando historicamente o crescimento da Ergonomia no pa\u00eds e impress\u00f5es gerais que ele possui relativamente aspectos pr\u00e1ticos no \u00e2mbito da Ergonomia durante sua carreira.<\/div>\n<div class=\"bodytext_left\">17h00 &#8211; 17h45 &#8211; Abre-se o espa\u00e7o inicialmente para que o p\u00fablico fa\u00e7a perguntas abertas. Em seguida direciona-se os di\u00e1logos para o tema desafios e perspectivas futuras em termos de Ergonomia no pa\u00eds. Prof Luis Antonio Franz e Prof. Isabela Fernandes Andrade estar\u00e3o na mesa junto com o Prof Francisco Soares M\u00e1sculo para intermediar os di\u00e1logos.<\/div>\n<div class=\"bodytext_left\">17h45 &#8211; 18h00 &#8211; Encerramento do evento.<\/div>\n<div class=\"bodytext_justify\">N\u00e3o perca esta \u00f3tima oportunidade para compreender, discutir e pensar sobre como a Ergonomia est\u00e1 presente e pode contribuir em seu cotidiano.<\/div>\n","protected":false},"excerpt":{"rendered":"<p>Segue aqui uma grande oportunidade de atividade envolvendo o tema Ergonomia. Ocorrer\u00e1 na pr\u00f3xima TER\u00c7A-FEIRA (10.nov), das 16H00 \u00e0s 18h00 o evento &#8220;ERGONOMIA: PARADIGMA ATUAL E PERSPECTIVAS FUTURAS&#8221;. O evento contar\u00e1 com a presen\u00e7a do Prof Francisco Soares M\u00e1sculo. O referido professor possui gradua\u00e7\u00e3o em Engenharia de Produ\u00e7\u00e3o pela Universidade Federal do Rio de Janeiro &hellip; <\/p>\n<p><a class=\"more-link btn\" href=\"https:\/\/wp.ufpel.edu.br\/labserg\/ergonomia-paradigma-atual-e-perspectivas-futuras-mesa-redonda\/\">Continue lendo<\/a><\/p>\n","protected":false},"author":275,"featured_media":1135,"comment_status":"closed","ping_status":"closed","sticky":false,"template":"","format":"standard","meta":{"jetpack_post_was_ever_published":false,"_jetpack_newsletter_access":"","_jetpack_dont_email_post_to_subs":false,"_jetpack_newsletter_tier_id":0,"_jetpack_memberships_contains_paywalled_content":false,"_jetpack_memberships_contains_paid_content":false,"footnotes":"","jetpack_publicize_message":"","jetpack_publicize_feature_enabled":true,"jetpack_social_post_already_shared":true,"jetpack_social_options":{"image_generator_settings":{"template":"highway","default_image_id":0,"font":"","enabled":false},"version":2}},"categories":[86391,9259,86381],"tags":[],"class_list":["post-1182","post","type-post","status-publish","format-standard","has-post-thumbnail","hentry","category-ergonomia","category-eventos","category-sst-e-investimento","nodate","item-wrap"],"jetpack_publicize_connections":[],"jetpack_featured_media_url":"https:\/\/wp.ufpel.edu.br\/labserg\/files\/2015\/09\/logo_labserg_round_205x205.jpg","jetpack_sharing_enabled":true,"jetpack_shortlink":"https:\/\/wp.me\/p3ZG28-j4","_links":{"self":[{"href":"https:\/\/wp.ufpel.edu.br\/labserg\/wp-json\/wp\/v2\/posts\/1182","targetHints":{"allow":["GET"]}}],"collection":[{"href":"https:\/\/wp.ufpel.edu.br\/labserg\/wp-json\/wp\/v2\/posts"}],"about":[{"href":"https:\/\/wp.ufpel.edu.br\/labserg\/wp-json\/wp\/v2\/types\/post"}],"author":[{"embeddable":true,"href":"https:\/\/wp.ufpel.edu.br\/labserg\/wp-json\/wp\/v2\/users\/275"}],"replies":[{"embeddable":true,"href":"https:\/\/wp.ufpel.edu.br\/labserg\/wp-json\/wp\/v2\/comments?post=1182"}],"version-history":[{"count":5,"href":"https:\/\/wp.ufpel.edu.br\/labserg\/wp-json\/wp\/v2\/posts\/1182\/revisions"}],"predecessor-version":[{"id":1190,"href":"https:\/\/wp.ufpel.edu.br\/labserg\/wp-json\/wp\/v2\/posts\/1182\/revisions\/1190"}],"wp:featuredmedia":[{"embeddable":true,"href":"https:\/\/wp.ufpel.edu.br\/labserg\/wp-json\/wp\/v2\/media\/1135"}],"wp:attachment":[{"href":"https:\/\/wp.ufpel.edu.br\/labserg\/wp-json\/wp\/v2\/media?parent=1182"}],"wp:term":[{"taxonomy":"category","embeddable":true,"href":"https:\/\/wp.ufpel.edu.br\/labserg\/wp-json\/wp\/v2\/categories?post=1182"},{"taxonomy":"post_tag","embeddable":true,"href":"https:\/\/wp.ufpel.edu.br\/labserg\/wp-json\/wp\/v2\/tags?post=1182"}],"curies":[{"name":"wp","href":"https:\/\/api.w.org\/{rel}","templated":true}]}}