{"id":1164,"date":"2015-10-19T11:38:34","date_gmt":"2015-10-19T13:38:34","guid":{"rendered":"https:\/\/wp.ufpel.edu.br\/labserg\/?p=1164"},"modified":"2015-10-19T11:38:34","modified_gmt":"2015-10-19T13:38:34","slug":"2o-sepsst-sucesso-e-metas-alcancadas-no-evento","status":"publish","type":"post","link":"https:\/\/wp.ufpel.edu.br\/labserg\/2o-sepsst-sucesso-e-metas-alcancadas-no-evento\/","title":{"rendered":"2\u00ba SEPSST &#8211; Sucesso e metas alcan\u00e7adas no evento"},"content":{"rendered":"<div class=\"bodytext_justify\">Ocorreu no \u00faltimo 17.out o <a href=\"http:\/\/goo.gl\/BbJDqH\" target=\"_blank\">2\u00ba Semin\u00e1rio Estadual para Promo\u00e7\u00e3o da Sa\u00fade e Seguran\u00e7a do Trabalhador<\/a> \u2013 <a href=\"http:\/\/goo.gl\/BbJDqH\" target=\"_blank\">2\u00ba SEPSST<\/a>. Durante aproximadamente 8 horas de di\u00e1logos, foram expostos e discutidos temas como o Fator Humano, Espa\u00e7os confinados, Caminhos legais e pr\u00e1ticos em SST, atua\u00e7\u00e3o e desafios do CEREST e Insalubridade\/Periculosidade. Os resultados apontaram diversas oportunidades de a\u00e7\u00f5es com vistas a atuar nas melhorias em SST nas UBAGs, bem como necessidade de a\u00e7\u00f5es interdisciplinares para a busca e descoberta de solu\u00e7\u00f5es mais eficazes neste locais.<\/div>\n<div class=\"bodytext_justify\">Agradecemos a todos que estiveram presentes e estamos sempre \u00e0 disposi\u00e7\u00e3o para aprofundar contatos e discuss\u00f5es na \u00e1rea. Acesse <a href=\"https:\/\/wp.ufpel.edu.br\/labserg\/\" target=\"_blank\" rel=\"nofollow\">https:\/\/wp.ufpel.edu.br\/labserg\/<\/a> e mantenha contato conosco! Ou siga este blog clicando no menu ao lado e inscrevendo-se em nossa newsletter.<\/div>\n<div class=\"bodytext_justify\">Clique na imagem abaixo para ver mais fotos do evento.<\/div>\n<div class=\"bodytext_center\"><a href=\"https:\/\/goo.gl\/photos\/1a46fNcM2g3EhGvQ8\"><img loading=\"lazy\" decoding=\"async\" data-attachment-id=\"1165\" data-permalink=\"https:\/\/wp.ufpel.edu.br\/labserg\/2o-sepsst-sucesso-e-metas-alcancadas-no-evento\/page\/\" data-orig-file=\"https:\/\/wp.ufpel.edu.br\/labserg\/files\/2015\/10\/page.jpg\" data-orig-size=\"3200,2400\" data-comments-opened=\"0\" data-image-meta=\"{&quot;aperture&quot;:&quot;0&quot;,&quot;credit&quot;:&quot;&quot;,&quot;camera&quot;:&quot;&quot;,&quot;caption&quot;:&quot;&quot;,&quot;created_timestamp&quot;:&quot;0&quot;,&quot;copyright&quot;:&quot;&quot;,&quot;focal_length&quot;:&quot;0&quot;,&quot;iso&quot;:&quot;0&quot;,&quot;shutter_speed&quot;:&quot;0&quot;,&quot;title&quot;:&quot;&quot;,&quot;orientation&quot;:&quot;0&quot;}\" data-image-title=\"page\" data-image-description=\"\" data-image-caption=\"\" data-medium-file=\"https:\/\/wp.ufpel.edu.br\/labserg\/files\/2015\/10\/page-300x225.jpg\" data-large-file=\"https:\/\/wp.ufpel.edu.br\/labserg\/files\/2015\/10\/page-1024x768.jpg\" class=\"aligncenter wp-image-1165 size-large\" src=\"https:\/\/wp.ufpel.edu.br\/labserg\/files\/2015\/10\/page-1024x768.jpg\" alt=\"page\" width=\"645\" height=\"484\" srcset=\"https:\/\/wp.ufpel.edu.br\/labserg\/files\/2015\/10\/page-1024x768.jpg 1024w, https:\/\/wp.ufpel.edu.br\/labserg\/files\/2015\/10\/page-300x225.jpg 300w\" sizes=\"auto, (max-width: 645px) 100vw, 645px\" \/><\/a><\/div>\n","protected":false},"excerpt":{"rendered":"<p>Ocorreu no \u00faltimo 17.out o 2\u00ba Semin\u00e1rio Estadual para Promo\u00e7\u00e3o da Sa\u00fade e Seguran\u00e7a do Trabalhador \u2013 2\u00ba SEPSST. Durante aproximadamente 8 horas de di\u00e1logos, foram expostos e discutidos temas como o Fator Humano, Espa\u00e7os confinados, Caminhos legais e pr\u00e1ticos em SST, atua\u00e7\u00e3o e desafios do CEREST e Insalubridade\/Periculosidade. Os resultados apontaram diversas oportunidades de &hellip; <\/p>\n<p><a class=\"more-link btn\" href=\"https:\/\/wp.ufpel.edu.br\/labserg\/2o-sepsst-sucesso-e-metas-alcancadas-no-evento\/\">Continue lendo<\/a><\/p>\n","protected":false},"author":275,"featured_media":1165,"comment_status":"closed","ping_status":"closed","sticky":false,"template":"","format":"standard","meta":{"jetpack_post_was_ever_published":false,"_jetpack_newsletter_access":"","_jetpack_dont_email_post_to_subs":false,"_jetpack_newsletter_tier_id":0,"_jetpack_memberships_contains_paywalled_content":false,"_jetpack_memberships_contains_paid_content":false,"footnotes":"","jetpack_publicize_message":"","jetpack_publicize_feature_enabled":true,"jetpack_social_post_already_shared":true,"jetpack_social_options":{"image_generator_settings":{"template":"highway","default_image_id":0,"font":"","enabled":false},"version":2}},"categories":[9259,33376,5,86394,86381],"tags":[],"class_list":["post-1164","post","type-post","status-publish","format-standard","has-post-thumbnail","hentry","category-eventos","category-extensao","category-projetos","category-sepsst","category-sst-e-investimento","nodate","item-wrap"],"jetpack_publicize_connections":[],"jetpack_featured_media_url":"https:\/\/wp.ufpel.edu.br\/labserg\/files\/2015\/10\/page.jpg","jetpack_sharing_enabled":true,"jetpack_shortlink":"https:\/\/wp.me\/p3ZG28-iM","_links":{"self":[{"href":"https:\/\/wp.ufpel.edu.br\/labserg\/wp-json\/wp\/v2\/posts\/1164","targetHints":{"allow":["GET"]}}],"collection":[{"href":"https:\/\/wp.ufpel.edu.br\/labserg\/wp-json\/wp\/v2\/posts"}],"about":[{"href":"https:\/\/wp.ufpel.edu.br\/labserg\/wp-json\/wp\/v2\/types\/post"}],"author":[{"embeddable":true,"href":"https:\/\/wp.ufpel.edu.br\/labserg\/wp-json\/wp\/v2\/users\/275"}],"replies":[{"embeddable":true,"href":"https:\/\/wp.ufpel.edu.br\/labserg\/wp-json\/wp\/v2\/comments?post=1164"}],"version-history":[{"count":8,"href":"https:\/\/wp.ufpel.edu.br\/labserg\/wp-json\/wp\/v2\/posts\/1164\/revisions"}],"predecessor-version":[{"id":1173,"href":"https:\/\/wp.ufpel.edu.br\/labserg\/wp-json\/wp\/v2\/posts\/1164\/revisions\/1173"}],"wp:featuredmedia":[{"embeddable":true,"href":"https:\/\/wp.ufpel.edu.br\/labserg\/wp-json\/wp\/v2\/media\/1165"}],"wp:attachment":[{"href":"https:\/\/wp.ufpel.edu.br\/labserg\/wp-json\/wp\/v2\/media?parent=1164"}],"wp:term":[{"taxonomy":"category","embeddable":true,"href":"https:\/\/wp.ufpel.edu.br\/labserg\/wp-json\/wp\/v2\/categories?post=1164"},{"taxonomy":"post_tag","embeddable":true,"href":"https:\/\/wp.ufpel.edu.br\/labserg\/wp-json\/wp\/v2\/tags?post=1164"}],"curies":[{"name":"wp","href":"https:\/\/api.w.org\/{rel}","templated":true}]}}