{"id":1139,"date":"2015-09-25T14:30:58","date_gmt":"2015-09-25T17:30:58","guid":{"rendered":"https:\/\/wp.ufpel.edu.br\/labserg\/?p=1139"},"modified":"2015-09-25T14:34:12","modified_gmt":"2015-09-25T17:34:12","slug":"siepe-2015-album-de-fotos-das-apresentacoes-dos-trabalhos","status":"publish","type":"post","link":"https:\/\/wp.ufpel.edu.br\/labserg\/siepe-2015-album-de-fotos-das-apresentacoes-dos-trabalhos\/","title":{"rendered":"SIEPE 2015 &#8211; \u00c1lbum de fotos das apresenta\u00e7\u00f5es dos trabalhos"},"content":{"rendered":"<div class=\"bodytext_justify\">Clique na imagem abaixo para conferir o \u00e1lbum de fotos com as apresenta\u00e7\u00f5es dos trabalhos apresentados no <a href=\"http:\/\/www2.ufpel.edu.br\/siepe\/\" target=\"_blank\">SIEPE 2015<\/a> (<a href=\"http:\/\/www2.ufpel.edu.br\/siepe\/\" target=\"_blank\">Semana Integrada de Ensino, Pesquisa e Extens\u00e3o<\/a>) pelos alunos ligados diretamente ao LABSERG. Neste ano apresentamos 10 trabalhos sobre v\u00e1rios assuntos no evento. Esperamos poder aumentar ainda mais nossa participa\u00e7\u00e3o em 2016, n\u00e3o s\u00f3 em quantidade mas com trabalhos cada vez melhores.<\/div>\n<div class=\"bodytext_justify\">Assim que tivermos a publica\u00e7\u00e3o dos anais do evento disponibilizaremos o acesso aos trabalhos aqui no site do LABSERG. Inscreva seu email no menu ao lado e receba not\u00edcias do site diretamente na caixa de entrada de seu email.<\/div>\n<p><a href=\"https:\/\/goo.gl\/photos\/NyhHBMV2yykkpAXWA\" target=\"_blank\" rel=\"https:\/\/goo.gl\/photos\/NyhHBMV2yykkpAXWA\"><img loading=\"lazy\" decoding=\"async\" data-attachment-id=\"1138\" data-permalink=\"https:\/\/wp.ufpel.edu.br\/labserg\/siepe-2015-album-de-fotos-das-apresentacoes-dos-trabalhos\/siepe_2015\/\" data-orig-file=\"https:\/\/wp.ufpel.edu.br\/labserg\/files\/2015\/09\/siepe_2015.jpg\" data-orig-size=\"1602,1202\" data-comments-opened=\"0\" data-image-meta=\"{&quot;aperture&quot;:&quot;0&quot;,&quot;credit&quot;:&quot;&quot;,&quot;camera&quot;:&quot;&quot;,&quot;caption&quot;:&quot;&quot;,&quot;created_timestamp&quot;:&quot;0&quot;,&quot;copyright&quot;:&quot;&quot;,&quot;focal_length&quot;:&quot;0&quot;,&quot;iso&quot;:&quot;0&quot;,&quot;shutter_speed&quot;:&quot;0&quot;,&quot;title&quot;:&quot;&quot;,&quot;orientation&quot;:&quot;0&quot;}\" data-image-title=\"siepe_2015\" data-image-description=\"\" data-image-caption=\"\" data-medium-file=\"https:\/\/wp.ufpel.edu.br\/labserg\/files\/2015\/09\/siepe_2015-300x225.jpg\" data-large-file=\"https:\/\/wp.ufpel.edu.br\/labserg\/files\/2015\/09\/siepe_2015-1024x768.jpg\" class=\"aligncenter wp-image-1138 size-large\" src=\"https:\/\/wp.ufpel.edu.br\/labserg\/files\/2015\/09\/siepe_2015-1024x768.jpg\" alt=\"siepe_2015\" width=\"645\" height=\"484\" srcset=\"https:\/\/wp.ufpel.edu.br\/labserg\/files\/2015\/09\/siepe_2015-1024x768.jpg 1024w, https:\/\/wp.ufpel.edu.br\/labserg\/files\/2015\/09\/siepe_2015-300x225.jpg 300w, https:\/\/wp.ufpel.edu.br\/labserg\/files\/2015\/09\/siepe_2015.jpg 1602w\" sizes=\"auto, (max-width: 645px) 100vw, 645px\" \/><\/a><\/p>\n","protected":false},"excerpt":{"rendered":"<p>Clique na imagem abaixo para conferir o \u00e1lbum de fotos com as apresenta\u00e7\u00f5es dos trabalhos apresentados no SIEPE 2015 (Semana Integrada de Ensino, Pesquisa e Extens\u00e3o) pelos alunos ligados diretamente ao LABSERG. Neste ano apresentamos 10 trabalhos sobre v\u00e1rios assuntos no evento. Esperamos poder aumentar ainda mais nossa participa\u00e7\u00e3o em 2016, n\u00e3o s\u00f3 em quantidade &hellip; <\/p>\n<p><a class=\"more-link btn\" href=\"https:\/\/wp.ufpel.edu.br\/labserg\/siepe-2015-album-de-fotos-das-apresentacoes-dos-trabalhos\/\">Continue lendo<\/a><\/p>\n","protected":false},"author":275,"featured_media":1135,"comment_status":"closed","ping_status":"closed","sticky":false,"template":"","format":"standard","meta":{"jetpack_post_was_ever_published":false,"_jetpack_newsletter_access":"","_jetpack_dont_email_post_to_subs":false,"_jetpack_newsletter_tier_id":0,"_jetpack_memberships_contains_paywalled_content":false,"_jetpack_memberships_contains_paid_content":false,"footnotes":"","jetpack_publicize_message":"","jetpack_publicize_feature_enabled":true,"jetpack_social_post_already_shared":true,"jetpack_social_options":{"image_generator_settings":{"template":"highway","default_image_id":0,"font":"","enabled":false},"version":2}},"categories":[9259,40901],"tags":[],"class_list":["post-1139","post","type-post","status-publish","format-standard","has-post-thumbnail","hentry","category-eventos","category-producao-tecnica","nodate","item-wrap"],"jetpack_publicize_connections":[],"jetpack_featured_media_url":"https:\/\/wp.ufpel.edu.br\/labserg\/files\/2015\/09\/logo_labserg_round_205x205.jpg","jetpack_sharing_enabled":true,"jetpack_shortlink":"https:\/\/wp.me\/p3ZG28-in","_links":{"self":[{"href":"https:\/\/wp.ufpel.edu.br\/labserg\/wp-json\/wp\/v2\/posts\/1139","targetHints":{"allow":["GET"]}}],"collection":[{"href":"https:\/\/wp.ufpel.edu.br\/labserg\/wp-json\/wp\/v2\/posts"}],"about":[{"href":"https:\/\/wp.ufpel.edu.br\/labserg\/wp-json\/wp\/v2\/types\/post"}],"author":[{"embeddable":true,"href":"https:\/\/wp.ufpel.edu.br\/labserg\/wp-json\/wp\/v2\/users\/275"}],"replies":[{"embeddable":true,"href":"https:\/\/wp.ufpel.edu.br\/labserg\/wp-json\/wp\/v2\/comments?post=1139"}],"version-history":[{"count":5,"href":"https:\/\/wp.ufpel.edu.br\/labserg\/wp-json\/wp\/v2\/posts\/1139\/revisions"}],"predecessor-version":[{"id":1144,"href":"https:\/\/wp.ufpel.edu.br\/labserg\/wp-json\/wp\/v2\/posts\/1139\/revisions\/1144"}],"wp:featuredmedia":[{"embeddable":true,"href":"https:\/\/wp.ufpel.edu.br\/labserg\/wp-json\/wp\/v2\/media\/1135"}],"wp:attachment":[{"href":"https:\/\/wp.ufpel.edu.br\/labserg\/wp-json\/wp\/v2\/media?parent=1139"}],"wp:term":[{"taxonomy":"category","embeddable":true,"href":"https:\/\/wp.ufpel.edu.br\/labserg\/wp-json\/wp\/v2\/categories?post=1139"},{"taxonomy":"post_tag","embeddable":true,"href":"https:\/\/wp.ufpel.edu.br\/labserg\/wp-json\/wp\/v2\/tags?post=1139"}],"curies":[{"name":"wp","href":"https:\/\/api.w.org\/{rel}","templated":true}]}}