{"id":960,"date":"2019-05-03T11:26:04","date_gmt":"2019-05-03T14:26:04","guid":{"rendered":"https:\/\/wp.ufpel.edu.br\/laboratoriodepropriedadesdamadeira\/?p=960"},"modified":"2019-05-03T11:34:56","modified_gmt":"2019-05-03T14:34:56","slug":"bolsista-de-anatomia_projeto","status":"publish","type":"post","link":"https:\/\/wp.ufpel.edu.br\/laboratoriodepropriedadesdamadeira\/2019\/05\/03\/bolsista-de-anatomia_projeto\/","title":{"rendered":"BOLSISTA DE ANATOMIA_PROJETO"},"content":{"rendered":"<p>Edital PRE\/CEC\/NUPROP N\u00ba 06\/19<\/p>\n<p>Programa de Bolsas Acad\u00eamicas \u2013 PBA<br \/>\nModalidade Inicia\u00e7\u00e3o ao Ensino<\/p>\n<p>&nbsp;<\/p>\n<p>EDITAL DE SELE\u00c7\u00c3O DE BOLSISTA<\/p>\n<p>1. EDITAL<br \/>\nO Projeto de Ensino Colocando Em Pr\u00e1tica O Aprendizado Em Anatomia E Identifica\u00e7\u00e3o De Esp\u00e9cies Madeireiras Comercializadas Em Pelotas, coordenado pelo Professor Darci Alberto Gatto da Unidade Acad\u00eamica. Centro de Engenharias da Universidade Federal de Pelotas, torna p\u00fablico que realizar\u00e1 Processo Seletivo para o preenchimento de 1 vaga no Programa Bolsas Acad\u00eamicas, de acordo com a Resolu\u00e7\u00e3o COCEPE 05\/2014 e o Edital PRE\/CEC\/NUPROP N\u00ba 06\/19, conforme a identifica\u00e7\u00e3o do Campo 2.<\/p>\n<p>2. IDENTIFICA\u00c7\u00c3O<br \/>\nNome do Projeto de Ensino: Colocando Em Pr\u00e1tica O Aprendizado Em Anatomia E Identifica\u00e7\u00e3o De Esp\u00e9cies Madeireiras Comercializadas Em Pelotas.<br \/>\nNome do Coordenador: Darci Alberto Gatto<br \/>\nPer\u00edodo de Atividades: 15\/05\/2019 a 15\/12\/2019<br \/>\nN\u00famero e Modalidade das Vagas: 1 Vaga, ampla concorr\u00eancia<br \/>\nPer\u00edodo e hor\u00e1rio das inscri\u00e7\u00f5es: 03\/05 (Sexta Feira) at\u00e9 07\/05\/2019 at\u00e9 as 18 horas<br \/>\nLocal das inscri\u00e7\u00f5es: Sala da p\u00f3s-gradua\u00e7\u00e3o, Engenharia Industrial Madeireira (pr\u00e9dio da frente).<\/p>\n<p>Requisitos para a inscri\u00e7\u00e3o:<br \/>\n1. Estar regularmente matriculado em curso de gradua\u00e7\u00e3o da UFPel;<br \/>\n2. Dispor de pelo menos 20 (vinte) horas semanais para se dedicar \u00e0s atividades do projeto;<br \/>\n3. Aprova\u00e7\u00e3o na disciplina: Anatomia da Madeira (EIM0570034)<\/p>\n<p>Tipos de provas, peso e crit\u00e9rios de avalia\u00e7\u00e3o:<br \/>\n1. Prova pr\u00e1tica (identifica\u00e7\u00e3o de caracteres anat\u00f4micos de duas esp\u00e9cies florestais)<br \/>\na) Nota m\u00ednima: 7<br \/>\nb) Peso: 5<br \/>\nc) Car\u00e1ter Eliminat\u00f3rio<\/p>\n<p>2. Entrevista<br \/>\na) Espontaneidade, capacidade de intera\u00e7\u00e3o, conhecimentos espec\u00edficos e disponibilidade de hor\u00e1rios<br \/>\nb) Peso: 3<br \/>\nc) Car\u00e1ter Classificat\u00f3rio<\/p>\n<p>3. Hist\u00f3rico Escolar<br \/>\na) Car\u00e1ter Classificat\u00f3rio<br \/>\nb) Peso: 2<\/p>\n<p><strong>Data e hor\u00e1rio das provas: 08 de Maio de 2019 as 8:30<\/strong><br \/>\n<strong>Local das provas: Sala de anatomia, Engenharia Industrial Madeireira (pr\u00e9dio da frente)<\/strong><\/p>\n<p>&nbsp;<\/p>\n<p>Prof. Dr. Darci Alberto Gatto<br \/>\nPelotas, 03 de Maio de 2019.<\/p>\n","protected":false},"excerpt":{"rendered":"<p>Edital PRE\/CEC\/NUPROP N\u00ba 06\/19 Programa de Bolsas Acad\u00eamicas \u2013 PBA Modalidade Inicia\u00e7\u00e3o ao Ensino &nbsp; EDITAL DE SELE\u00c7\u00c3O DE BOLSISTA 1. EDITAL O Projeto de Ensino Colocando Em Pr\u00e1tica O Aprendizado Em Anatomia E Identifica\u00e7\u00e3o De Esp\u00e9cies Madeireiras Comercializadas Em&#8230; <a class=\"more-link\" href=\"https:\/\/wp.ufpel.edu.br\/laboratoriodepropriedadesdamadeira\/2019\/05\/03\/bolsista-de-anatomia_projeto\/\">Continue lendo &rarr;<\/a><\/p>\n","protected":false},"author":729,"featured_media":0,"comment_status":"closed","ping_status":"closed","sticky":false,"template":"","format":"standard","meta":{"footnotes":""},"categories":[1],"tags":[],"class_list":["post-960","post","type-post","status-publish","format-standard","hentry","category-noticias"],"jetpack_featured_media_url":"","_links":{"self":[{"href":"https:\/\/wp.ufpel.edu.br\/laboratoriodepropriedadesdamadeira\/wp-json\/wp\/v2\/posts\/960","targetHints":{"allow":["GET"]}}],"collection":[{"href":"https:\/\/wp.ufpel.edu.br\/laboratoriodepropriedadesdamadeira\/wp-json\/wp\/v2\/posts"}],"about":[{"href":"https:\/\/wp.ufpel.edu.br\/laboratoriodepropriedadesdamadeira\/wp-json\/wp\/v2\/types\/post"}],"author":[{"embeddable":true,"href":"https:\/\/wp.ufpel.edu.br\/laboratoriodepropriedadesdamadeira\/wp-json\/wp\/v2\/users\/729"}],"replies":[{"embeddable":true,"href":"https:\/\/wp.ufpel.edu.br\/laboratoriodepropriedadesdamadeira\/wp-json\/wp\/v2\/comments?post=960"}],"version-history":[{"count":3,"href":"https:\/\/wp.ufpel.edu.br\/laboratoriodepropriedadesdamadeira\/wp-json\/wp\/v2\/posts\/960\/revisions"}],"predecessor-version":[{"id":969,"href":"https:\/\/wp.ufpel.edu.br\/laboratoriodepropriedadesdamadeira\/wp-json\/wp\/v2\/posts\/960\/revisions\/969"}],"wp:attachment":[{"href":"https:\/\/wp.ufpel.edu.br\/laboratoriodepropriedadesdamadeira\/wp-json\/wp\/v2\/media?parent=960"}],"wp:term":[{"taxonomy":"category","embeddable":true,"href":"https:\/\/wp.ufpel.edu.br\/laboratoriodepropriedadesdamadeira\/wp-json\/wp\/v2\/categories?post=960"},{"taxonomy":"post_tag","embeddable":true,"href":"https:\/\/wp.ufpel.edu.br\/laboratoriodepropriedadesdamadeira\/wp-json\/wp\/v2\/tags?post=960"}],"curies":[{"name":"wp","href":"https:\/\/api.w.org\/{rel}","templated":true}]}}