{"id":531,"date":"2017-04-05T14:55:11","date_gmt":"2017-04-05T17:55:11","guid":{"rendered":"https:\/\/wp.ufpel.edu.br\/laboratoriodepropriedadesdamadeira\/?p=531"},"modified":"2017-04-07T11:19:40","modified_gmt":"2017-04-07T14:19:40","slug":"seminario","status":"publish","type":"post","link":"https:\/\/wp.ufpel.edu.br\/laboratoriodepropriedadesdamadeira\/2017\/04\/05\/seminario\/","title":{"rendered":"Semin\u00e1rios"},"content":{"rendered":"<p>Apresenta\u00e7\u00e3o de semin\u00e1rios dos alunos de Inicia\u00e7\u00e3o Cient\u00edfica do Laborat\u00f3rio \u00a0(05\/04)<\/p>\n<ul>\n<li>Discuss\u00e3o de artigos<\/li>\n<\/ul>\n<p>Caroline<\/p>\n<p><img loading=\"lazy\" decoding=\"async\" class=\"alignnone size-medium wp-image-532\" src=\"https:\/\/wp.ufpel.edu.br\/laboratoriodepropriedadesdamadeira\/files\/2017\/04\/17797769_1082288951876817_1396785487_o-424x318.jpg\" alt=\"\" width=\"424\" height=\"318\" srcset=\"https:\/\/wp.ufpel.edu.br\/laboratoriodepropriedadesdamadeira\/files\/2017\/04\/17797769_1082288951876817_1396785487_o-424x318.jpg 424w, https:\/\/wp.ufpel.edu.br\/laboratoriodepropriedadesdamadeira\/files\/2017\/04\/17797769_1082288951876817_1396785487_o-212x159.jpg 212w, https:\/\/wp.ufpel.edu.br\/laboratoriodepropriedadesdamadeira\/files\/2017\/04\/17797769_1082288951876817_1396785487_o-768x576.jpg 768w, https:\/\/wp.ufpel.edu.br\/laboratoriodepropriedadesdamadeira\/files\/2017\/04\/17797769_1082288951876817_1396785487_o.jpg 1184w\" sizes=\"auto, (max-width: 424px) 100vw, 424px\" \/><\/p>\n<p>Gustavo<\/p>\n<p><img loading=\"lazy\" decoding=\"async\" class=\"alignnone size-medium wp-image-533\" src=\"https:\/\/wp.ufpel.edu.br\/laboratoriodepropriedadesdamadeira\/files\/2017\/04\/17820620_1082288915210154_1675946429_o-424x318.jpg\" alt=\"\" width=\"424\" height=\"318\" srcset=\"https:\/\/wp.ufpel.edu.br\/laboratoriodepropriedadesdamadeira\/files\/2017\/04\/17820620_1082288915210154_1675946429_o-424x318.jpg 424w, https:\/\/wp.ufpel.edu.br\/laboratoriodepropriedadesdamadeira\/files\/2017\/04\/17820620_1082288915210154_1675946429_o-212x159.jpg 212w, https:\/\/wp.ufpel.edu.br\/laboratoriodepropriedadesdamadeira\/files\/2017\/04\/17820620_1082288915210154_1675946429_o-768x576.jpg 768w, https:\/\/wp.ufpel.edu.br\/laboratoriodepropriedadesdamadeira\/files\/2017\/04\/17820620_1082288915210154_1675946429_o.jpg 1184w\" sizes=\"auto, (max-width: 424px) 100vw, 424px\" \/><\/p>\n","protected":false},"excerpt":{"rendered":"<p>Apresenta\u00e7\u00e3o de semin\u00e1rios dos alunos de Inicia\u00e7\u00e3o Cient\u00edfica do Laborat\u00f3rio \u00a0(05\/04) Discuss\u00e3o de artigos Caroline Gustavo<\/p>\n","protected":false},"author":729,"featured_media":0,"comment_status":"closed","ping_status":"closed","sticky":false,"template":"","format":"standard","meta":{"footnotes":""},"categories":[1],"tags":[],"class_list":["post-531","post","type-post","status-publish","format-standard","hentry","category-noticias"],"jetpack_featured_media_url":"","_links":{"self":[{"href":"https:\/\/wp.ufpel.edu.br\/laboratoriodepropriedadesdamadeira\/wp-json\/wp\/v2\/posts\/531","targetHints":{"allow":["GET"]}}],"collection":[{"href":"https:\/\/wp.ufpel.edu.br\/laboratoriodepropriedadesdamadeira\/wp-json\/wp\/v2\/posts"}],"about":[{"href":"https:\/\/wp.ufpel.edu.br\/laboratoriodepropriedadesdamadeira\/wp-json\/wp\/v2\/types\/post"}],"author":[{"embeddable":true,"href":"https:\/\/wp.ufpel.edu.br\/laboratoriodepropriedadesdamadeira\/wp-json\/wp\/v2\/users\/729"}],"replies":[{"embeddable":true,"href":"https:\/\/wp.ufpel.edu.br\/laboratoriodepropriedadesdamadeira\/wp-json\/wp\/v2\/comments?post=531"}],"version-history":[{"count":4,"href":"https:\/\/wp.ufpel.edu.br\/laboratoriodepropriedadesdamadeira\/wp-json\/wp\/v2\/posts\/531\/revisions"}],"predecessor-version":[{"id":551,"href":"https:\/\/wp.ufpel.edu.br\/laboratoriodepropriedadesdamadeira\/wp-json\/wp\/v2\/posts\/531\/revisions\/551"}],"wp:attachment":[{"href":"https:\/\/wp.ufpel.edu.br\/laboratoriodepropriedadesdamadeira\/wp-json\/wp\/v2\/media?parent=531"}],"wp:term":[{"taxonomy":"category","embeddable":true,"href":"https:\/\/wp.ufpel.edu.br\/laboratoriodepropriedadesdamadeira\/wp-json\/wp\/v2\/categories?post=531"},{"taxonomy":"post_tag","embeddable":true,"href":"https:\/\/wp.ufpel.edu.br\/laboratoriodepropriedadesdamadeira\/wp-json\/wp\/v2\/tags?post=531"}],"curies":[{"name":"wp","href":"https:\/\/api.w.org\/{rel}","templated":true}]}}