{"id":454,"date":"2017-03-28T13:54:49","date_gmt":"2017-03-28T16:54:49","guid":{"rendered":"https:\/\/wp.ufpel.edu.br\/laboratoriodepropriedadesdamadeira\/?p=454"},"modified":"2017-03-28T13:54:49","modified_gmt":"2017-03-28T16:54:49","slug":"oportunidade","status":"publish","type":"post","link":"https:\/\/wp.ufpel.edu.br\/laboratoriodepropriedadesdamadeira\/2017\/03\/28\/oportunidade\/","title":{"rendered":"OPORTUNIDADE"},"content":{"rendered":"<p>Canad\u00e1 abre vagas para estudantes brasileiros de gradua\u00e7\u00e3o e p\u00f3s-gradua\u00e7\u00e3o<\/p>\n<blockquote class=\"wp-embedded-content\" data-secret=\"NofR8BiQWt\"><p><a href=\"https:\/\/www.pragmatismopolitico.com.br\/2017\/03\/canada-abre-vagas-para-estudantes-brasileiros-de-graduacao-e-pos-graduacao.html\">Canad\u00e1 abre vagas para estudantes brasileiros de gradua\u00e7\u00e3o e p\u00f3s-gradua\u00e7\u00e3o<\/a><\/p><\/blockquote>\n<p><iframe loading=\"lazy\" class=\"wp-embedded-content\" sandbox=\"allow-scripts\" security=\"restricted\" style=\"position: absolute; visibility: hidden;\" title=\"&#8220;Canad\u00e1 abre vagas para estudantes brasileiros de gradua\u00e7\u00e3o e p\u00f3s-gradua\u00e7\u00e3o&#8221; &#8212; Pragmatismo Pol\u00edtico\" src=\"https:\/\/www.pragmatismopolitico.com.br\/2017\/03\/canada-abre-vagas-para-estudantes-brasileiros-de-graduacao-e-pos-graduacao.html\/embed#?secret=NofR8BiQWt\" data-secret=\"NofR8BiQWt\" width=\"600\" height=\"338\" frameborder=\"0\" marginwidth=\"0\" marginheight=\"0\" scrolling=\"no\"><\/iframe><\/p>\n","protected":false},"excerpt":{"rendered":"<p>Canad\u00e1 abre vagas para estudantes brasileiros de gradua\u00e7\u00e3o e p\u00f3s-gradua\u00e7\u00e3o Canad\u00e1 abre vagas para estudantes brasileiros de gradua\u00e7\u00e3o e p\u00f3s-gradua\u00e7\u00e3o<\/p>\n","protected":false},"author":729,"featured_media":0,"comment_status":"closed","ping_status":"closed","sticky":false,"template":"","format":"standard","meta":{"footnotes":""},"categories":[1],"tags":[],"class_list":["post-454","post","type-post","status-publish","format-standard","hentry","category-noticias"],"jetpack_featured_media_url":"","_links":{"self":[{"href":"https:\/\/wp.ufpel.edu.br\/laboratoriodepropriedadesdamadeira\/wp-json\/wp\/v2\/posts\/454","targetHints":{"allow":["GET"]}}],"collection":[{"href":"https:\/\/wp.ufpel.edu.br\/laboratoriodepropriedadesdamadeira\/wp-json\/wp\/v2\/posts"}],"about":[{"href":"https:\/\/wp.ufpel.edu.br\/laboratoriodepropriedadesdamadeira\/wp-json\/wp\/v2\/types\/post"}],"author":[{"embeddable":true,"href":"https:\/\/wp.ufpel.edu.br\/laboratoriodepropriedadesdamadeira\/wp-json\/wp\/v2\/users\/729"}],"replies":[{"embeddable":true,"href":"https:\/\/wp.ufpel.edu.br\/laboratoriodepropriedadesdamadeira\/wp-json\/wp\/v2\/comments?post=454"}],"version-history":[{"count":1,"href":"https:\/\/wp.ufpel.edu.br\/laboratoriodepropriedadesdamadeira\/wp-json\/wp\/v2\/posts\/454\/revisions"}],"predecessor-version":[{"id":455,"href":"https:\/\/wp.ufpel.edu.br\/laboratoriodepropriedadesdamadeira\/wp-json\/wp\/v2\/posts\/454\/revisions\/455"}],"wp:attachment":[{"href":"https:\/\/wp.ufpel.edu.br\/laboratoriodepropriedadesdamadeira\/wp-json\/wp\/v2\/media?parent=454"}],"wp:term":[{"taxonomy":"category","embeddable":true,"href":"https:\/\/wp.ufpel.edu.br\/laboratoriodepropriedadesdamadeira\/wp-json\/wp\/v2\/categories?post=454"},{"taxonomy":"post_tag","embeddable":true,"href":"https:\/\/wp.ufpel.edu.br\/laboratoriodepropriedadesdamadeira\/wp-json\/wp\/v2\/tags?post=454"}],"curies":[{"name":"wp","href":"https:\/\/api.w.org\/{rel}","templated":true}]}}