{"id":329,"date":"2017-03-27T13:11:21","date_gmt":"2017-03-27T16:11:21","guid":{"rendered":"https:\/\/wp.ufpel.edu.br\/laboratoriodepropriedadesdamadeira\/?p=329"},"modified":"2017-03-27T13:11:21","modified_gmt":"2017-03-27T16:11:21","slug":"reuniao-28-de-marco-de-2017","status":"publish","type":"post","link":"https:\/\/wp.ufpel.edu.br\/laboratoriodepropriedadesdamadeira\/2017\/03\/27\/reuniao-28-de-marco-de-2017\/","title":{"rendered":"Reuni\u00e3o 28 de mar\u00e7o de 2017"},"content":{"rendered":"<p>Lembrando que amanh\u00e3 (28\/03) h\u00e1 reuni\u00e3o:<\/p>\n<p>alunos de p\u00f3s gradua\u00e7\u00e3o as 14 horas<\/p>\n<p>alunos de inicia\u00e7\u00e3o cient\u00edfica as 16 horas<\/p>\n<p>Local: sala de reuni\u00e3o<\/p>\n","protected":false},"excerpt":{"rendered":"<p>Lembrando que amanh\u00e3 (28\/03) h\u00e1 reuni\u00e3o: alunos de p\u00f3s gradua\u00e7\u00e3o as 14 horas alunos de inicia\u00e7\u00e3o cient\u00edfica as 16 horas Local: sala de reuni\u00e3o<\/p>\n","protected":false},"author":729,"featured_media":0,"comment_status":"closed","ping_status":"closed","sticky":false,"template":"","format":"standard","meta":{"footnotes":""},"categories":[1],"tags":[],"class_list":["post-329","post","type-post","status-publish","format-standard","hentry","category-noticias"],"jetpack_featured_media_url":"","_links":{"self":[{"href":"https:\/\/wp.ufpel.edu.br\/laboratoriodepropriedadesdamadeira\/wp-json\/wp\/v2\/posts\/329","targetHints":{"allow":["GET"]}}],"collection":[{"href":"https:\/\/wp.ufpel.edu.br\/laboratoriodepropriedadesdamadeira\/wp-json\/wp\/v2\/posts"}],"about":[{"href":"https:\/\/wp.ufpel.edu.br\/laboratoriodepropriedadesdamadeira\/wp-json\/wp\/v2\/types\/post"}],"author":[{"embeddable":true,"href":"https:\/\/wp.ufpel.edu.br\/laboratoriodepropriedadesdamadeira\/wp-json\/wp\/v2\/users\/729"}],"replies":[{"embeddable":true,"href":"https:\/\/wp.ufpel.edu.br\/laboratoriodepropriedadesdamadeira\/wp-json\/wp\/v2\/comments?post=329"}],"version-history":[{"count":1,"href":"https:\/\/wp.ufpel.edu.br\/laboratoriodepropriedadesdamadeira\/wp-json\/wp\/v2\/posts\/329\/revisions"}],"predecessor-version":[{"id":330,"href":"https:\/\/wp.ufpel.edu.br\/laboratoriodepropriedadesdamadeira\/wp-json\/wp\/v2\/posts\/329\/revisions\/330"}],"wp:attachment":[{"href":"https:\/\/wp.ufpel.edu.br\/laboratoriodepropriedadesdamadeira\/wp-json\/wp\/v2\/media?parent=329"}],"wp:term":[{"taxonomy":"category","embeddable":true,"href":"https:\/\/wp.ufpel.edu.br\/laboratoriodepropriedadesdamadeira\/wp-json\/wp\/v2\/categories?post=329"},{"taxonomy":"post_tag","embeddable":true,"href":"https:\/\/wp.ufpel.edu.br\/laboratoriodepropriedadesdamadeira\/wp-json\/wp\/v2\/tags?post=329"}],"curies":[{"name":"wp","href":"https:\/\/api.w.org\/{rel}","templated":true}]}}