{"id":863,"date":"2021-09-24T19:26:06","date_gmt":"2021-09-24T22:26:06","guid":{"rendered":"https:\/\/wp.ufpel.edu.br\/labgrima\/?p=863"},"modified":"2021-10-02T19:48:40","modified_gmt":"2021-10-02T22:48:40","slug":"coloquio-de-historia-global","status":"publish","type":"post","link":"https:\/\/wp.ufpel.edu.br\/labgrima\/2021\/09\/24\/coloquio-de-historia-global\/","title":{"rendered":"Col\u00f3quio de Hist\u00f3ria Global"},"content":{"rendered":"<p>O LabGRIMA e o Grupo de Pesquisa GeoMercosul promovem no dia 29 de setembro\u00a0 o debate sobre a Hist\u00f3ria Global e sua import\u00e2ncia para a an\u00e1lise da realidade contempor\u00e2nea.<!--more--><\/p>\n<p>&nbsp;<\/p>\n<p><img loading=\"lazy\" decoding=\"async\" class=\"aligncenter wp-image-865 size-full\" src=\"https:\/\/wp.ufpel.edu.br\/labgrima\/files\/2021\/10\/I-Coloquio-Horz-Port-2.jpg\" alt=\"\" width=\"940\" height=\"788\" srcset=\"https:\/\/wp.ufpel.edu.br\/labgrima\/files\/2021\/10\/I-Coloquio-Horz-Port-2.jpg 940w, https:\/\/wp.ufpel.edu.br\/labgrima\/files\/2021\/10\/I-Coloquio-Horz-Port-2-400x335.jpg 400w, https:\/\/wp.ufpel.edu.br\/labgrima\/files\/2021\/10\/I-Coloquio-Horz-Port-2-768x644.jpg 768w, https:\/\/wp.ufpel.edu.br\/labgrima\/files\/2021\/10\/I-Coloquio-Horz-Port-2-555x465.jpg 555w\" sizes=\"auto, (max-width: 940px) 100vw, 940px\" \/><\/p>\n<p><img loading=\"lazy\" decoding=\"async\" class=\"aligncenter wp-image-868 size-medium\" src=\"https:\/\/wp.ufpel.edu.br\/labgrima\/files\/2021\/10\/I-Coloquio-Horz-Port-6-400x335.jpg\" alt=\"\" width=\"400\" height=\"335\" \/><\/p>\n<p><img loading=\"lazy\" decoding=\"async\" class=\"aligncenter wp-image-870 size-medium\" src=\"https:\/\/wp.ufpel.edu.br\/labgrima\/files\/2021\/10\/I-Coloquio-Horz-Port-5-400x335.jpg\" alt=\"\" width=\"400\" height=\"335\" \/><\/p>\n","protected":false},"excerpt":{"rendered":"<p>O LabGRIMA e o Grupo de Pesquisa GeoMercosul promovem no dia 29 de setembro\u00a0 o debate sobre a Hist\u00f3ria Global e sua import\u00e2ncia para a an\u00e1lise da realidade contempor\u00e2nea.<\/p><p><a class=\"more-link btn\" href=\"https:\/\/wp.ufpel.edu.br\/labgrima\/2021\/09\/24\/coloquio-de-historia-global\/\">Continue lendo<\/a><\/p>\n","protected":false},"author":636,"featured_media":866,"comment_status":"closed","ping_status":"closed","sticky":false,"template":"","format":"standard","meta":{"footnotes":""},"categories":[33,75,21,28,1,62],"tags":[40,84,85],"class_list":["post-863","post","type-post","status-publish","format-standard","has-post-thumbnail","hentry","category-event","category-expert-opinions","category-labgrima-expert","category-news","category-noticias","category-webinar-series","tag-analise-dos-sistemas-mundo","tag-global-history","tag-historia-global","nodate","item-wrap"],"jetpack_featured_media_url":"https:\/\/wp.ufpel.edu.br\/labgrima\/files\/2021\/10\/world-map-watercolor-blue-scaled.jpg","_links":{"self":[{"href":"https:\/\/wp.ufpel.edu.br\/labgrima\/wp-json\/wp\/v2\/posts\/863","targetHints":{"allow":["GET"]}}],"collection":[{"href":"https:\/\/wp.ufpel.edu.br\/labgrima\/wp-json\/wp\/v2\/posts"}],"about":[{"href":"https:\/\/wp.ufpel.edu.br\/labgrima\/wp-json\/wp\/v2\/types\/post"}],"author":[{"embeddable":true,"href":"https:\/\/wp.ufpel.edu.br\/labgrima\/wp-json\/wp\/v2\/users\/636"}],"replies":[{"embeddable":true,"href":"https:\/\/wp.ufpel.edu.br\/labgrima\/wp-json\/wp\/v2\/comments?post=863"}],"version-history":[{"count":3,"href":"https:\/\/wp.ufpel.edu.br\/labgrima\/wp-json\/wp\/v2\/posts\/863\/revisions"}],"predecessor-version":[{"id":871,"href":"https:\/\/wp.ufpel.edu.br\/labgrima\/wp-json\/wp\/v2\/posts\/863\/revisions\/871"}],"wp:featuredmedia":[{"embeddable":true,"href":"https:\/\/wp.ufpel.edu.br\/labgrima\/wp-json\/wp\/v2\/media\/866"}],"wp:attachment":[{"href":"https:\/\/wp.ufpel.edu.br\/labgrima\/wp-json\/wp\/v2\/media?parent=863"}],"wp:term":[{"taxonomy":"category","embeddable":true,"href":"https:\/\/wp.ufpel.edu.br\/labgrima\/wp-json\/wp\/v2\/categories?post=863"},{"taxonomy":"post_tag","embeddable":true,"href":"https:\/\/wp.ufpel.edu.br\/labgrima\/wp-json\/wp\/v2\/tags?post=863"}],"curies":[{"name":"wp","href":"https:\/\/api.w.org\/{rel}","templated":true}]}}