{"id":2704,"date":"2026-03-13T10:20:49","date_gmt":"2026-03-13T13:20:49","guid":{"rendered":"https:\/\/wp.ufpel.edu.br\/labgrima\/?p=2704"},"modified":"2026-03-13T17:30:25","modified_gmt":"2026-03-13T20:30:25","slug":"glenn-diesen-john-mearsheimer-eua-ja-perderam-a-guerra-com-o-ira-sem-saida-a-vista","status":"publish","type":"post","link":"https:\/\/wp.ufpel.edu.br\/labgrima\/2026\/03\/13\/glenn-diesen-john-mearsheimer-eua-ja-perderam-a-guerra-com-o-ira-sem-saida-a-vista\/","title":{"rendered":"Canal YT Glenn Diesen: John Mearsheimer: EUA J\u00e1 Perderam a Guerra com o Ir\u00e3 \u2013 Sem Sa\u00edda \u00e0 Vista"},"content":{"rendered":"<p>Veja a an\u00e1lise em v\u00eddeo de John Mearsheimer sobre a cr\u00edtica situa\u00e7\u00e3o dos EUA no conflito com Ir\u00e3 (portugu\u00eas).<\/p>\n<p><!--more--><\/p>\n<p><iframe loading=\"lazy\" title=\"YouTube video player\" src=\"https:\/\/www.youtube.com\/embed\/l4saANrW888?si=2_7ICCiLBX0LscgL\" width=\"560\" height=\"315\" frameborder=\"0\" allowfullscreen=\"allowfullscreen\"><\/iframe><\/p>\n","protected":false},"excerpt":{"rendered":"<p>Veja a an\u00e1lise em v\u00eddeo de John Mearsheimer sobre a cr\u00edtica situa\u00e7\u00e3o dos EUA no conflito com Ir\u00e3 (portugu\u00eas).<\/p><p><a class=\"more-link btn\" href=\"https:\/\/wp.ufpel.edu.br\/labgrima\/2026\/03\/13\/glenn-diesen-john-mearsheimer-eua-ja-perderam-a-guerra-com-o-ira-sem-saida-a-vista\/\">Continue lendo<\/a><\/p>\n","protected":false},"author":636,"featured_media":2706,"comment_status":"closed","ping_status":"closed","sticky":false,"template":"","format":"standard","meta":{"footnotes":""},"categories":[28,1],"tags":[26,11,115,47,23],"class_list":["post-2704","post","type-post","status-publish","format-standard","has-post-thumbnail","hentry","category-news","category-noticias","tag-geopolitics","tag-ira","tag-israel","tag-new-order","tag-usa","nodate","item-wrap"],"jetpack_featured_media_url":"https:\/\/wp.ufpel.edu.br\/labgrima\/files\/2026\/03\/Captura-de-tela-2026-03-13-101905.jpg","_links":{"self":[{"href":"https:\/\/wp.ufpel.edu.br\/labgrima\/wp-json\/wp\/v2\/posts\/2704","targetHints":{"allow":["GET"]}}],"collection":[{"href":"https:\/\/wp.ufpel.edu.br\/labgrima\/wp-json\/wp\/v2\/posts"}],"about":[{"href":"https:\/\/wp.ufpel.edu.br\/labgrima\/wp-json\/wp\/v2\/types\/post"}],"author":[{"embeddable":true,"href":"https:\/\/wp.ufpel.edu.br\/labgrima\/wp-json\/wp\/v2\/users\/636"}],"replies":[{"embeddable":true,"href":"https:\/\/wp.ufpel.edu.br\/labgrima\/wp-json\/wp\/v2\/comments?post=2704"}],"version-history":[{"count":2,"href":"https:\/\/wp.ufpel.edu.br\/labgrima\/wp-json\/wp\/v2\/posts\/2704\/revisions"}],"predecessor-version":[{"id":2708,"href":"https:\/\/wp.ufpel.edu.br\/labgrima\/wp-json\/wp\/v2\/posts\/2704\/revisions\/2708"}],"wp:featuredmedia":[{"embeddable":true,"href":"https:\/\/wp.ufpel.edu.br\/labgrima\/wp-json\/wp\/v2\/media\/2706"}],"wp:attachment":[{"href":"https:\/\/wp.ufpel.edu.br\/labgrima\/wp-json\/wp\/v2\/media?parent=2704"}],"wp:term":[{"taxonomy":"category","embeddable":true,"href":"https:\/\/wp.ufpel.edu.br\/labgrima\/wp-json\/wp\/v2\/categories?post=2704"},{"taxonomy":"post_tag","embeddable":true,"href":"https:\/\/wp.ufpel.edu.br\/labgrima\/wp-json\/wp\/v2\/tags?post=2704"}],"curies":[{"name":"wp","href":"https:\/\/api.w.org\/{rel}","templated":true}]}}