{"id":362,"date":"2022-03-23T15:37:38","date_gmt":"2022-03-23T18:37:38","guid":{"rendered":"https:\/\/wp.ufpel.edu.br\/labcee\/?p=362"},"modified":"2022-03-23T15:37:38","modified_gmt":"2022-03-23T18:37:38","slug":"acoes-do-proben-programa-de-bom-uso-energetico-da-ufpel-serao-apresentadas-durante-workshop-coordenado-pela-eletrobras","status":"publish","type":"post","link":"https:\/\/wp.ufpel.edu.br\/labcee\/2022\/03\/23\/acoes-do-proben-programa-de-bom-uso-energetico-da-ufpel-serao-apresentadas-durante-workshop-coordenado-pela-eletrobras\/","title":{"rendered":"A\u00e7\u00f5es do PROBEN &#8211; Programa de Bom Uso Energ\u00e9tico &#8211; da UFPel ser\u00e3o apresentadas durante workshop coordenado pela Eletrobr\u00e1s"},"content":{"rendered":"\n<p>O professor Antonio C\u00e9sar Silveira Baptista da Silva, coordenador do PROBEN na UFPel, estar\u00e1 participando do workshop intitulado &#8220;<strong>Medidas de Incentivo para Implementa\u00e7\u00e3o de Projetos de Efici\u00eancia Energ\u00e9tica em Pr\u00e9dios P\u00fablicos<\/strong>&#8220;, coordenado pela Eletrobr\u00e1s e realizado pela Mtisidi Projetos.<\/p>\n\n\n\n<p>O workshop faz parte de um projeto que tem por objetivo a\u00a0proposi\u00e7\u00e3o de a\u00e7\u00f5es de ordem t\u00e9cnica, jur\u00eddica, financeira, entre outras, que viabilizem a implementa\u00e7\u00e3o de projetos de efici\u00eancia energ\u00e9tica em edifica\u00e7\u00f5es p\u00fablicas. Durante o processo foram\u00a0identificados os principais normativos existentes\u00a0que se referem a efici\u00eancia energ\u00e9tica no \u00e2mbito nacional, bem como\u00a0<strong>iniciativas realizadas por \u00f3rg\u00e3os p\u00fablicos\u00a0<\/strong>e\u00a0barreiras para implementa\u00e7\u00e3o\u00a0de medidas de efici\u00eancia energ\u00e9tica.<\/p>\n\n\n\n<p>O professor Antonio C\u00e9sar apresentar\u00e1 as a\u00e7\u00f5es realizadas pelo PROBEN na UFPel que, em pouco mais de 15 anos de exist\u00eancia, j\u00e1 evitou um custo financeiro a institui\u00e7\u00e3o de quase 10 milh\u00f5es de reais.<\/p>\n\n\n\n<p>O evento ser\u00e1 realizado no dia 24\/03, a partir das 14hs, e a inscri\u00e7\u00e3o \u00e9 gratuita. <\/p>\n\n\n\n<div class=\"wp-block-image\"><figure class=\"aligncenter size-large\"><a href=\"https:\/\/forms.gle\/RrUuBHKQS32yetHWA\"><img width=\"718\" height=\"1024\" src=\"https:\/\/wp.ufpel.edu.br\/labcee\/files\/2022\/03\/workshop-EE-Predios-Publicos-718x1024.png\" alt=\"\" class=\"wp-image-365\" srcset=\"https:\/\/wp.ufpel.edu.br\/labcee\/files\/2022\/03\/workshop-EE-Predios-Publicos-718x1024.png 718w, https:\/\/wp.ufpel.edu.br\/labcee\/files\/2022\/03\/workshop-EE-Predios-Publicos-280x400.png 280w, https:\/\/wp.ufpel.edu.br\/labcee\/files\/2022\/03\/workshop-EE-Predios-Publicos-768x1095.png 768w, https:\/\/wp.ufpel.edu.br\/labcee\/files\/2022\/03\/workshop-EE-Predios-Publicos-1077x1536.png 1077w, https:\/\/wp.ufpel.edu.br\/labcee\/files\/2022\/03\/workshop-EE-Predios-Publicos.png 1189w\" sizes=\"(max-width: 718px) 100vw, 718px\" \/><\/a><\/figure><\/div>\n","protected":false},"excerpt":{"rendered":"<p>O professor Antonio C\u00e9sar Silveira Baptista da Silva, coordenador do PROBEN na UFPel, estar\u00e1 participando do workshop intitulado &#8220;Medidas de Incentivo para Implementa\u00e7\u00e3o de Projetos de Efici\u00eancia Energ\u00e9tica em Pr\u00e9dios P\u00fablicos&#8220;, coordenado pela Eletrobr\u00e1s e realizado pela Mtisidi Projetos. O workshop faz parte de um projeto que tem por objetivo a\u00a0proposi\u00e7\u00e3o de a\u00e7\u00f5es de ordem [&hellip;]<\/p>\n","protected":false},"author":740,"featured_media":0,"comment_status":"closed","ping_status":"closed","sticky":false,"template":"","format":"standard","meta":{"_jetpack_memberships_contains_paid_content":false,"footnotes":""},"categories":[1],"tags":[],"class_list":["post-362","post","type-post","status-publish","format-standard","hentry","category-noticias"],"jetpack_featured_media_url":"","jetpack_sharing_enabled":true,"_links":{"self":[{"href":"https:\/\/wp.ufpel.edu.br\/labcee\/wp-json\/wp\/v2\/posts\/362","targetHints":{"allow":["GET"]}}],"collection":[{"href":"https:\/\/wp.ufpel.edu.br\/labcee\/wp-json\/wp\/v2\/posts"}],"about":[{"href":"https:\/\/wp.ufpel.edu.br\/labcee\/wp-json\/wp\/v2\/types\/post"}],"author":[{"embeddable":true,"href":"https:\/\/wp.ufpel.edu.br\/labcee\/wp-json\/wp\/v2\/users\/740"}],"replies":[{"embeddable":true,"href":"https:\/\/wp.ufpel.edu.br\/labcee\/wp-json\/wp\/v2\/comments?post=362"}],"version-history":[{"count":2,"href":"https:\/\/wp.ufpel.edu.br\/labcee\/wp-json\/wp\/v2\/posts\/362\/revisions"}],"predecessor-version":[{"id":367,"href":"https:\/\/wp.ufpel.edu.br\/labcee\/wp-json\/wp\/v2\/posts\/362\/revisions\/367"}],"wp:attachment":[{"href":"https:\/\/wp.ufpel.edu.br\/labcee\/wp-json\/wp\/v2\/media?parent=362"}],"wp:term":[{"taxonomy":"category","embeddable":true,"href":"https:\/\/wp.ufpel.edu.br\/labcee\/wp-json\/wp\/v2\/categories?post=362"},{"taxonomy":"post_tag","embeddable":true,"href":"https:\/\/wp.ufpel.edu.br\/labcee\/wp-json\/wp\/v2\/tags?post=362"}],"curies":[{"name":"wp","href":"https:\/\/api.w.org\/{rel}","templated":true}]}}