{"id":326,"date":"2021-05-25T12:02:18","date_gmt":"2021-05-25T15:02:18","guid":{"rendered":"https:\/\/wp.ufpel.edu.br\/labcee\/?p=326"},"modified":"2021-05-25T12:02:18","modified_gmt":"2021-05-25T15:02:18","slug":"prof-dra-lucia-mascaro-participara-do-ciclo-de-palestras-da-unila-nesta-semana","status":"publish","type":"post","link":"https:\/\/wp.ufpel.edu.br\/labcee\/2021\/05\/25\/prof-dra-lucia-mascaro-participara-do-ciclo-de-palestras-da-unila-nesta-semana\/","title":{"rendered":"Prof. Dra. Lucia Mascar\u00f3 participar\u00e1 do Ciclo de Palestras da UNILA nesta semana"},"content":{"rendered":"\n<p>A Prof. Dra. Lucia Mascar\u00f3 \u00e9 a convidada desta semana do Ciclo de Palestras da UNILA &#8211; Universidade Federal de Integra\u00e7\u00e3o Latino-Americana, e abordar\u00e1 a rela\u00e7\u00e3o entre o conforto t\u00e9rmico projetado para o edif\u00edcio e o conforto t\u00e9rmico dos usu\u00e1rios.<\/p>\n\n\n\n<p>A prof. L\u00facia Mascar\u00f3 \u00e9 doutora em Arquitetura e Urbanismo pela Universidade de S\u00e3o Paulo e consultor ad hoc da Coordena\u00e7\u00e3o de Aperfei\u00e7oamento de Pessoal de N\u00edvel Superior &#8211; CAPES. Na UFPel foi professor visitante senior entre 2014 e 2016. \u00c9 autora de diversas publica\u00e7\u00f5es, com \u00eanfase em Conforto Ambiental, atuando principalmente nos seguintes temas: arquitetura, conforto ambiental, ilumina\u00e7\u00e3o, ambi\u00eancia urbana e energia. <\/p>\n\n\n\n<figure class=\"wp-block-image size-large is-style-default\"><img width=\"602\" height=\"596\" src=\"https:\/\/wp.ufpel.edu.br\/labcee\/files\/2021\/05\/Unila-Lucia-Mascaro.png\" alt=\"\" class=\"wp-image-325\" srcset=\"https:\/\/wp.ufpel.edu.br\/labcee\/files\/2021\/05\/Unila-Lucia-Mascaro.png 602w, https:\/\/wp.ufpel.edu.br\/labcee\/files\/2021\/05\/Unila-Lucia-Mascaro-400x396.png 400w\" sizes=\"(max-width: 602px) 100vw, 602px\" \/><\/figure>\n\n\n\n<p>A palestra ocorrer\u00e1 no dia 25\/05\/21, a partir das 19:15, e poder\u00e1 ser acessada atrav\u00e9s do link <a href=\"https:\/\/meet.google.com\/xqr-xrdv-rcy\">https:\/\/meet.google.com\/xqr-xrdv-rcy<\/a>.<\/p>\n","protected":false},"excerpt":{"rendered":"<p>A Prof. Dra. Lucia Mascar\u00f3 \u00e9 a convidada desta semana do Ciclo de Palestras da UNILA &#8211; Universidade Federal de Integra\u00e7\u00e3o Latino-Americana, e abordar\u00e1 a rela\u00e7\u00e3o entre o conforto t\u00e9rmico projetado para o edif\u00edcio e o conforto t\u00e9rmico dos usu\u00e1rios. A prof. L\u00facia Mascar\u00f3 \u00e9 doutora em Arquitetura e Urbanismo pela Universidade de S\u00e3o Paulo [&hellip;]<\/p>\n","protected":false},"author":740,"featured_media":0,"comment_status":"closed","ping_status":"closed","sticky":false,"template":"","format":"standard","meta":{"_jetpack_memberships_contains_paid_content":false,"footnotes":""},"categories":[1],"tags":[],"class_list":["post-326","post","type-post","status-publish","format-standard","hentry","category-noticias"],"jetpack_featured_media_url":"","jetpack_sharing_enabled":true,"_links":{"self":[{"href":"https:\/\/wp.ufpel.edu.br\/labcee\/wp-json\/wp\/v2\/posts\/326","targetHints":{"allow":["GET"]}}],"collection":[{"href":"https:\/\/wp.ufpel.edu.br\/labcee\/wp-json\/wp\/v2\/posts"}],"about":[{"href":"https:\/\/wp.ufpel.edu.br\/labcee\/wp-json\/wp\/v2\/types\/post"}],"author":[{"embeddable":true,"href":"https:\/\/wp.ufpel.edu.br\/labcee\/wp-json\/wp\/v2\/users\/740"}],"replies":[{"embeddable":true,"href":"https:\/\/wp.ufpel.edu.br\/labcee\/wp-json\/wp\/v2\/comments?post=326"}],"version-history":[{"count":2,"href":"https:\/\/wp.ufpel.edu.br\/labcee\/wp-json\/wp\/v2\/posts\/326\/revisions"}],"predecessor-version":[{"id":329,"href":"https:\/\/wp.ufpel.edu.br\/labcee\/wp-json\/wp\/v2\/posts\/326\/revisions\/329"}],"wp:attachment":[{"href":"https:\/\/wp.ufpel.edu.br\/labcee\/wp-json\/wp\/v2\/media?parent=326"}],"wp:term":[{"taxonomy":"category","embeddable":true,"href":"https:\/\/wp.ufpel.edu.br\/labcee\/wp-json\/wp\/v2\/categories?post=326"},{"taxonomy":"post_tag","embeddable":true,"href":"https:\/\/wp.ufpel.edu.br\/labcee\/wp-json\/wp\/v2\/tags?post=326"}],"curies":[{"name":"wp","href":"https:\/\/api.w.org\/{rel}","templated":true}]}}