{"id":492,"date":"2019-10-31T14:42:01","date_gmt":"2019-10-31T17:42:01","guid":{"rendered":"https:\/\/wp.ufpel.edu.br\/jornalismo\/?p=492"},"modified":"2019-11-19T21:40:10","modified_gmt":"2019-11-20T00:40:10","slug":"atuacao","status":"publish","type":"post","link":"https:\/\/wp.ufpel.edu.br\/jornalismo\/atuacao\/","title":{"rendered":"Qual o perfil do egresso e as \u00e1reas de atua\u00e7\u00e3o do jornalista?"},"content":{"rendered":"<p>O egresso do curso de Jornalismo \u00e9 o profissional diplomado, com compet\u00eancia para atuar em quaisquer \u00e1reas do jornalismo no cen\u00e1rio de converg\u00eancias, sabendo se adaptar \u00e0s diferentes m\u00eddias. O jornalista \u00e9 agente da cidadania, produtor e articulador de informa\u00e7\u00f5es sobre a atualidade. Cabe a ele traduzir os fen\u00f4menos naturais e disseminar conhecimento, ciente da complexidade e do pluralismo caracter\u00edsticos da sociedade e da cultura contempor\u00e2neas. O jornalista deve estruturar e disponibilizar not\u00edcias que atendam \u00e0s demandas do seu p\u00fablico, de forma a relatar o que \u00e9 real e auxiliar os cidad\u00e3os a entenderem o contexto s\u00f3cio-pol\u00edtico e econ\u00f4mico no qual eles vivem.<\/p>\n<p>Para tanto, \u00e9 necess\u00e1rio conhecer e entender as diferentes realidades de cada camada social. \u00c9 essencial o dom\u00ednio do uso da l\u00edngua em suas diferente modalidades, na express\u00e3o oral e escrita em diversos contextos sociais. Durante a busca pela verdade, o jornalista deve apresentar uma postura \u00e9tica, uma das principais caracter\u00edsticas da profiss\u00e3o.<\/p>\n","protected":false},"excerpt":{"rendered":"<p>O egresso do curso de Jornalismo \u00e9 o profissional diplomado, com compet\u00eancia para atuar em quaisquer \u00e1reas do jornalismo no cen\u00e1rio de converg\u00eancias, sabendo se adaptar \u00e0s diferentes m\u00eddias. O jornalista \u00e9 agente da cidadania, produtor e articulador de informa\u00e7\u00f5es sobre a atualidade. Cabe a ele traduzir os fen\u00f4menos naturais e disseminar conhecimento, ciente da [&hellip;]<\/p>\n","protected":false},"author":911,"featured_media":607,"comment_status":"closed","ping_status":"closed","sticky":false,"template":"","format":"standard","meta":{"jetpack_post_was_ever_published":false,"_jetpack_newsletter_access":"","_jetpack_dont_email_post_to_subs":false,"_jetpack_newsletter_tier_id":0,"_jetpack_memberships_contains_paywalled_content":false,"_jetpack_memberships_contains_paid_content":false,"footnotes":"","jetpack_publicize_message":"","jetpack_publicize_feature_enabled":true,"jetpack_social_post_already_shared":true,"jetpack_social_options":{"image_generator_settings":{"template":"highway","default_image_id":0,"font":"","enabled":false},"version":2}},"categories":[39651],"tags":[],"class_list":["post-492","post","type-post","status-publish","format-standard","has-post-thumbnail","hentry","category-informacoes"],"jetpack_publicize_connections":[],"jetpack_featured_media_url":"https:\/\/wp.ufpel.edu.br\/jornalismo\/files\/2019\/11\/Perfil-do-egresso.jpg","jetpack_sharing_enabled":true,"jetpack_shortlink":"https:\/\/wp.me\/s8UsaE-atuacao","_links":{"self":[{"href":"https:\/\/wp.ufpel.edu.br\/jornalismo\/wp-json\/wp\/v2\/posts\/492","targetHints":{"allow":["GET"]}}],"collection":[{"href":"https:\/\/wp.ufpel.edu.br\/jornalismo\/wp-json\/wp\/v2\/posts"}],"about":[{"href":"https:\/\/wp.ufpel.edu.br\/jornalismo\/wp-json\/wp\/v2\/types\/post"}],"author":[{"embeddable":true,"href":"https:\/\/wp.ufpel.edu.br\/jornalismo\/wp-json\/wp\/v2\/users\/911"}],"replies":[{"embeddable":true,"href":"https:\/\/wp.ufpel.edu.br\/jornalismo\/wp-json\/wp\/v2\/comments?post=492"}],"version-history":[{"count":2,"href":"https:\/\/wp.ufpel.edu.br\/jornalismo\/wp-json\/wp\/v2\/posts\/492\/revisions"}],"predecessor-version":[{"id":497,"href":"https:\/\/wp.ufpel.edu.br\/jornalismo\/wp-json\/wp\/v2\/posts\/492\/revisions\/497"}],"wp:featuredmedia":[{"embeddable":true,"href":"https:\/\/wp.ufpel.edu.br\/jornalismo\/wp-json\/wp\/v2\/media\/607"}],"wp:attachment":[{"href":"https:\/\/wp.ufpel.edu.br\/jornalismo\/wp-json\/wp\/v2\/media?parent=492"}],"wp:term":[{"taxonomy":"category","embeddable":true,"href":"https:\/\/wp.ufpel.edu.br\/jornalismo\/wp-json\/wp\/v2\/categories?post=492"},{"taxonomy":"post_tag","embeddable":true,"href":"https:\/\/wp.ufpel.edu.br\/jornalismo\/wp-json\/wp\/v2\/tags?post=492"}],"curies":[{"name":"wp","href":"https:\/\/api.w.org\/{rel}","templated":true}]}}