{"id":1148,"date":"2025-12-01T19:44:51","date_gmt":"2025-12-01T22:44:51","guid":{"rendered":"https:\/\/wp.ufpel.edu.br\/jornalismo\/?p=1148"},"modified":"2025-12-01T19:47:10","modified_gmt":"2025-12-01T22:47:10","slug":"semana-academica-da-ufpel-retoma-apos-seis-anos-com-oficinas-e-palestras-para-alunos","status":"publish","type":"post","link":"https:\/\/wp.ufpel.edu.br\/jornalismo\/semana-academica-da-ufpel-retoma-apos-seis-anos-com-oficinas-e-palestras-para-alunos\/","title":{"rendered":"Semana Acad\u00eamica da UFPel retoma ap\u00f3s seis anos, com oficinas e palestras para alunos"},"content":{"rendered":"<p><em><strong>POR KETLEN GUIMAR\u00c3ES<\/strong><\/em><\/p>\n<p><strong><span style=\"font-weight: 400;\">A <strong>Semana Acad\u00eamica<\/strong> da Universidade Federal de Pelotas foi marcada por uma programa\u00e7\u00e3o intensa e diversa, reunindo atividades que ampliaram o olhar dos estudantes sobre comunica\u00e7\u00e3o, pesquisa e pr\u00e1tica profissional. Ao longo dos dias, foram oferecidas oficinas que exploraram diferentes \u00e1reas, como <strong>orat\u00f3ria, fotografia e audiovisual, edi\u00e7\u00e3o de foto, edi\u00e7\u00e3o de \u00e1udio, r\u00e1dio, elabora\u00e7\u00e3o de curr\u00edculo Lattes e escrita acad\u00eamica em ABNT.<\/strong><\/span><\/strong><em><strong><br \/>\n<\/strong><\/em><\/p>\n<div id=\"attachment_1151\" style=\"width: 626px\" class=\"wp-caption aligncenter\"><a href=\"https:\/\/wp.ufpel.edu.br\/jornalismo\/files\/2025\/12\/IMG_1204-scaled.jpg\"><img loading=\"lazy\" decoding=\"async\" aria-describedby=\"caption-attachment-1151\" class=\"wp-image-1151 size-large\" src=\"https:\/\/wp.ufpel.edu.br\/jornalismo\/files\/2025\/12\/IMG_1204-1024x683.jpg\" alt=\"\" width=\"616\" height=\"411\" srcset=\"https:\/\/wp.ufpel.edu.br\/jornalismo\/files\/2025\/12\/IMG_1204-1024x683.jpg 1024w, https:\/\/wp.ufpel.edu.br\/jornalismo\/files\/2025\/12\/IMG_1204-300x200.jpg 300w, https:\/\/wp.ufpel.edu.br\/jornalismo\/files\/2025\/12\/IMG_1204-768x512.jpg 768w, https:\/\/wp.ufpel.edu.br\/jornalismo\/files\/2025\/12\/IMG_1204-1536x1024.jpg 1536w, https:\/\/wp.ufpel.edu.br\/jornalismo\/files\/2025\/12\/IMG_1204-2048x1365.jpg 2048w, https:\/\/wp.ufpel.edu.br\/jornalismo\/files\/2025\/12\/IMG_1204-816x544.jpg 816w\" sizes=\"auto, (max-width: 616px) 100vw, 616px\" \/><\/a><p id=\"caption-attachment-1151\" class=\"wp-caption-text\">Imagem: Maikelly Silva<\/p><\/div>\n<p><span style=\"font-weight: 400;\">Entre os grandes momentos da programa\u00e7\u00e3o, destacaram-se a palestra do escritor <strong>Fernando Morais,<\/strong> mediada pelo professor Felipe Adam, e a oficina conduzida por Carlos Queiroz, al\u00e9m da participa\u00e7\u00e3o especial do grupo GZH, que trouxe importantes <strong>reflex\u00f5es sobre o fazer jornal\u00edstico.<\/strong><\/span><\/p>\n<p>As atividades tamb\u00e9m inclu\u00edram palestras sobre pol\u00edtica, jornalismo independente, jornalismo esportivo, desinforma\u00e7\u00e3o, jornalismo e g\u00eanero, al\u00e9m de um painel com o grupo GZH, que ampliou o debate sobre os desafios e transforma\u00e7\u00f5es da \u00e1rea. A <strong>Mostra Acad\u00eamica<\/strong> foi outro ponto alto da semana, com estudantes apresentando seus trabalhos e compartilhando pesquisas e experi\u00eancias.<strong><br \/>\n<\/strong><\/p>\n<div id=\"attachment_1152\" style=\"width: 626px\" class=\"wp-caption aligncenter\"><a href=\"https:\/\/wp.ufpel.edu.br\/jornalismo\/files\/2025\/12\/IMG_9140-scaled.jpg\"><img loading=\"lazy\" decoding=\"async\" aria-describedby=\"caption-attachment-1152\" class=\"wp-image-1152 size-large\" src=\"https:\/\/wp.ufpel.edu.br\/jornalismo\/files\/2025\/12\/IMG_9140-683x1024.jpg\" alt=\"\" width=\"616\" height=\"924\" srcset=\"https:\/\/wp.ufpel.edu.br\/jornalismo\/files\/2025\/12\/IMG_9140-683x1024.jpg 683w, https:\/\/wp.ufpel.edu.br\/jornalismo\/files\/2025\/12\/IMG_9140-200x300.jpg 200w, https:\/\/wp.ufpel.edu.br\/jornalismo\/files\/2025\/12\/IMG_9140-768x1152.jpg 768w, https:\/\/wp.ufpel.edu.br\/jornalismo\/files\/2025\/12\/IMG_9140-1024x1536.jpg 1024w, https:\/\/wp.ufpel.edu.br\/jornalismo\/files\/2025\/12\/IMG_9140-1365x2048.jpg 1365w, https:\/\/wp.ufpel.edu.br\/jornalismo\/files\/2025\/12\/IMG_9140-816x1224.jpg 816w, https:\/\/wp.ufpel.edu.br\/jornalismo\/files\/2025\/12\/IMG_9140-scaled.jpg 1707w\" sizes=\"auto, (max-width: 616px) 100vw, 616px\" \/><\/a><p id=\"caption-attachment-1152\" class=\"wp-caption-text\">Imagem: Maikelly Silva<\/p><\/div>\n<p><span style=\"font-weight: 400;\">Para acolher e integrar os participantes, todos os dias houve <em><strong>Coffee Break,<\/strong><\/em> criando um espa\u00e7o de troca e conviv\u00eancia. A Semana Acad\u00eamica contou com o apoio de professores do curso e o patroc\u00ednio da padaria artesanal <a href=\"https:\/\/www.instagram.com\/josefinapadaria\/\"><strong>Josefina <\/strong><\/a>e da <a href=\"https:\/\/www.instagram.com\/casapimenteiradobrasil\/\"><strong>Casa Pimenteira do Brasil<\/strong>,<\/a> pimentaria tradicional de Pelotas.<\/span><\/p>\n<p><span style=\"font-weight: 400;\">Um encontro que uniu aprendizado, di\u00e1logo e viv\u00eancia fortalecendo ainda mais a forma\u00e7\u00e3o dos estudantes e a identidade do curso.<br \/>\n<\/span><\/p>\n<blockquote><p><b>Arthur Schwab, presidente do Centro Acad\u00eamico, afirma que:<\/b><\/p>\n<p><span style=\"font-weight: 400;\">\u201c\u00c9 muito importante que o curso promova atividades como a Semana Acad\u00eamica. Infelizmente, ficamos 6 anos sem que eventos desse tipo acontecessem. Agora, esperamos com que criemos uma cultura de promover atividades que qualifiquem o curso dentro da UFPel, destacando que a retomada do evento simboliza um novo ciclo para o curso, marcado pelo fortalecimento da forma\u00e7\u00e3o, pela integra\u00e7\u00e3o dos estudantes e pela valoriza\u00e7\u00e3o das pr\u00e1ticas acad\u00eamicas.\u201d<\/span><\/p><\/blockquote>\n<div id=\"attachment_1153\" style=\"width: 626px\" class=\"wp-caption aligncenter\"><a href=\"https:\/\/wp.ufpel.edu.br\/jornalismo\/files\/2025\/12\/IMG_1520-scaled.jpg\"><img loading=\"lazy\" decoding=\"async\" aria-describedby=\"caption-attachment-1153\" class=\"wp-image-1153 size-large\" src=\"https:\/\/wp.ufpel.edu.br\/jornalismo\/files\/2025\/12\/IMG_1520-683x1024.jpg\" alt=\"\" width=\"616\" height=\"924\" srcset=\"https:\/\/wp.ufpel.edu.br\/jornalismo\/files\/2025\/12\/IMG_1520-683x1024.jpg 683w, https:\/\/wp.ufpel.edu.br\/jornalismo\/files\/2025\/12\/IMG_1520-200x300.jpg 200w, https:\/\/wp.ufpel.edu.br\/jornalismo\/files\/2025\/12\/IMG_1520-768x1152.jpg 768w, https:\/\/wp.ufpel.edu.br\/jornalismo\/files\/2025\/12\/IMG_1520-1024x1536.jpg 1024w, https:\/\/wp.ufpel.edu.br\/jornalismo\/files\/2025\/12\/IMG_1520-1365x2048.jpg 1365w, https:\/\/wp.ufpel.edu.br\/jornalismo\/files\/2025\/12\/IMG_1520-816x1224.jpg 816w, https:\/\/wp.ufpel.edu.br\/jornalismo\/files\/2025\/12\/IMG_1520-scaled.jpg 1707w\" sizes=\"auto, (max-width: 616px) 100vw, 616px\" \/><\/a><p id=\"caption-attachment-1153\" class=\"wp-caption-text\">Imagem: Maikelly Silva<\/p><\/div>\n<p><span style=\"font-weight: 400;\">\u00a0<\/span><\/p>\n","protected":false},"excerpt":{"rendered":"<p>POR KETLEN GUIMAR\u00c3ES A Semana Acad\u00eamica da Universidade Federal de Pelotas foi marcada por uma programa\u00e7\u00e3o intensa e diversa, reunindo atividades que ampliaram o olhar dos estudantes sobre comunica\u00e7\u00e3o, pesquisa e pr\u00e1tica profissional. Ao longo dos dias, foram oferecidas oficinas que exploraram diferentes \u00e1reas, como orat\u00f3ria, fotografia e audiovisual, edi\u00e7\u00e3o de foto, edi\u00e7\u00e3o de \u00e1udio, [&hellip;]<\/p>\n","protected":false},"author":911,"featured_media":1150,"comment_status":"closed","ping_status":"closed","sticky":false,"template":"","format":"standard","meta":{"jetpack_post_was_ever_published":false,"_jetpack_newsletter_access":"","_jetpack_dont_email_post_to_subs":false,"_jetpack_newsletter_tier_id":0,"_jetpack_memberships_contains_paywalled_content":false,"_jetpack_memberships_contains_paid_content":false,"footnotes":"","jetpack_publicize_message":"","jetpack_publicize_feature_enabled":true,"jetpack_social_post_already_shared":true,"jetpack_social_options":{"image_generator_settings":{"template":"highway","default_image_id":0,"font":"","enabled":false},"version":2}},"categories":[39656],"tags":[39664,39658,39685,39684],"class_list":["post-1148","post","type-post","status-publish","format-standard","has-post-thumbnail","hentry","category-eventos","tag-ufpel","tag-jornalismo","tag-jornalismoufpel","tag-semanaacademica"],"jetpack_publicize_connections":[],"jetpack_featured_media_url":"https:\/\/wp.ufpel.edu.br\/jornalismo\/files\/2025\/12\/IMG_1278-scaled.jpg","jetpack_sharing_enabled":true,"jetpack_shortlink":"https:\/\/wp.me\/p8UsaE-iw","_links":{"self":[{"href":"https:\/\/wp.ufpel.edu.br\/jornalismo\/wp-json\/wp\/v2\/posts\/1148","targetHints":{"allow":["GET"]}}],"collection":[{"href":"https:\/\/wp.ufpel.edu.br\/jornalismo\/wp-json\/wp\/v2\/posts"}],"about":[{"href":"https:\/\/wp.ufpel.edu.br\/jornalismo\/wp-json\/wp\/v2\/types\/post"}],"author":[{"embeddable":true,"href":"https:\/\/wp.ufpel.edu.br\/jornalismo\/wp-json\/wp\/v2\/users\/911"}],"replies":[{"embeddable":true,"href":"https:\/\/wp.ufpel.edu.br\/jornalismo\/wp-json\/wp\/v2\/comments?post=1148"}],"version-history":[{"count":3,"href":"https:\/\/wp.ufpel.edu.br\/jornalismo\/wp-json\/wp\/v2\/posts\/1148\/revisions"}],"predecessor-version":[{"id":1157,"href":"https:\/\/wp.ufpel.edu.br\/jornalismo\/wp-json\/wp\/v2\/posts\/1148\/revisions\/1157"}],"wp:featuredmedia":[{"embeddable":true,"href":"https:\/\/wp.ufpel.edu.br\/jornalismo\/wp-json\/wp\/v2\/media\/1150"}],"wp:attachment":[{"href":"https:\/\/wp.ufpel.edu.br\/jornalismo\/wp-json\/wp\/v2\/media?parent=1148"}],"wp:term":[{"taxonomy":"category","embeddable":true,"href":"https:\/\/wp.ufpel.edu.br\/jornalismo\/wp-json\/wp\/v2\/categories?post=1148"},{"taxonomy":"post_tag","embeddable":true,"href":"https:\/\/wp.ufpel.edu.br\/jornalismo\/wp-json\/wp\/v2\/tags?post=1148"}],"curies":[{"name":"wp","href":"https:\/\/api.w.org\/{rel}","templated":true}]}}