{"id":1078,"date":"2025-09-28T11:46:10","date_gmt":"2025-09-28T14:46:10","guid":{"rendered":"https:\/\/wp.ufpel.edu.br\/jornalismo\/?p=1078"},"modified":"2026-04-04T10:02:23","modified_gmt":"2026-04-04T13:02:23","slug":"1078-2","status":"publish","type":"post","link":"https:\/\/wp.ufpel.edu.br\/jornalismo\/1078-2\/","title":{"rendered":"N\u00facleo de Estudos em G\u00eanero, Sexualidade e Comunica\u00e7\u00e3o da UFPel ganha destaque em evento internacional"},"content":{"rendered":"<p><span style=\"font-weight: 400;\">O grupo de pesquisa de Estudos em G\u00eanero, Sexualidade e Comunica\u00e7\u00e3o (EGSC), vinculado ao Curso de Jornalismo da Universidade Federal de Pelotas (UFPel), ganhou destaque no XIX Semin\u00e1rio Internacional de M\u00eddia, Cultura, Cidadania e Informa\u00e7\u00e3o (Semic), organizado pelo Programa de P\u00f3s-Gradua\u00e7\u00e3o em Comunica\u00e7\u00e3o da Universidade Federal de Goi\u00e1s (UFG). A entrega do destaque foi anunciada na sexta-feira (26), atrav\u00e9s de sess\u00e3o organizada pelo evento.<\/span><\/p>\n<p><span style=\"font-weight: 400;\">O trabalho intitulado de \u201cJornalismo e Feminic\u00eddio: Uma An\u00e1lise de Conte\u00fado do Portal GZH Acerca de Casos Ocorridos no Rio Grande do Sul em Abril de 2025\u201d foi apresentado no GT Jornalismo, M\u00eddia e Direitos Humanos. A autoria foi compartilhada entre os integrantes do grupo, sendo eles a ex-bolsista da Fapergs Maria Eduarda Lopes, a aluna egressa do curso Carolina Pereira Soares, o aluno Vinicius Barcellos e a atual bolsista Milena Cordeiro, com orienta\u00e7\u00e3o da professora e coordenadora do EGSC Marislei da Silveira Ribeiro.<\/span><\/p>\n<p><span style=\"font-weight: 400;\">Considerando os altos \u00edndices de feminic\u00eddios no estado, a pesquisa submetida buscou compreender como as coberturas jornal\u00edsticas sobre viol\u00eancias de g\u00eanero podem influenciar a maneira como o p\u00fablico interpreta essas ocorr\u00eancias, tendo como objetivo principal analisar a cobertura realizada pela Ga\u00facha Zero Hora acerca dos 6 feminic\u00eddios ocorridos durante a Sexta-feira Santa, no dia 18 de abril de 2025, em munic\u00edpios ga\u00fachos.<\/span><\/p>\n<p><span style=\"font-weight: 400;\">Utilizando a metodologia qualitativa da An\u00e1lise de Conte\u00fado, a investiga\u00e7\u00e3o concluiu que o enquadramento noticioso possuiu uma grande frequ\u00eancia de descri\u00e7\u00f5es gr\u00e1ficas e expl\u00edcitas de viol\u00eancia, que constroem um teor sensacionalista \u00e0 linguagem jornal\u00edstica das mat\u00e9rias, al\u00e9m da falta de aprofundamento e contextualiza\u00e7\u00e3o do feminic\u00eddio e de suas complexidades enquanto fen\u00f4meno social. Tudo isso pode prejudicar a constru\u00e7\u00e3o de uma no\u00e7\u00e3o social mais conscientizada destas problem\u00e1ticas, e dependendo da abordagem midi\u00e1tica, contribuir para a naturaliza\u00e7\u00e3o e banaliza\u00e7\u00e3o destas viol\u00eancias.<\/span><\/p>\n<div id=\"attachment_1080\" style=\"width: 549px\" class=\"wp-caption alignnone\"><a href=\"https:\/\/wp.ufpel.edu.br\/jornalismo\/files\/2025\/09\/Captura-de-tela-2025-09-28-114040.png\"><img loading=\"lazy\" decoding=\"async\" aria-describedby=\"caption-attachment-1080\" class=\"wp-image-1080 size-full\" src=\"https:\/\/wp.ufpel.edu.br\/jornalismo\/files\/2025\/09\/Captura-de-tela-2025-09-28-114040.png\" alt=\"\" width=\"539\" height=\"729\" srcset=\"https:\/\/wp.ufpel.edu.br\/jornalismo\/files\/2025\/09\/Captura-de-tela-2025-09-28-114040.png 539w, https:\/\/wp.ufpel.edu.br\/jornalismo\/files\/2025\/09\/Captura-de-tela-2025-09-28-114040-222x300.png 222w\" sizes=\"auto, (max-width: 539px) 100vw, 539px\" \/><\/a><p id=\"caption-attachment-1080\" class=\"wp-caption-text\">Registro da apresenta\u00e7\u00e3o do trabalho destaque. Foto: divulga\u00e7\u00e3o<\/p><\/div>\n<p>&nbsp;<\/p>\n<p><span style=\"font-weight: 400;\">Idealizado dentro do Curso de Jornalismo em 2017, pela professora coordenadora Marislei Ribeiro, o grupo EGSC tem como prop\u00f3sito investigar tem\u00e1ticas que englobam a comunica\u00e7\u00e3o e suas rela\u00e7\u00f5es com g\u00eanero e sexualidade. Integrado ao Centro de Letras e Comunica\u00e7\u00e3o (CLC), o n\u00facleo tamb\u00e9m conta com a participa\u00e7\u00e3o e colabora\u00e7\u00e3o de discentes de outras universidades, como a Universidade Federal do Rio Grande do Sul (UFRGS).<\/span><\/p>\n<p><span style=\"font-weight: 400;\">A linha de pesquisa tem como pressuposto contemplar discuss\u00f5es acerca da constitui\u00e7\u00e3o hist\u00f3rica e cultural da categoria do g\u00eanero e da sexualidade, a partir da constru\u00e7\u00e3o de m\u00faltiplas identidades, que s\u00e3o intermediadas pela cultura midi\u00e1tica contempor\u00e2nea. Os interesses pesquisados s\u00e3o centrados nas quest\u00f5es feministas, LGBTQIAPN+, raciais, pol\u00edticas e culturais, levando em conta as representa\u00e7\u00f5es e estere\u00f3tipos de identidades, al\u00e9m da viol\u00eancia de g\u00eanero.<\/span><\/p>\n<p><span style=\"font-weight: 400;\">Desde sua cria\u00e7\u00e3o, o grupo tem participado de diversos eventos acad\u00eamicos regionais, nacionais e internacionais, representando a UFPel e o Curso de Jornalismo ao compartilhar com outras institui\u00e7\u00f5es os conhecimentos produzidos e a pot\u00eancia cient\u00edfica da universidade na tem\u00e1tica da comunica\u00e7\u00e3o. <\/span><\/p>\n<p><span style=\"font-weight: 400;\">Mais informa\u00e7\u00f5es atrav\u00e9s do perfil <\/span><a href=\"https:\/\/www.instagram.com\/egscoficial\/\"><span style=\"font-weight: 400;\">@egscoficial<\/span><\/a><span style=\"font-weight: 400;\">. \u00a0\u00a0<\/span><\/p>\n<p><span style=\"font-weight: 400;\"><a href=\"https:\/\/wp.ufpel.edu.br\/jornalismo\/files\/2025\/09\/Imagem-do-WhatsApp-de-2025-09-27-as-17.45.12_9e272026.jpg\"><img loading=\"lazy\" decoding=\"async\" class=\"alignnone wp-image-1081 size-full\" src=\"https:\/\/wp.ufpel.edu.br\/jornalismo\/files\/2025\/09\/Imagem-do-WhatsApp-de-2025-09-27-as-17.45.12_9e272026.jpg\" alt=\"\" width=\"1600\" height=\"1112\" srcset=\"https:\/\/wp.ufpel.edu.br\/jornalismo\/files\/2025\/09\/Imagem-do-WhatsApp-de-2025-09-27-as-17.45.12_9e272026.jpg 1600w, https:\/\/wp.ufpel.edu.br\/jornalismo\/files\/2025\/09\/Imagem-do-WhatsApp-de-2025-09-27-as-17.45.12_9e272026-300x209.jpg 300w, https:\/\/wp.ufpel.edu.br\/jornalismo\/files\/2025\/09\/Imagem-do-WhatsApp-de-2025-09-27-as-17.45.12_9e272026-1024x712.jpg 1024w, https:\/\/wp.ufpel.edu.br\/jornalismo\/files\/2025\/09\/Imagem-do-WhatsApp-de-2025-09-27-as-17.45.12_9e272026-768x534.jpg 768w, https:\/\/wp.ufpel.edu.br\/jornalismo\/files\/2025\/09\/Imagem-do-WhatsApp-de-2025-09-27-as-17.45.12_9e272026-1536x1068.jpg 1536w, https:\/\/wp.ufpel.edu.br\/jornalismo\/files\/2025\/09\/Imagem-do-WhatsApp-de-2025-09-27-as-17.45.12_9e272026-816x567.jpg 816w\" sizes=\"auto, (max-width: 1600px) 100vw, 1600px\" \/><\/a><\/span><\/p>\n","protected":false},"excerpt":{"rendered":"<p>O grupo de pesquisa de Estudos em G\u00eanero, Sexualidade e Comunica\u00e7\u00e3o (EGSC), vinculado ao Curso de Jornalismo da Universidade Federal de Pelotas (UFPel), ganhou destaque no XIX Semin\u00e1rio Internacional de M\u00eddia, Cultura, Cidadania e Informa\u00e7\u00e3o (Semic), organizado pelo Programa de P\u00f3s-Gradua\u00e7\u00e3o em Comunica\u00e7\u00e3o da Universidade Federal de Goi\u00e1s (UFG). A entrega do destaque foi anunciada [&hellip;]<\/p>\n","protected":false},"author":911,"featured_media":1080,"comment_status":"closed","ping_status":"closed","sticky":false,"template":"","format":"standard","meta":{"jetpack_post_was_ever_published":false,"_jetpack_newsletter_access":"","_jetpack_dont_email_post_to_subs":false,"_jetpack_newsletter_tier_id":0,"_jetpack_memberships_contains_paywalled_content":false,"_jetpack_memberships_contains_paid_content":false,"footnotes":"","jetpack_publicize_message":"","jetpack_publicize_feature_enabled":true,"jetpack_social_post_already_shared":true,"jetpack_social_options":{"image_generator_settings":{"template":"highway","default_image_id":0,"font":"","enabled":false},"version":2}},"categories":[39651],"tags":[39675,39663],"class_list":["post-1078","post","type-post","status-publish","format-standard","has-post-thumbnail","hentry","category-informacoes","tag-informacoes","tag-jornalismo-ufpel-riograndedosul-federal-alunos-ca"],"jetpack_publicize_connections":[],"jetpack_featured_media_url":"https:\/\/wp.ufpel.edu.br\/jornalismo\/files\/2025\/09\/Captura-de-tela-2025-09-28-114040.png","jetpack_sharing_enabled":true,"jetpack_shortlink":"https:\/\/wp.me\/p8UsaE-ho","_links":{"self":[{"href":"https:\/\/wp.ufpel.edu.br\/jornalismo\/wp-json\/wp\/v2\/posts\/1078","targetHints":{"allow":["GET"]}}],"collection":[{"href":"https:\/\/wp.ufpel.edu.br\/jornalismo\/wp-json\/wp\/v2\/posts"}],"about":[{"href":"https:\/\/wp.ufpel.edu.br\/jornalismo\/wp-json\/wp\/v2\/types\/post"}],"author":[{"embeddable":true,"href":"https:\/\/wp.ufpel.edu.br\/jornalismo\/wp-json\/wp\/v2\/users\/911"}],"replies":[{"embeddable":true,"href":"https:\/\/wp.ufpel.edu.br\/jornalismo\/wp-json\/wp\/v2\/comments?post=1078"}],"version-history":[{"count":3,"href":"https:\/\/wp.ufpel.edu.br\/jornalismo\/wp-json\/wp\/v2\/posts\/1078\/revisions"}],"predecessor-version":[{"id":1084,"href":"https:\/\/wp.ufpel.edu.br\/jornalismo\/wp-json\/wp\/v2\/posts\/1078\/revisions\/1084"}],"wp:featuredmedia":[{"embeddable":true,"href":"https:\/\/wp.ufpel.edu.br\/jornalismo\/wp-json\/wp\/v2\/media\/1080"}],"wp:attachment":[{"href":"https:\/\/wp.ufpel.edu.br\/jornalismo\/wp-json\/wp\/v2\/media?parent=1078"}],"wp:term":[{"taxonomy":"category","embeddable":true,"href":"https:\/\/wp.ufpel.edu.br\/jornalismo\/wp-json\/wp\/v2\/categories?post=1078"},{"taxonomy":"post_tag","embeddable":true,"href":"https:\/\/wp.ufpel.edu.br\/jornalismo\/wp-json\/wp\/v2\/tags?post=1078"}],"curies":[{"name":"wp","href":"https:\/\/api.w.org\/{rel}","templated":true}]}}