{"id":429,"date":"2026-04-21T18:22:31","date_gmt":"2026-04-21T21:22:31","guid":{"rendered":"https:\/\/wp.ufpel.edu.br\/ipab\/?p=429"},"modified":"2026-04-21T18:22:39","modified_gmt":"2026-04-21T21:22:39","slug":"capacitacao-para-as-e-multi-em-pelotas","status":"publish","type":"post","link":"https:\/\/wp.ufpel.edu.br\/ipab\/2026\/04\/21\/capacitacao-para-as-e-multi-em-pelotas\/","title":{"rendered":"Capacita\u00e7\u00e3o para as E-multi em Pelotas"},"content":{"rendered":"<p>No dia 13 de fevereiro de 2026 participamos da capacita\u00e7\u00e3o das E-multi (equipes multidisciplinares) realizada pela Secretaria Municipal da Sa\u00fade de Pelotas, promovendo uma Oficina sobre abordagens psicossociais com os profissionais que atuam nas equipes.<\/p>\n<p>Foi uma \u00f3tima ocasi\u00e3o de interc\u00e2mbio de experi\u00eancias e parceria entre a UFPel e o Munic\u00edpio de Pelotas.<\/p>\n","protected":false},"excerpt":{"rendered":"<p>No dia 13 de fevereiro de 2026 participamos da capacita\u00e7\u00e3o das E-multi (equipes multidisciplinares) realizada pela Secretaria Municipal da Sa\u00fade de Pelotas, promovendo uma Oficina sobre abordagens psicossociais com os profissionais que atuam nas equipes. Foi uma \u00f3tima ocasi\u00e3o de interc\u00e2mbio de experi\u00eancias e parceria entre a UFPel e o Munic\u00edpio de Pelotas.<\/p>\n","protected":false},"author":1240,"featured_media":0,"comment_status":"closed","ping_status":"closed","sticky":false,"template":"","format":"standard","meta":{"footnotes":""},"categories":[1],"tags":[],"class_list":["post-429","post","type-post","status-publish","format-standard","hentry","category-noticias"],"jetpack_featured_media_url":"","_links":{"self":[{"href":"https:\/\/wp.ufpel.edu.br\/ipab\/wp-json\/wp\/v2\/posts\/429","targetHints":{"allow":["GET"]}}],"collection":[{"href":"https:\/\/wp.ufpel.edu.br\/ipab\/wp-json\/wp\/v2\/posts"}],"about":[{"href":"https:\/\/wp.ufpel.edu.br\/ipab\/wp-json\/wp\/v2\/types\/post"}],"author":[{"embeddable":true,"href":"https:\/\/wp.ufpel.edu.br\/ipab\/wp-json\/wp\/v2\/users\/1240"}],"replies":[{"embeddable":true,"href":"https:\/\/wp.ufpel.edu.br\/ipab\/wp-json\/wp\/v2\/comments?post=429"}],"version-history":[{"count":1,"href":"https:\/\/wp.ufpel.edu.br\/ipab\/wp-json\/wp\/v2\/posts\/429\/revisions"}],"predecessor-version":[{"id":431,"href":"https:\/\/wp.ufpel.edu.br\/ipab\/wp-json\/wp\/v2\/posts\/429\/revisions\/431"}],"wp:attachment":[{"href":"https:\/\/wp.ufpel.edu.br\/ipab\/wp-json\/wp\/v2\/media?parent=429"}],"wp:term":[{"taxonomy":"category","embeddable":true,"href":"https:\/\/wp.ufpel.edu.br\/ipab\/wp-json\/wp\/v2\/categories?post=429"},{"taxonomy":"post_tag","embeddable":true,"href":"https:\/\/wp.ufpel.edu.br\/ipab\/wp-json\/wp\/v2\/tags?post=429"}],"curies":[{"name":"wp","href":"https:\/\/api.w.org\/{rel}","templated":true}]}}