{"id":607,"date":"2025-06-26T15:05:01","date_gmt":"2025-06-26T18:05:01","guid":{"rendered":"https:\/\/wp.ufpel.edu.br\/international1congress2025anthroposophicalnursing\/?p=607"},"modified":"2025-06-26T15:05:20","modified_gmt":"2025-06-26T18:05:20","slug":"novidade-de-inscricoes-para-estudantes-unb-e-ufpel","status":"publish","type":"post","link":"https:\/\/wp.ufpel.edu.br\/international1congress2025anthroposophicalnursing\/2025\/06\/26\/novidade-de-inscricoes-para-estudantes-unb-e-ufpel\/","title":{"rendered":"Novidade para inscri\u00e7\u00f5es de estudantes UnB e UFPel"},"content":{"rendered":"<p><strong><span style=\"font-family: helvetica, arial, sans-serif;\">O valor da inscri\u00e7\u00e3o no Congresso \u00e9 de 50 reais para Estudantes de cursos de gradua\u00e7\u00e3o da Universidade de Bras\u00edlia e da Universidade Federal de Pelotas.<\/span><\/strong><\/p>\n<p>Siga o passo a passo da inscri\u00e7\u00e3o e apresenta comprovante de matr\u00edcula da Institui\u00e7\u00e3o.<\/p>\n","protected":false},"excerpt":{"rendered":"<p>O valor da inscri\u00e7\u00e3o no Congresso \u00e9 de 50 reais para Estudantes de cursos de gradua\u00e7\u00e3o da Universidade de Bras\u00edlia e da Universidade Federal de Pelotas. Siga o passo a passo da inscri\u00e7\u00e3o e apresenta comprovante de matr\u00edcula da Institui\u00e7\u00e3o.<\/p>\n","protected":false},"author":350,"featured_media":0,"comment_status":"closed","ping_status":"closed","sticky":false,"template":"","format":"standard","meta":{"_jetpack_memberships_contains_paid_content":false,"footnotes":""},"categories":[23],"tags":[],"class_list":["post-607","post","type-post","status-publish","format-standard","hentry","category-sem-categoria-pt"],"jetpack_featured_media_url":"","jetpack_sharing_enabled":true,"_links":{"self":[{"href":"https:\/\/wp.ufpel.edu.br\/international1congress2025anthroposophicalnursing\/wp-json\/wp\/v2\/posts\/607","targetHints":{"allow":["GET"]}}],"collection":[{"href":"https:\/\/wp.ufpel.edu.br\/international1congress2025anthroposophicalnursing\/wp-json\/wp\/v2\/posts"}],"about":[{"href":"https:\/\/wp.ufpel.edu.br\/international1congress2025anthroposophicalnursing\/wp-json\/wp\/v2\/types\/post"}],"author":[{"embeddable":true,"href":"https:\/\/wp.ufpel.edu.br\/international1congress2025anthroposophicalnursing\/wp-json\/wp\/v2\/users\/350"}],"replies":[{"embeddable":true,"href":"https:\/\/wp.ufpel.edu.br\/international1congress2025anthroposophicalnursing\/wp-json\/wp\/v2\/comments?post=607"}],"version-history":[{"count":2,"href":"https:\/\/wp.ufpel.edu.br\/international1congress2025anthroposophicalnursing\/wp-json\/wp\/v2\/posts\/607\/revisions"}],"predecessor-version":[{"id":609,"href":"https:\/\/wp.ufpel.edu.br\/international1congress2025anthroposophicalnursing\/wp-json\/wp\/v2\/posts\/607\/revisions\/609"}],"wp:attachment":[{"href":"https:\/\/wp.ufpel.edu.br\/international1congress2025anthroposophicalnursing\/wp-json\/wp\/v2\/media?parent=607"}],"wp:term":[{"taxonomy":"category","embeddable":true,"href":"https:\/\/wp.ufpel.edu.br\/international1congress2025anthroposophicalnursing\/wp-json\/wp\/v2\/categories?post=607"},{"taxonomy":"post_tag","embeddable":true,"href":"https:\/\/wp.ufpel.edu.br\/international1congress2025anthroposophicalnursing\/wp-json\/wp\/v2\/tags?post=607"}],"curies":[{"name":"wp","href":"https:\/\/api.w.org\/{rel}","templated":true}]}}