{"id":3576,"date":"2026-04-24T14:37:16","date_gmt":"2026-04-24T17:37:16","guid":{"rendered":"https:\/\/wp.ufpel.edu.br\/international\/?p=3576"},"modified":"2026-04-24T14:37:16","modified_gmt":"2026-04-24T17:37:16","slug":"edital-externo-programa-banach-nawa","status":"publish","type":"post","link":"https:\/\/wp.ufpel.edu.br\/international\/2026\/04\/24\/edital-externo-programa-banach-nawa\/","title":{"rendered":"Edital externo: Programa Banach Nawa"},"content":{"rendered":"<p class=\"m_-5639090854221092307isselectedend\"><span lang=\"PT-BR\">A Ag\u00eancia Nacional de Interc\u00e2mbio Acad\u00eamico da Pol\u00f4nia (NAWA) informa que est\u00e3o abertas as inscri\u00e7\u00f5es para o prestigiado Programa de Bolsas Stefan Banach.<u><\/u><u><\/u><\/span><\/p>\n<p class=\"m_-5639090854221092307isselectedend\"><span lang=\"PT-BR\">O programa \u00e9 destinado a cidad\u00e3os de 36 pa\u00edses, incluindo o Brasil, e oferece a oportunidade de <span style=\"color: #ff0000;\">cursar mestrado integral<\/span> em universidades polonesas, com op\u00e7\u00f5es de estudo nos idiomas polon\u00eas ou ingl\u00eas.<u><\/u><u><\/u><\/span><\/p>\n<p class=\"m_-5639090854221092307isselectedend\"><span lang=\"PT-BR\">A bolsa contempla isen\u00e7\u00e3o de mensalidades, aux\u00edlio financeiro mensal, apoio para custos de viagem, bem como suporte inicial para a adapta\u00e7\u00e3o acad\u00eamica no pa\u00eds. No caso de cursos ministrados em polon\u00eas, h\u00e1 a possibilidade de realiza\u00e7\u00e3o de um ano preparat\u00f3rio de idioma.<u><\/u><u><\/u><\/span><\/p>\n<p class=\"m_-5639090854221092307isselectedend\"><span lang=\"PT-BR\">Trata-se de uma excelente oportunidade para o desenvolvimento acad\u00eamico e profissional, al\u00e9m de proporcionar uma valiosa experi\u00eancia internacional e contato com a cultura e o ambiente universit\u00e1rio da Pol\u00f4nia.<u><\/u><u><\/u><\/span><\/p>\n<p class=\"m_-5639090854221092307isselectedend\"><span lang=\"PT-BR\">O prazo para submiss\u00e3o das candidaturas \u00e9 at\u00e9\u00a0<b>8 de maio de 2026, \u00e0s 15h<\/b>\u00a0(hor\u00e1rio de Vars\u00f3via).<u><\/u><u><\/u><\/span><\/p>\n<p class=\"m_-5639090854221092307isselectedend\"><span lang=\"PT-BR\">Informa\u00e7\u00f5es detalhadas sobre crit\u00e9rios de sele\u00e7\u00e3o e documenta\u00e7\u00e3o necess\u00e1ria est\u00e3o dispon\u00edveis no seguinte endere\u00e7o:<br \/>\n<\/span><a href=\"https:\/\/www.nawa.gov.pl\/nawa\/aktualnosci\/nabor-do-programu-banach-nawa\" target=\"_blank\" rel=\"noopener\" data-saferedirecturl=\"https:\/\/www.google.com\/url?q=https:\/\/www.nawa.gov.pl\/nawa\/aktualnosci\/nabor-do-programu-banach-nawa&amp;source=gmail&amp;ust=1777137215212000&amp;usg=AOvVaw0HjKrgbhOmTqQzEhLEBbht\"><span lang=\"PT-BR\">https:\/\/www.nawa.gov.pl\/nawa\/<wbr \/>aktualnosci\/nabor-do-programu-<wbr \/>banach-nawa<\/span><\/a><\/p>\n<p><span style=\"color: #ff0000;\"><strong><em>*<\/em><\/strong><em>\u00a0A UFPel International faz apenas a divulga\u00e7\u00e3o da oportunidade, qualquer d\u00favida deve ser encaminhada diretamente ao organizador do edital.<\/em><\/span><\/p>\n<p><img loading=\"lazy\" decoding=\"async\" class=\"size-medium wp-image-3578 aligncenter\" src=\"https:\/\/wp.ufpel.edu.br\/international\/files\/2026\/04\/image001-400x400.jpg\" alt=\"\" width=\"400\" height=\"400\" srcset=\"https:\/\/wp.ufpel.edu.br\/international\/files\/2026\/04\/image001-400x400.jpg 400w, https:\/\/wp.ufpel.edu.br\/international\/files\/2026\/04\/image001-1024x1024.jpg 1024w, https:\/\/wp.ufpel.edu.br\/international\/files\/2026\/04\/image001-200x200.jpg 200w, https:\/\/wp.ufpel.edu.br\/international\/files\/2026\/04\/image001-768x768.jpg 768w, https:\/\/wp.ufpel.edu.br\/international\/files\/2026\/04\/image001.jpg 1080w\" sizes=\"auto, (max-width: 400px) 100vw, 400px\" \/><\/p>\n","protected":false},"excerpt":{"rendered":"<p>A Ag\u00eancia Nacional de Interc\u00e2mbio Acad\u00eamico da Pol\u00f4nia (NAWA) informa que est\u00e3o abertas as inscri\u00e7\u00f5es para o prestigiado Programa de Bolsas Stefan Banach. O programa \u00e9 destinado a cidad\u00e3os de 36 pa\u00edses, incluindo o Brasil, e oferece a oportunidade de cursar mestrado integral em universidades polonesas, com op\u00e7\u00f5es de estudo nos idiomas polon\u00eas ou ingl\u00eas. [&hellip;]<\/p>\n","protected":false},"author":290,"featured_media":3579,"comment_status":"closed","ping_status":"closed","sticky":false,"template":"","format":"standard","meta":{"_jetpack_memberships_contains_paid_content":false,"footnotes":""},"categories":[1],"tags":[],"class_list":{"0":"post-3576","1":"post","2":"type-post","3":"status-publish","4":"format-standard","5":"has-post-thumbnail","6":"hentry","7":"category-noticias","9":"post-with-thumbnail","10":"post-with-thumbnail-large"},"jetpack_featured_media_url":"https:\/\/wp.ufpel.edu.br\/international\/files\/2026\/04\/bolsa-de-estudos-polonia-1.png","jetpack_sharing_enabled":true,"_links":{"self":[{"href":"https:\/\/wp.ufpel.edu.br\/international\/wp-json\/wp\/v2\/posts\/3576","targetHints":{"allow":["GET"]}}],"collection":[{"href":"https:\/\/wp.ufpel.edu.br\/international\/wp-json\/wp\/v2\/posts"}],"about":[{"href":"https:\/\/wp.ufpel.edu.br\/international\/wp-json\/wp\/v2\/types\/post"}],"author":[{"embeddable":true,"href":"https:\/\/wp.ufpel.edu.br\/international\/wp-json\/wp\/v2\/users\/290"}],"replies":[{"embeddable":true,"href":"https:\/\/wp.ufpel.edu.br\/international\/wp-json\/wp\/v2\/comments?post=3576"}],"version-history":[{"count":1,"href":"https:\/\/wp.ufpel.edu.br\/international\/wp-json\/wp\/v2\/posts\/3576\/revisions"}],"predecessor-version":[{"id":3580,"href":"https:\/\/wp.ufpel.edu.br\/international\/wp-json\/wp\/v2\/posts\/3576\/revisions\/3580"}],"wp:featuredmedia":[{"embeddable":true,"href":"https:\/\/wp.ufpel.edu.br\/international\/wp-json\/wp\/v2\/media\/3579"}],"wp:attachment":[{"href":"https:\/\/wp.ufpel.edu.br\/international\/wp-json\/wp\/v2\/media?parent=3576"}],"wp:term":[{"taxonomy":"category","embeddable":true,"href":"https:\/\/wp.ufpel.edu.br\/international\/wp-json\/wp\/v2\/categories?post=3576"},{"taxonomy":"post_tag","embeddable":true,"href":"https:\/\/wp.ufpel.edu.br\/international\/wp-json\/wp\/v2\/tags?post=3576"}],"curies":[{"name":"wp","href":"https:\/\/api.w.org\/{rel}","templated":true}]}}