{"id":3553,"date":"2026-03-16T14:22:46","date_gmt":"2026-03-16T17:22:46","guid":{"rendered":"https:\/\/wp.ufpel.edu.br\/international\/?p=3553"},"modified":"2026-03-16T14:22:46","modified_gmt":"2026-03-16T17:22:46","slug":"divulgacao-curso-basico-de-lingua-portuguesa","status":"publish","type":"post","link":"https:\/\/wp.ufpel.edu.br\/international\/2026\/03\/16\/divulgacao-curso-basico-de-lingua-portuguesa\/","title":{"rendered":"Divulga\u00e7\u00e3o: Curso B\u00e1sico de L\u00edngua Portuguesa"},"content":{"rendered":"<p><img loading=\"lazy\" decoding=\"async\" class=\"size-medium wp-image-3554 aligncenter\" src=\"https:\/\/wp.ufpel.edu.br\/international\/files\/2026\/03\/Publicacoes-PPE-16-400x400.jpg\" alt=\"\" width=\"400\" height=\"400\" srcset=\"https:\/\/wp.ufpel.edu.br\/international\/files\/2026\/03\/Publicacoes-PPE-16-400x400.jpg 400w, https:\/\/wp.ufpel.edu.br\/international\/files\/2026\/03\/Publicacoes-PPE-16-1024x1024.jpg 1024w, https:\/\/wp.ufpel.edu.br\/international\/files\/2026\/03\/Publicacoes-PPE-16-200x200.jpg 200w, https:\/\/wp.ufpel.edu.br\/international\/files\/2026\/03\/Publicacoes-PPE-16-768x768.jpg 768w, https:\/\/wp.ufpel.edu.br\/international\/files\/2026\/03\/Publicacoes-PPE-16.jpg 1080w\" sizes=\"auto, (max-width: 400px) 100vw, 400px\" \/><\/p>\n<p>&nbsp;<\/p>\n<p><img decoding=\"async\" class=\"an1\" draggable=\"false\" src=\"https:\/\/fonts.gstatic.com\/s\/e\/notoemoji\/17.0\/1f4da\/32.png\" alt=\"\ud83d\udcda\" data-emoji=\"\ud83d\udcda\" aria-label=\"\ud83d\udcda\" \/>\u00a0INSCRI\u00c7\u00d5ES ABERTAS<\/p>\n<p>O Programa Portugu\u00eas para Estrangeiros (PPE) da Universidade Federal de Pelotas (UFPel) informa que est\u00e3o abertas as inscri\u00e7\u00f5es para o \u201cCurso B\u00e1sico de L\u00edngua Portuguesa\u201d.<\/p>\n<p><img decoding=\"async\" class=\"an1\" draggable=\"false\" src=\"https:\/\/fonts.gstatic.com\/s\/e\/notoemoji\/17.0\/1f5d3_fe0f\/32.png\" alt=\"\ud83d\uddd3\ufe0f\" data-emoji=\"\ud83d\uddd3\ufe0f\" aria-label=\"\ud83d\uddd3\ufe0f\" \/>\u00a0Dia e hor\u00e1rio: Quintas-feiras, das 19h \u00e0s 21h<\/p>\n<p><img decoding=\"async\" class=\"an1\" draggable=\"false\" src=\"https:\/\/fonts.gstatic.com\/s\/e\/notoemoji\/17.0\/1f4cd\/32.png\" alt=\"\ud83d\udccd\" data-emoji=\"\ud83d\udccd\" aria-label=\"\ud83d\udccd\" \/>\u00a0Local: Campus Anglo (Rua Gomes Carneiro, 01 \u2013 Pelotas\/RS) Sala: 106<br \/>\nIn\u00edcio: 19 de mar\u00e7o de 2026<\/p>\n<p><img decoding=\"async\" class=\"an1\" draggable=\"false\" src=\"https:\/\/fonts.gstatic.com\/s\/e\/notoemoji\/17.0\/26a0_fe0f\/32.png\" alt=\"\u26a0\ufe0f\" data-emoji=\"\u26a0\ufe0f\" aria-label=\"\u26a0\ufe0f\" \/>\u00a0O curso \u00e9 exclusivamente para estrangeiros.<\/p>\n<p><img decoding=\"async\" class=\"an1\" draggable=\"false\" src=\"https:\/\/fonts.gstatic.com\/s\/e\/notoemoji\/17.0\/1f517\/32.png\" alt=\"\ud83d\udd17\" data-emoji=\"\ud83d\udd17\" aria-label=\"\ud83d\udd17\" \/>\u00a0Link para inscri\u00e7\u00e3o:<br \/>\n<a href=\"https:\/\/forms.gle\/LG8b31e6bAeZxk8c9\" target=\"_blank\" rel=\"noopener\" data-saferedirecturl=\"https:\/\/www.google.com\/url?q=https:\/\/forms.gle\/LG8b31e6bAeZxk8c9&amp;source=gmail&amp;ust=1773767781356000&amp;usg=AOvVaw0v0ElFNh9StdP8Z7PiPOQN\">https:\/\/forms.gle\/<wbr \/>LG8b31e6bAeZxk8c9<\/a><\/p>\n<p><img decoding=\"async\" class=\"an1\" draggable=\"false\" src=\"https:\/\/fonts.gstatic.com\/s\/e\/notoemoji\/17.0\/1f4e9\/32.png\" alt=\"\ud83d\udce9\" data-emoji=\"\ud83d\udce9\" aria-label=\"\ud83d\udce9\" \/>\u00a0Mais informa\u00e7\u00f5es: Instagram @ppe.ufpel | E-mail\u00a0<a href=\"mailto:ppe.clc.ufpel@gmail.com\" target=\"_blank\" rel=\"noopener\">ppe.clc.ufpel@gmail.com<\/a><\/p>\n<p>&nbsp;<\/p>\n<p>&nbsp;<\/p>\n","protected":false},"excerpt":{"rendered":"<p>&nbsp; \u00a0INSCRI\u00c7\u00d5ES ABERTAS O Programa Portugu\u00eas para Estrangeiros (PPE) da Universidade Federal de Pelotas (UFPel) informa que est\u00e3o abertas as inscri\u00e7\u00f5es para o \u201cCurso B\u00e1sico de L\u00edngua Portuguesa\u201d. \u00a0Dia e hor\u00e1rio: Quintas-feiras, das 19h \u00e0s 21h \u00a0Local: Campus Anglo (Rua Gomes Carneiro, 01 \u2013 Pelotas\/RS) Sala: 106 In\u00edcio: 19 de mar\u00e7o de 2026 \u00a0O curso [&hellip;]<\/p>\n","protected":false},"author":290,"featured_media":3556,"comment_status":"closed","ping_status":"closed","sticky":false,"template":"","format":"standard","meta":{"_jetpack_memberships_contains_paid_content":false,"footnotes":""},"categories":[1],"tags":[],"class_list":{"0":"post-3553","1":"post","2":"type-post","3":"status-publish","4":"format-standard","5":"has-post-thumbnail","6":"hentry","7":"category-noticias","9":"post-with-thumbnail","10":"post-with-thumbnail-large"},"jetpack_featured_media_url":"https:\/\/wp.ufpel.edu.br\/international\/files\/2026\/03\/divulgacao-clc.png","jetpack_sharing_enabled":true,"_links":{"self":[{"href":"https:\/\/wp.ufpel.edu.br\/international\/wp-json\/wp\/v2\/posts\/3553","targetHints":{"allow":["GET"]}}],"collection":[{"href":"https:\/\/wp.ufpel.edu.br\/international\/wp-json\/wp\/v2\/posts"}],"about":[{"href":"https:\/\/wp.ufpel.edu.br\/international\/wp-json\/wp\/v2\/types\/post"}],"author":[{"embeddable":true,"href":"https:\/\/wp.ufpel.edu.br\/international\/wp-json\/wp\/v2\/users\/290"}],"replies":[{"embeddable":true,"href":"https:\/\/wp.ufpel.edu.br\/international\/wp-json\/wp\/v2\/comments?post=3553"}],"version-history":[{"count":1,"href":"https:\/\/wp.ufpel.edu.br\/international\/wp-json\/wp\/v2\/posts\/3553\/revisions"}],"predecessor-version":[{"id":3555,"href":"https:\/\/wp.ufpel.edu.br\/international\/wp-json\/wp\/v2\/posts\/3553\/revisions\/3555"}],"wp:featuredmedia":[{"embeddable":true,"href":"https:\/\/wp.ufpel.edu.br\/international\/wp-json\/wp\/v2\/media\/3556"}],"wp:attachment":[{"href":"https:\/\/wp.ufpel.edu.br\/international\/wp-json\/wp\/v2\/media?parent=3553"}],"wp:term":[{"taxonomy":"category","embeddable":true,"href":"https:\/\/wp.ufpel.edu.br\/international\/wp-json\/wp\/v2\/categories?post=3553"},{"taxonomy":"post_tag","embeddable":true,"href":"https:\/\/wp.ufpel.edu.br\/international\/wp-json\/wp\/v2\/tags?post=3553"}],"curies":[{"name":"wp","href":"https:\/\/api.w.org\/{rel}","templated":true}]}}