{"id":3536,"date":"2026-03-03T09:04:10","date_gmt":"2026-03-03T12:04:10","guid":{"rendered":"https:\/\/wp.ufpel.edu.br\/international\/?p=3536"},"modified":"2026-03-03T09:04:10","modified_gmt":"2026-03-03T12:04:10","slug":"divulgacao-cafezinho-internacional-2","status":"publish","type":"post","link":"https:\/\/wp.ufpel.edu.br\/international\/2026\/03\/03\/divulgacao-cafezinho-internacional-2\/","title":{"rendered":"Divulga\u00e7\u00e3o Cafezinho Internacional"},"content":{"rendered":"<p>Confira um pouquinho do que rolou no primeiro Cafezinho Internacional de 2026.<br \/>\nO pr\u00f3ximo encontro ser\u00e1 na quinta-feira, dia 5 de mar\u00e7o \u00e0s 18h, na Casa do Estudante da UFPel.<br \/>\nN\u00e3o \u00e9 necess\u00e1rio se inscrever previamente e todos s\u00e3o bem-vindos!<br \/>\nSe puder, traga sua x\u00edcara \ud83d\ude09<\/p>\n<p><img loading=\"lazy\" decoding=\"async\" class=\"alignnone size-medium wp-image-3537\" src=\"https:\/\/wp.ufpel.edu.br\/international\/files\/2026\/03\/cafezinho-25.02-400x300.jpeg\" alt=\"\" width=\"400\" height=\"300\" srcset=\"https:\/\/wp.ufpel.edu.br\/international\/files\/2026\/03\/cafezinho-25.02-400x300.jpeg 400w, https:\/\/wp.ufpel.edu.br\/international\/files\/2026\/03\/cafezinho-25.02-1024x768.jpeg 1024w, https:\/\/wp.ufpel.edu.br\/international\/files\/2026\/03\/cafezinho-25.02-768x576.jpeg 768w, https:\/\/wp.ufpel.edu.br\/international\/files\/2026\/03\/cafezinho-25.02-1536x1152.jpeg 1536w, https:\/\/wp.ufpel.edu.br\/international\/files\/2026\/03\/cafezinho-25.02.jpeg 1600w\" sizes=\"auto, (max-width: 400px) 100vw, 400px\" \/><\/p>\n","protected":false},"excerpt":{"rendered":"<p>Confira um pouquinho do que rolou no primeiro Cafezinho Internacional de 2026. O pr\u00f3ximo encontro ser\u00e1 na quinta-feira, dia 5 de mar\u00e7o \u00e0s 18h, na Casa do Estudante da UFPel. N\u00e3o \u00e9 necess\u00e1rio se inscrever previamente e todos s\u00e3o bem-vindos! Se puder, traga sua x\u00edcara \ud83d\ude09<\/p>\n","protected":false},"author":290,"featured_media":3517,"comment_status":"closed","ping_status":"closed","sticky":false,"template":"","format":"standard","meta":{"_jetpack_memberships_contains_paid_content":false,"footnotes":""},"categories":[1],"tags":[],"class_list":{"0":"post-3536","1":"post","2":"type-post","3":"status-publish","4":"format-standard","5":"has-post-thumbnail","6":"hentry","7":"category-noticias","9":"post-with-thumbnail","10":"post-with-thumbnail-large"},"jetpack_featured_media_url":"https:\/\/wp.ufpel.edu.br\/international\/files\/2026\/02\/Copia-de-Curso-Preparatorio-para-o-Exame-Celpe-Bras.png","jetpack_sharing_enabled":true,"_links":{"self":[{"href":"https:\/\/wp.ufpel.edu.br\/international\/wp-json\/wp\/v2\/posts\/3536","targetHints":{"allow":["GET"]}}],"collection":[{"href":"https:\/\/wp.ufpel.edu.br\/international\/wp-json\/wp\/v2\/posts"}],"about":[{"href":"https:\/\/wp.ufpel.edu.br\/international\/wp-json\/wp\/v2\/types\/post"}],"author":[{"embeddable":true,"href":"https:\/\/wp.ufpel.edu.br\/international\/wp-json\/wp\/v2\/users\/290"}],"replies":[{"embeddable":true,"href":"https:\/\/wp.ufpel.edu.br\/international\/wp-json\/wp\/v2\/comments?post=3536"}],"version-history":[{"count":1,"href":"https:\/\/wp.ufpel.edu.br\/international\/wp-json\/wp\/v2\/posts\/3536\/revisions"}],"predecessor-version":[{"id":3538,"href":"https:\/\/wp.ufpel.edu.br\/international\/wp-json\/wp\/v2\/posts\/3536\/revisions\/3538"}],"wp:featuredmedia":[{"embeddable":true,"href":"https:\/\/wp.ufpel.edu.br\/international\/wp-json\/wp\/v2\/media\/3517"}],"wp:attachment":[{"href":"https:\/\/wp.ufpel.edu.br\/international\/wp-json\/wp\/v2\/media?parent=3536"}],"wp:term":[{"taxonomy":"category","embeddable":true,"href":"https:\/\/wp.ufpel.edu.br\/international\/wp-json\/wp\/v2\/categories?post=3536"},{"taxonomy":"post_tag","embeddable":true,"href":"https:\/\/wp.ufpel.edu.br\/international\/wp-json\/wp\/v2\/tags?post=3536"}],"curies":[{"name":"wp","href":"https:\/\/api.w.org\/{rel}","templated":true}]}}