{"id":3515,"date":"2026-02-23T14:24:23","date_gmt":"2026-02-23T17:24:23","guid":{"rendered":"https:\/\/wp.ufpel.edu.br\/international\/?p=3515"},"modified":"2026-02-23T14:47:11","modified_gmt":"2026-02-23T17:47:11","slug":"divulgacao-cafezinho-internacional","status":"publish","type":"post","link":"https:\/\/wp.ufpel.edu.br\/international\/2026\/02\/23\/divulgacao-cafezinho-internacional\/","title":{"rendered":"Divulga\u00e7\u00e3o: Cafezinho Internacional"},"content":{"rendered":"<div><\/div>\n<div>\u00a0 \u00a0 \u00a0 \u00a0 \u00a0 \u00a0 \u00a0 \u00a0 \u00a0 \u00a0 \u00a0 \u00a0 \u00a0 \u00a0 \u00a0 \u00a0 \u00a0 \u00a0 \u00a0 \u00a0 \u00a0 \u00a0 \u00a0 \u00a0 \u00a0 \u00a0 \u00a0 \u00a0 \u00a0 \u00a0 \u00a0 \u00a0 \u00a0<img loading=\"lazy\" decoding=\"async\" class=\"alignnone size-medium wp-image-3516\" src=\"https:\/\/wp.ufpel.edu.br\/international\/files\/2026\/02\/image-1-1-285x400.png\" alt=\"\" width=\"285\" height=\"400\" srcset=\"https:\/\/wp.ufpel.edu.br\/international\/files\/2026\/02\/image-1-1-285x400.png 285w, https:\/\/wp.ufpel.edu.br\/international\/files\/2026\/02\/image-1-1.png 542w\" sizes=\"auto, (max-width: 285px) 100vw, 285px\" \/><\/div>\n<div><\/div>\n<div>A partir desta quarta-feira, dia 25\/02\/2026, o Cafezinho Internacional, em parceria com a PRAE, ser\u00e1 o ponto de encontro semanal para trocas interculturais e pr\u00e1tica de portugu\u00eas na UFPel. Para participar, \u00e9 s\u00f3 chegar na Casa do Estudante na quarta, a partir das 18h. N\u00e3o \u00e9 necess\u00e1rio fazer inscri\u00e7\u00e3o pr\u00e9via, nem ter n\u00edvel avan\u00e7ado de portugu\u00eas.<\/div>\n<div><strong>Todos s\u00e3o bem-vindos!<\/strong><\/div>\n<div><\/div>\n","protected":false},"excerpt":{"rendered":"<p>\u00a0 \u00a0 \u00a0 \u00a0 \u00a0 \u00a0 \u00a0 \u00a0 \u00a0 \u00a0 \u00a0 \u00a0 \u00a0 \u00a0 \u00a0 \u00a0 \u00a0 \u00a0 \u00a0 \u00a0 \u00a0 \u00a0 \u00a0 \u00a0 \u00a0 \u00a0 \u00a0 \u00a0 \u00a0 \u00a0 \u00a0 \u00a0 \u00a0 A partir desta quarta-feira, dia 25\/02\/2026, o Cafezinho Internacional, em parceria com a PRAE, ser\u00e1 o ponto de encontro semanal para trocas [&hellip;]<\/p>\n","protected":false},"author":290,"featured_media":3517,"comment_status":"closed","ping_status":"closed","sticky":false,"template":"","format":"standard","meta":{"_jetpack_memberships_contains_paid_content":false,"footnotes":""},"categories":[1],"tags":[],"class_list":{"0":"post-3515","1":"post","2":"type-post","3":"status-publish","4":"format-standard","5":"has-post-thumbnail","6":"hentry","7":"category-noticias","9":"post-with-thumbnail","10":"post-with-thumbnail-large"},"jetpack_featured_media_url":"https:\/\/wp.ufpel.edu.br\/international\/files\/2026\/02\/Copia-de-Curso-Preparatorio-para-o-Exame-Celpe-Bras.png","jetpack_sharing_enabled":true,"_links":{"self":[{"href":"https:\/\/wp.ufpel.edu.br\/international\/wp-json\/wp\/v2\/posts\/3515","targetHints":{"allow":["GET"]}}],"collection":[{"href":"https:\/\/wp.ufpel.edu.br\/international\/wp-json\/wp\/v2\/posts"}],"about":[{"href":"https:\/\/wp.ufpel.edu.br\/international\/wp-json\/wp\/v2\/types\/post"}],"author":[{"embeddable":true,"href":"https:\/\/wp.ufpel.edu.br\/international\/wp-json\/wp\/v2\/users\/290"}],"replies":[{"embeddable":true,"href":"https:\/\/wp.ufpel.edu.br\/international\/wp-json\/wp\/v2\/comments?post=3515"}],"version-history":[{"count":3,"href":"https:\/\/wp.ufpel.edu.br\/international\/wp-json\/wp\/v2\/posts\/3515\/revisions"}],"predecessor-version":[{"id":3521,"href":"https:\/\/wp.ufpel.edu.br\/international\/wp-json\/wp\/v2\/posts\/3515\/revisions\/3521"}],"wp:featuredmedia":[{"embeddable":true,"href":"https:\/\/wp.ufpel.edu.br\/international\/wp-json\/wp\/v2\/media\/3517"}],"wp:attachment":[{"href":"https:\/\/wp.ufpel.edu.br\/international\/wp-json\/wp\/v2\/media?parent=3515"}],"wp:term":[{"taxonomy":"category","embeddable":true,"href":"https:\/\/wp.ufpel.edu.br\/international\/wp-json\/wp\/v2\/categories?post=3515"},{"taxonomy":"post_tag","embeddable":true,"href":"https:\/\/wp.ufpel.edu.br\/international\/wp-json\/wp\/v2\/tags?post=3515"}],"curies":[{"name":"wp","href":"https:\/\/api.w.org\/{rel}","templated":true}]}}