{"id":3267,"date":"2025-09-22T11:36:37","date_gmt":"2025-09-22T14:36:37","guid":{"rendered":"https:\/\/wp.ufpel.edu.br\/international\/?p=3267"},"modified":"2025-10-03T11:13:08","modified_gmt":"2025-10-03T14:13:08","slug":"resultado-edital-no-06-2025","status":"publish","type":"post","link":"https:\/\/wp.ufpel.edu.br\/international\/2025\/09\/22\/resultado-edital-no-06-2025\/","title":{"rendered":"Resultado Edital No. 06\/2025"},"content":{"rendered":"<p>Alunos pr\u00e9-selecionados para o edital 06\/2025 &#8211; 32\u00aa Jornada de Jovens Investigares (AUGM)<\/p>\n<p>1. Adriane do Amaral Sampaio<br \/>\n2. Cl\u00e1udia da Silva Nogueira<br \/>\n3. Jo\u00e3o Arthur da Rosa<br \/>\n4. Laiana Pereira da Silveira<br \/>\n5, Let\u00edcia Barros Dias Soares<br \/>\n6. Luana Dias Lameira<br \/>\n7. Vit\u00f3ria Marcela Paniago Mendes<br \/>\n8. Vit\u00f3ria Dejan Paganotto<\/p>\n<p><strong>Prazo final para os(as) estudantes selecionados(as) enviarem o resumo e o trabalho completo (prorrogado) para o e-mail da Crinter (crinter.ufpel@gmail.com) :<\/strong> at\u00e9 \u00e0s 14h do dia\u00a0 23\/09\/2025.<\/p>\n<p>&nbsp;<\/p>\n","protected":false},"excerpt":{"rendered":"<p>Alunos pr\u00e9-selecionados para o edital 06\/2025 &#8211; 32\u00aa Jornada de Jovens Investigares (AUGM) 1. Adriane do Amaral Sampaio 2. Cl\u00e1udia da Silva Nogueira 3. Jo\u00e3o Arthur da Rosa 4. Laiana Pereira da Silveira 5, Let\u00edcia Barros Dias Soares 6. Luana Dias Lameira 7. Vit\u00f3ria Marcela Paniago Mendes 8. Vit\u00f3ria Dejan Paganotto Prazo final para os(as) [&hellip;]<\/p>\n","protected":false},"author":290,"featured_media":3331,"comment_status":"closed","ping_status":"closed","sticky":false,"template":"","format":"standard","meta":{"_jetpack_memberships_contains_paid_content":false,"footnotes":""},"categories":[1],"tags":[],"class_list":{"0":"post-3267","1":"post","2":"type-post","3":"status-publish","4":"format-standard","5":"has-post-thumbnail","6":"hentry","7":"category-noticias","9":"post-with-thumbnail","10":"post-with-thumbnail-large"},"jetpack_featured_media_url":"https:\/\/wp.ufpel.edu.br\/international\/files\/2025\/09\/LAYOUT-edital-072025-SITE-2.png","jetpack_sharing_enabled":true,"_links":{"self":[{"href":"https:\/\/wp.ufpel.edu.br\/international\/wp-json\/wp\/v2\/posts\/3267","targetHints":{"allow":["GET"]}}],"collection":[{"href":"https:\/\/wp.ufpel.edu.br\/international\/wp-json\/wp\/v2\/posts"}],"about":[{"href":"https:\/\/wp.ufpel.edu.br\/international\/wp-json\/wp\/v2\/types\/post"}],"author":[{"embeddable":true,"href":"https:\/\/wp.ufpel.edu.br\/international\/wp-json\/wp\/v2\/users\/290"}],"replies":[{"embeddable":true,"href":"https:\/\/wp.ufpel.edu.br\/international\/wp-json\/wp\/v2\/comments?post=3267"}],"version-history":[{"count":2,"href":"https:\/\/wp.ufpel.edu.br\/international\/wp-json\/wp\/v2\/posts\/3267\/revisions"}],"predecessor-version":[{"id":3269,"href":"https:\/\/wp.ufpel.edu.br\/international\/wp-json\/wp\/v2\/posts\/3267\/revisions\/3269"}],"wp:featuredmedia":[{"embeddable":true,"href":"https:\/\/wp.ufpel.edu.br\/international\/wp-json\/wp\/v2\/media\/3331"}],"wp:attachment":[{"href":"https:\/\/wp.ufpel.edu.br\/international\/wp-json\/wp\/v2\/media?parent=3267"}],"wp:term":[{"taxonomy":"category","embeddable":true,"href":"https:\/\/wp.ufpel.edu.br\/international\/wp-json\/wp\/v2\/categories?post=3267"},{"taxonomy":"post_tag","embeddable":true,"href":"https:\/\/wp.ufpel.edu.br\/international\/wp-json\/wp\/v2\/tags?post=3267"}],"curies":[{"name":"wp","href":"https:\/\/api.w.org\/{rel}","templated":true}]}}