{"id":3241,"date":"2025-07-31T17:25:11","date_gmt":"2025-07-31T20:25:11","guid":{"rendered":"https:\/\/wp.ufpel.edu.br\/international\/?p=3241"},"modified":"2025-07-31T17:25:11","modified_gmt":"2025-07-31T20:25:11","slug":"oficina-aventura-em-chines-foi-concluida-com-sucesso","status":"publish","type":"post","link":"https:\/\/wp.ufpel.edu.br\/international\/2025\/07\/31\/oficina-aventura-em-chines-foi-concluida-com-sucesso\/","title":{"rendered":"Oficina &#8220;Aventura em Chin\u00eas&#8221; foi conclu\u00edda com sucesso!"},"content":{"rendered":"<div>O N\u00facleo de Acompanhamento e Forma\u00e7\u00e3o para a Internacionaliza\u00e7\u00e3o (NAFIN) da Coordena\u00e7\u00e3o de Rela\u00e7\u00f5es Internacionais (CRInter) da Universidade Federal de Pelotas (UFPel), com o apoio da Rede Andifes Idiomas sem Fronteiras (IsF) &#8211; NucLi UFPel, compartilha o encerramento da oficina &#8220;Aventura em Chin\u00eas: Introdu\u00e7\u00e3o \u00e0 Cultura Chinesa e ao Mandarim&#8221;, realizada no per\u00edodo de 10\/06 a 01\/07 no campus Anglo da UFPel, e comemora o in\u00edcio de uma nova a\u00e7\u00e3o de internacionaliza\u00e7\u00e3o na universidade.<br \/>\n<b><br \/>\n<\/b><\/div>\n<div><span class=\"im\"><b>Resultados da oficina:<\/b><br \/>\n&#8211; Participa\u00e7\u00e3o da comunidade acad\u00eamica da UFPel;<br \/>\n&#8211; Introdu\u00e7\u00e3o \u00e0 cultura chinesa e ao idioma mandarim;<br \/>\n&#8211; Interc\u00e2mbio cultural com estudantes da Universidade de Ci\u00eancia e Engenharia de Sichuan (SUSE);<br \/>\n<\/span>&#8211; Aulas ministradas em portugu\u00eas pelas estudantes chinesas em mobilidade acad\u00eamica.<\/p>\n<p><b>Nova iniciativa dos participantes:<\/b><br \/>\nAp\u00f3s o t\u00e9rmino da oficina, ex-participantes se organizaram e criaram o Grupo de Estudos de Mandarim e Cultura Chinesa para dar continuidade ao aprendizado. O grupo conta com o apoio estrutural da CRInter para o desenvolvimento e crescimento da iniciativa, expandindo rela\u00e7\u00f5es da Universidade com a China. As reuni\u00f5es semanais iniciaram em julho!<\/div>\n<div>\nAgradecemos a participa\u00e7\u00e3o de todos os envolvidos e \u00e0s estudantes da SUSE pela condu\u00e7\u00e3o das atividades.<\/div>\n<div>\n#AventuraEmChines #CulturaChinesa #Mandarim #UFPel #CRInter #NAFIN #IdiomasSemFronteiras #IntercambioCultural #GrupoDeEstudos #SUSE<\/div>\n","protected":false},"excerpt":{"rendered":"<p>O N\u00facleo de Acompanhamento e Forma\u00e7\u00e3o para a Internacionaliza\u00e7\u00e3o (NAFIN) da Coordena\u00e7\u00e3o de Rela\u00e7\u00f5es Internacionais (CRInter) da Universidade Federal de Pelotas (UFPel), com o apoio da Rede Andifes Idiomas sem Fronteiras (IsF) &#8211; NucLi UFPel, compartilha o encerramento da oficina &#8220;Aventura em Chin\u00eas: Introdu\u00e7\u00e3o \u00e0 Cultura Chinesa e ao Mandarim&#8221;, realizada no per\u00edodo de 10\/06 [&hellip;]<\/p>\n","protected":false},"author":290,"featured_media":3242,"comment_status":"closed","ping_status":"closed","sticky":false,"template":"","format":"standard","meta":{"_jetpack_memberships_contains_paid_content":false,"footnotes":""},"categories":[1],"tags":[],"class_list":{"0":"post-3241","1":"post","2":"type-post","3":"status-publish","4":"format-standard","5":"has-post-thumbnail","6":"hentry","7":"category-noticias","9":"post-with-thumbnail","10":"post-with-thumbnail-large"},"jetpack_featured_media_url":"https:\/\/wp.ufpel.edu.br\/international\/files\/2025\/07\/Oficina_termino.jpeg","jetpack_sharing_enabled":true,"_links":{"self":[{"href":"https:\/\/wp.ufpel.edu.br\/international\/wp-json\/wp\/v2\/posts\/3241","targetHints":{"allow":["GET"]}}],"collection":[{"href":"https:\/\/wp.ufpel.edu.br\/international\/wp-json\/wp\/v2\/posts"}],"about":[{"href":"https:\/\/wp.ufpel.edu.br\/international\/wp-json\/wp\/v2\/types\/post"}],"author":[{"embeddable":true,"href":"https:\/\/wp.ufpel.edu.br\/international\/wp-json\/wp\/v2\/users\/290"}],"replies":[{"embeddable":true,"href":"https:\/\/wp.ufpel.edu.br\/international\/wp-json\/wp\/v2\/comments?post=3241"}],"version-history":[{"count":1,"href":"https:\/\/wp.ufpel.edu.br\/international\/wp-json\/wp\/v2\/posts\/3241\/revisions"}],"predecessor-version":[{"id":3243,"href":"https:\/\/wp.ufpel.edu.br\/international\/wp-json\/wp\/v2\/posts\/3241\/revisions\/3243"}],"wp:featuredmedia":[{"embeddable":true,"href":"https:\/\/wp.ufpel.edu.br\/international\/wp-json\/wp\/v2\/media\/3242"}],"wp:attachment":[{"href":"https:\/\/wp.ufpel.edu.br\/international\/wp-json\/wp\/v2\/media?parent=3241"}],"wp:term":[{"taxonomy":"category","embeddable":true,"href":"https:\/\/wp.ufpel.edu.br\/international\/wp-json\/wp\/v2\/categories?post=3241"},{"taxonomy":"post_tag","embeddable":true,"href":"https:\/\/wp.ufpel.edu.br\/international\/wp-json\/wp\/v2\/tags?post=3241"}],"curies":[{"name":"wp","href":"https:\/\/api.w.org\/{rel}","templated":true}]}}