{"id":3235,"date":"2025-07-14T10:11:55","date_gmt":"2025-07-14T13:11:55","guid":{"rendered":"https:\/\/wp.ufpel.edu.br\/international\/?p=3235"},"modified":"2025-07-14T10:11:55","modified_gmt":"2025-07-14T13:11:55","slug":"edital-05-2025-bolsa-merito-2025-2-exclusivo-para-pec-gs","status":"publish","type":"post","link":"https:\/\/wp.ufpel.edu.br\/international\/2025\/07\/14\/edital-05-2025-bolsa-merito-2025-2-exclusivo-para-pec-gs\/","title":{"rendered":"Edital 05\/2025 \u2013 BOLSA M\u00c9RITO 2025\/2 (exclusivo para PEC-Gs)"},"content":{"rendered":"<p>A Coordena\u00e7\u00e3o de Rela\u00e7\u00f5es Internacionais \u2013 CRInter da Universidade Federal de Pelotas, no uso de suas atribui\u00e7\u00f5es, em complemento ao Edital de Convoca\u00e7\u00e3o IGR\/DCE N\u00ba 3\/2025 do Minist\u00e9rio de Rela\u00e7\u00f5es Exteriores (MRE), torna p\u00fablico o presente edital para\u00a0<strong>pr\u00e9-sele\u00e7\u00e3o<\/strong>\u00a0de candidatos \u00e0\u00a0<strong>BOLSA M\u00c9RITO 2025\/2<\/strong>, nos termos da Portaria MRE n\u00ba 572, de 19 de dezembro de 2024, que estabelece as diretrizes para a concess\u00e3o da mencionada bolsa.<\/p>\n<p><a href=\"https:\/\/wp.ufpel.edu.br\/international\/files\/2025\/07\/SEI_3151173_Edital_05.pdf\">Edital 05\/2025 &#8211; Bolsa M\u00e9rito 2025\/2<\/a><\/p>\n<p><a href=\"https:\/\/wp.ufpel.edu.br\/international\/files\/2025\/07\/formulario_pedido_bolsa_merito-1.docx\">ANEXO I &#8211; Formulario de inscri\u00e7\u00e3o<\/a><\/p>\n","protected":false},"excerpt":{"rendered":"<p>A Coordena\u00e7\u00e3o de Rela\u00e7\u00f5es Internacionais \u2013 CRInter da Universidade Federal de Pelotas, no uso de suas atribui\u00e7\u00f5es, em complemento ao Edital de Convoca\u00e7\u00e3o IGR\/DCE N\u00ba 3\/2025 do Minist\u00e9rio de Rela\u00e7\u00f5es Exteriores (MRE), torna p\u00fablico o presente edital para\u00a0pr\u00e9-sele\u00e7\u00e3o\u00a0de candidatos \u00e0\u00a0BOLSA M\u00c9RITO 2025\/2, nos termos da Portaria MRE n\u00ba 572, de 19 de dezembro de 2024, [&hellip;]<\/p>\n","protected":false},"author":290,"featured_media":3238,"comment_status":"closed","ping_status":"closed","sticky":false,"template":"","format":"standard","meta":{"_jetpack_memberships_contains_paid_content":false,"footnotes":""},"categories":[1],"tags":[],"class_list":{"0":"post-3235","1":"post","2":"type-post","3":"status-publish","4":"format-standard","5":"has-post-thumbnail","6":"hentry","7":"category-noticias","9":"post-with-thumbnail","10":"post-with-thumbnail-large"},"jetpack_featured_media_url":"https:\/\/wp.ufpel.edu.br\/international\/files\/2025\/07\/LAYOUT-SITE-8.png","jetpack_sharing_enabled":true,"_links":{"self":[{"href":"https:\/\/wp.ufpel.edu.br\/international\/wp-json\/wp\/v2\/posts\/3235","targetHints":{"allow":["GET"]}}],"collection":[{"href":"https:\/\/wp.ufpel.edu.br\/international\/wp-json\/wp\/v2\/posts"}],"about":[{"href":"https:\/\/wp.ufpel.edu.br\/international\/wp-json\/wp\/v2\/types\/post"}],"author":[{"embeddable":true,"href":"https:\/\/wp.ufpel.edu.br\/international\/wp-json\/wp\/v2\/users\/290"}],"replies":[{"embeddable":true,"href":"https:\/\/wp.ufpel.edu.br\/international\/wp-json\/wp\/v2\/comments?post=3235"}],"version-history":[{"count":1,"href":"https:\/\/wp.ufpel.edu.br\/international\/wp-json\/wp\/v2\/posts\/3235\/revisions"}],"predecessor-version":[{"id":3239,"href":"https:\/\/wp.ufpel.edu.br\/international\/wp-json\/wp\/v2\/posts\/3235\/revisions\/3239"}],"wp:featuredmedia":[{"embeddable":true,"href":"https:\/\/wp.ufpel.edu.br\/international\/wp-json\/wp\/v2\/media\/3238"}],"wp:attachment":[{"href":"https:\/\/wp.ufpel.edu.br\/international\/wp-json\/wp\/v2\/media?parent=3235"}],"wp:term":[{"taxonomy":"category","embeddable":true,"href":"https:\/\/wp.ufpel.edu.br\/international\/wp-json\/wp\/v2\/categories?post=3235"},{"taxonomy":"post_tag","embeddable":true,"href":"https:\/\/wp.ufpel.edu.br\/international\/wp-json\/wp\/v2\/tags?post=3235"}],"curies":[{"name":"wp","href":"https:\/\/api.w.org\/{rel}","templated":true}]}}