{"id":3186,"date":"2025-05-20T09:22:43","date_gmt":"2025-05-20T12:22:43","guid":{"rendered":"https:\/\/wp.ufpel.edu.br\/international\/?p=3186"},"modified":"2025-05-20T09:22:43","modified_gmt":"2025-05-20T12:22:43","slug":"edital-externo-curso-da-onu-na-suica-para-afrodescendentes","status":"publish","type":"post","link":"https:\/\/wp.ufpel.edu.br\/international\/2025\/05\/20\/edital-externo-curso-da-onu-na-suica-para-afrodescendentes\/","title":{"rendered":"EDITAL EXTERNO: CURSO DA ONU NA SUI\u00c7A PARA AFRODESCENDENTES"},"content":{"rendered":"<p class=\"\" data-start=\"148\" data-end=\"240\"><strong data-start=\"151\" data-end=\"235\">ONU leva jovens afrodescendentes para curso na Su\u00ed\u00e7a \u2013 Inscri\u00e7\u00f5es at\u00e9 30\/06\/2025<\/strong> .<\/p>\n<p class=\"\" data-start=\"242\" data-end=\"613\"><strong data-start=\"242\" data-end=\"273\">Requisitos para participar:<\/strong><br \/>\n\u2714 Ser afrodescendente<br data-start=\"295\" data-end=\"298\" \/>\u2714 Ter <strong data-start=\"304\" data-end=\"339\">m\u00ednimo de 4 anos de experi\u00eancia<\/strong> com temas ligados a quest\u00f5es raciais<br data-start=\"376\" data-end=\"379\" \/>\u2714 Ter atua\u00e7\u00e3o confirmada por uma organiza\u00e7\u00e3o, via carta<br data-start=\"434\" data-end=\"437\" \/>\u2714 Enviar:<br data-start=\"446\" data-end=\"449\" \/>\u2022 Curr\u00edculo<br data-start=\"463\" data-end=\"466\" \/>\u2022 C\u00f3pia do passaporte<br data-start=\"490\" data-end=\"493\" \/>\u2022 Formul\u00e1rio de inscri\u00e7\u00e3o<br data-start=\"521\" data-end=\"524\" \/>\u2022 <strong data-start=\"529\" data-end=\"551\">Personal statement<\/strong> (at\u00e9 500 palavras) explicando motiva\u00e7\u00f5es e impacto esperado<\/p>\n<p class=\"\" data-start=\"615\" data-end=\"672\">\ud83d\udce9 Inscri\u00e7\u00f5es por e-mail (<a href=\"https:\/\/www.ohchr.org\/en\/about-us\/fellowship-programmes\/fellowship-programme-people-african-descent\">confira no site oficial da ONU<\/a>).<\/p>\n<p class=\"\" data-start=\"674\" data-end=\"853\"><strong data-start=\"674\" data-end=\"698\">A fellowship inclui:<\/strong><br data-start=\"698\" data-end=\"701\" \/>\u2708 Passagens a\u00e9reas<br data-start=\"719\" data-end=\"722\" \/>\ud83c\udfe8 Hospedagem<br data-start=\"735\" data-end=\"738\" \/>\ud83e\ude7a Seguro sa\u00fade<br data-start=\"753\" data-end=\"756\" \/>\ud83d\udcb0 Aux\u00edlio para despesas<br data-start=\"780\" data-end=\"783\" \/>\ud83d\udcda Curso intensivo sobre direitos humanos na sede da ONU, em Genebra.<\/p>\n<div class=\"entry-content\">\n<p data-start=\"582\" data-end=\"808\">Mais informa\u00e7\u00f5es no site <a href=\"https:\/\/www.estudarfora.org.br\/onu-jovens-afrodescendentes-suica\/\">Estudar Fora<\/a>.<strong><em>*<\/em><\/strong><em>\u00a0A UFPel International faz apenas a divulga\u00e7\u00e3o da oportunidade, qualquer d\u00favida deve ser encaminhada diretamente ao organizador do edital.\u00a0<\/em><strong>FONTE:<\/strong> https:\/\/www.estudarfora.org.br\/onu-jovens-afrodescendentes-suica\/<\/p>\n<\/div>\n","protected":false},"excerpt":{"rendered":"<p>ONU leva jovens afrodescendentes para curso na Su\u00ed\u00e7a \u2013 Inscri\u00e7\u00f5es at\u00e9 30\/06\/2025 . Requisitos para participar: \u2714 Ser afrodescendente\u2714 Ter m\u00ednimo de 4 anos de experi\u00eancia com temas ligados a quest\u00f5es raciais\u2714 Ter atua\u00e7\u00e3o confirmada por uma organiza\u00e7\u00e3o, via carta\u2714 Enviar:\u2022 Curr\u00edculo\u2022 C\u00f3pia do passaporte\u2022 Formul\u00e1rio de inscri\u00e7\u00e3o\u2022 Personal statement (at\u00e9 500 palavras) explicando motiva\u00e7\u00f5es [&hellip;]<\/p>\n","protected":false},"author":290,"featured_media":3187,"comment_status":"closed","ping_status":"closed","sticky":false,"template":"","format":"standard","meta":{"_jetpack_memberships_contains_paid_content":false,"footnotes":""},"categories":[1],"tags":[],"class_list":{"0":"post-3186","1":"post","2":"type-post","3":"status-publish","4":"format-standard","5":"has-post-thumbnail","6":"hentry","7":"category-noticias","9":"post-with-thumbnail","10":"post-with-thumbnail-large"},"jetpack_featured_media_url":"https:\/\/wp.ufpel.edu.br\/international\/files\/2025\/05\/LAYOUT-SITE-3.png","jetpack_sharing_enabled":true,"_links":{"self":[{"href":"https:\/\/wp.ufpel.edu.br\/international\/wp-json\/wp\/v2\/posts\/3186","targetHints":{"allow":["GET"]}}],"collection":[{"href":"https:\/\/wp.ufpel.edu.br\/international\/wp-json\/wp\/v2\/posts"}],"about":[{"href":"https:\/\/wp.ufpel.edu.br\/international\/wp-json\/wp\/v2\/types\/post"}],"author":[{"embeddable":true,"href":"https:\/\/wp.ufpel.edu.br\/international\/wp-json\/wp\/v2\/users\/290"}],"replies":[{"embeddable":true,"href":"https:\/\/wp.ufpel.edu.br\/international\/wp-json\/wp\/v2\/comments?post=3186"}],"version-history":[{"count":1,"href":"https:\/\/wp.ufpel.edu.br\/international\/wp-json\/wp\/v2\/posts\/3186\/revisions"}],"predecessor-version":[{"id":3188,"href":"https:\/\/wp.ufpel.edu.br\/international\/wp-json\/wp\/v2\/posts\/3186\/revisions\/3188"}],"wp:featuredmedia":[{"embeddable":true,"href":"https:\/\/wp.ufpel.edu.br\/international\/wp-json\/wp\/v2\/media\/3187"}],"wp:attachment":[{"href":"https:\/\/wp.ufpel.edu.br\/international\/wp-json\/wp\/v2\/media?parent=3186"}],"wp:term":[{"taxonomy":"category","embeddable":true,"href":"https:\/\/wp.ufpel.edu.br\/international\/wp-json\/wp\/v2\/categories?post=3186"},{"taxonomy":"post_tag","embeddable":true,"href":"https:\/\/wp.ufpel.edu.br\/international\/wp-json\/wp\/v2\/tags?post=3186"}],"curies":[{"name":"wp","href":"https:\/\/api.w.org\/{rel}","templated":true}]}}