{"id":3161,"date":"2025-04-29T09:56:08","date_gmt":"2025-04-29T12:56:08","guid":{"rendered":"https:\/\/wp.ufpel.edu.br\/international\/?p=3161"},"modified":"2025-04-29T09:56:08","modified_gmt":"2025-04-29T12:56:08","slug":"edital-externo-fundacao-botin","status":"publish","type":"post","link":"https:\/\/wp.ufpel.edu.br\/international\/2025\/04\/29\/edital-externo-fundacao-botin\/","title":{"rendered":"EDITAL EXTERNO: Funda\u00e7\u00e3o Bot\u00edn"},"content":{"rendered":"<p>Funda\u00e7\u00e3o Bot\u00edn \u2013 Curso de Pol\u00edticas P\u00fablicas (2025)<br \/>\n\ud83d\udcc5 Inscri\u00e7\u00f5es at\u00e9: 20\/05\/2025<\/p>\n<p>\ud83d\udccd Espanha + Am\u00e9rica Latina | \u23f3 8 semanas (out\u2013dez)<\/p>\n<p>\ud83d\udcbc Bolsa: passagens, alojamento, alimenta\u00e7\u00e3o, curso.<\/p>\n<p>\ud83c\udf10 Idioma:\u00a0 ingl\u00eas ou espanhol.<\/p>\n<p>\ud83d\udce2 Temas: pol\u00edtica, inova\u00e7\u00e3o, economia, cultura.<\/p>\n<p class=\"\" data-start=\"459\" data-end=\"521\">Mais informa\u00e7\u00f5es no site\u00a0<strong><em><a href=\"https:\/\/partiuintercambio.org\/bolsas-de-estudo\/fundacao-botin-bolsas-para-curso-na-espanha-sobre-politicas-publicas\/\">Partiu Interc\u00e2mbio.<\/a><\/em><\/strong><\/p>\n<p data-start=\"600\" data-end=\"626\" data-is-last-node=\"\" data-is-only-node=\"\"><strong><em>*<\/em><\/strong><em>\u00a0A UFPel International faz apenas a divulga\u00e7\u00e3o da oportunidade, qualquer d\u00favida deve ser encaminhada diretamente ao organizador do edital.<\/em><\/p>\n<div class=\"mb-2 flex gap-3 -ml-2\" tabindex=\"0\">\n<div class=\"flex items-center justify-start rounded-xl p-1\">\n<div class=\"flex items-center transition-opacity group-hover\/turn:opacity-100 opacity-100\"><strong>FONTE:<\/strong> https:\/\/partiuintercambio.org\/bolsas-de-estudo\/fundacao-botin-bolsas-para-curso-na-espanha-sobre-politicas-publicas\/<\/div>\n<\/div>\n<\/div>\n","protected":false},"excerpt":{"rendered":"<p>Funda\u00e7\u00e3o Bot\u00edn \u2013 Curso de Pol\u00edticas P\u00fablicas (2025) \ud83d\udcc5 Inscri\u00e7\u00f5es at\u00e9: 20\/05\/2025 \ud83d\udccd Espanha + Am\u00e9rica Latina | \u23f3 8 semanas (out\u2013dez) \ud83d\udcbc Bolsa: passagens, alojamento, alimenta\u00e7\u00e3o, curso. \ud83c\udf10 Idioma:\u00a0 ingl\u00eas ou espanhol. \ud83d\udce2 Temas: pol\u00edtica, inova\u00e7\u00e3o, economia, cultura. Mais informa\u00e7\u00f5es no site\u00a0Partiu Interc\u00e2mbio. *\u00a0A UFPel International faz apenas a divulga\u00e7\u00e3o da oportunidade, qualquer d\u00favida [&hellip;]<\/p>\n","protected":false},"author":290,"featured_media":3162,"comment_status":"closed","ping_status":"closed","sticky":false,"template":"","format":"standard","meta":{"_jetpack_memberships_contains_paid_content":false,"footnotes":""},"categories":[1],"tags":[],"class_list":{"0":"post-3161","1":"post","2":"type-post","3":"status-publish","4":"format-standard","5":"has-post-thumbnail","6":"hentry","7":"category-noticias","9":"post-with-thumbnail","10":"post-with-thumbnail-large"},"jetpack_featured_media_url":"https:\/\/wp.ufpel.edu.br\/international\/files\/2025\/04\/LAYOUT-SITE-2.png","jetpack_sharing_enabled":true,"_links":{"self":[{"href":"https:\/\/wp.ufpel.edu.br\/international\/wp-json\/wp\/v2\/posts\/3161","targetHints":{"allow":["GET"]}}],"collection":[{"href":"https:\/\/wp.ufpel.edu.br\/international\/wp-json\/wp\/v2\/posts"}],"about":[{"href":"https:\/\/wp.ufpel.edu.br\/international\/wp-json\/wp\/v2\/types\/post"}],"author":[{"embeddable":true,"href":"https:\/\/wp.ufpel.edu.br\/international\/wp-json\/wp\/v2\/users\/290"}],"replies":[{"embeddable":true,"href":"https:\/\/wp.ufpel.edu.br\/international\/wp-json\/wp\/v2\/comments?post=3161"}],"version-history":[{"count":1,"href":"https:\/\/wp.ufpel.edu.br\/international\/wp-json\/wp\/v2\/posts\/3161\/revisions"}],"predecessor-version":[{"id":3163,"href":"https:\/\/wp.ufpel.edu.br\/international\/wp-json\/wp\/v2\/posts\/3161\/revisions\/3163"}],"wp:featuredmedia":[{"embeddable":true,"href":"https:\/\/wp.ufpel.edu.br\/international\/wp-json\/wp\/v2\/media\/3162"}],"wp:attachment":[{"href":"https:\/\/wp.ufpel.edu.br\/international\/wp-json\/wp\/v2\/media?parent=3161"}],"wp:term":[{"taxonomy":"category","embeddable":true,"href":"https:\/\/wp.ufpel.edu.br\/international\/wp-json\/wp\/v2\/categories?post=3161"},{"taxonomy":"post_tag","embeddable":true,"href":"https:\/\/wp.ufpel.edu.br\/international\/wp-json\/wp\/v2\/tags?post=3161"}],"curies":[{"name":"wp","href":"https:\/\/api.w.org\/{rel}","templated":true}]}}