{"id":3151,"date":"2025-04-29T09:03:09","date_gmt":"2025-04-29T12:03:09","guid":{"rendered":"https:\/\/wp.ufpel.edu.br\/international\/?p=3151"},"modified":"2025-04-29T09:06:50","modified_gmt":"2025-04-29T12:06:50","slug":"edital-externo-bolsas-de-pos-graduacao-na-italia-programa-maeci","status":"publish","type":"post","link":"https:\/\/wp.ufpel.edu.br\/international\/2025\/04\/29\/edital-externo-bolsas-de-pos-graduacao-na-italia-programa-maeci\/","title":{"rendered":"EDITAL EXTERNO &#8211; Bolsas de P\u00f3s-Gradua\u00e7\u00e3o na It\u00e1lia \u2013 Programa MAECI"},"content":{"rendered":"<article class=\"text-token-text-primary w-full\" dir=\"auto\" data-testid=\"conversation-turn-66\" data-scroll-anchor=\"true\">\n<div class=\"text-base my-auto mx-auto py-5 [--thread-content-margin:--spacing(4)] @[37rem]:[--thread-content-margin:--spacing(6)] @[70rem]:[--thread-content-margin:--spacing(12)] px-(--thread-content-margin)\">\n<div class=\"[--thread-content-max-width:32rem] @[34rem]:[--thread-content-max-width:40rem] @[64rem]:[--thread-content-max-width:48rem] mx-auto flex max-w-(--thread-content-max-width) flex-1 text-base gap-4 md:gap-5 lg:gap-6 group\/turn-messages focus-visible:outline-hidden\" tabindex=\"-1\">\n<div class=\"group\/conversation-turn relative flex w-full min-w-0 flex-col agent-turn\">\n<div class=\"relative flex-col gap-1 md:gap-3\">\n<div class=\"flex max-w-full flex-col grow\">\n<div class=\"min-h-8 text-message relative flex w-full flex-col items-end gap-2 text-start break-words whitespace-normal [.text-message+&amp;]:mt-5\" dir=\"auto\" data-message-author-role=\"assistant\" data-message-id=\"c6750b7b-689a-4b9d-832e-8fe07cef6a17\" data-message-model-slug=\"gpt-4o\">\n<div class=\"flex w-full flex-col gap-1 empty:hidden first:pt-[3px]\">\n<div class=\"markdown prose dark:prose-invert w-full break-words light\">\n<p class=\"\" data-start=\"0\" data-end=\"360\"><strong data-start=\"0\" data-end=\"54\">Bolsas de P\u00f3s-Gradua\u00e7\u00e3o na It\u00e1lia \u2013 Programa MAECI<\/strong><br data-start=\"54\" data-end=\"57\" \/>\ud83d\udccd <strong data-start=\"60\" data-end=\"72\">Destino:<\/strong> It\u00e1lia.<br data-start=\"79\" data-end=\"82\" \/>\ud83d\udcc5 <strong data-start=\"85\" data-end=\"104\">Inscri\u00e7\u00f5es at\u00e9:<\/strong> 16\/05\/2025.<br data-start=\"115\" data-end=\"118\" \/>\ud83c\udf93 <strong data-start=\"121\" data-end=\"132\">N\u00edveis:<\/strong> Mestrado e Doutorado.<br data-start=\"213\" data-end=\"216\" \/>\ud83d\udcc6 <strong data-start=\"219\" data-end=\"231\">Dura\u00e7\u00e3o:<\/strong> 9 meses (01\/11\/2025 a 31\/07\/2026) | Possibilidade de renova\u00e7\u00e3o.<br data-start=\"294\" data-end=\"297\" \/>\ud83c\udf93 <strong data-start=\"300\" data-end=\"333\">Poss\u00edvel isen\u00e7\u00e3o de matr\u00edcula<\/strong> em algumas universidades.<\/p>\n<p class=\"\" data-start=\"362\" data-end=\"379\"><strong data-start=\"362\" data-end=\"377\">Requisitos:<\/strong><\/p>\n<ul data-start=\"380\" data-end=\"635\">\n<li class=\"\" data-start=\"380\" data-end=\"445\">\n<p class=\"\" data-start=\"382\" data-end=\"445\">Diploma compat\u00edvel com o curso (ex.: gradua\u00e7\u00e3o para mestrado).<\/p>\n<\/li>\n<li class=\"\" data-start=\"446\" data-end=\"504\">\n<p class=\"\" data-start=\"448\" data-end=\"504\">At\u00e9 28 anos (mestrado) ou 30 anos (doutorado \u2013 1\u00ba ano).<\/p>\n<\/li>\n<li class=\"\" data-start=\"505\" data-end=\"588\">\n<p class=\"\" data-start=\"507\" data-end=\"588\">Profici\u00eancia m\u00ednima B2 no idioma do curso (italiano ou ingl\u00eas), com certificado.<\/p>\n<\/li>\n<li class=\"\" data-start=\"589\" data-end=\"635\">\n<p class=\"\" data-start=\"591\" data-end=\"635\">Carta de aceite obrigat\u00f3ria para doutorado.<\/p>\n<\/li>\n<\/ul>\n<p class=\"\" data-start=\"637\" data-end=\"653\"><strong data-start=\"637\" data-end=\"651\">Inscri\u00e7\u00e3o:<\/strong><\/p>\n<ul data-start=\"654\" data-end=\"827\">\n<li class=\"\" data-start=\"654\" data-end=\"754\">\n<p class=\"\" data-start=\"656\" data-end=\"754\">Online via <a target=\"_new\" rel=\"noopener\" data-start=\"667\" data-end=\"723\">Portale Study in Italy<\/a> at\u00e9 14h (It\u00e1lia), 16\/05\/2025.<\/p>\n<\/li>\n<li class=\"\" data-start=\"755\" data-end=\"827\">\n<p class=\"\" data-start=\"757\" data-end=\"827\">Sele\u00e7\u00e3o feita pela embaixada\/consulado italiano no pa\u00eds do candidato.<\/p>\n<\/li>\n<\/ul>\n<p class=\"\" data-start=\"829\" data-end=\"932\"><strong data-start=\"829\" data-end=\"860\">Pa\u00edses eleg\u00edveis (exemplo):<\/strong> Brasil, Argentina, Chile, Col\u00f4mbia, Egito, \u00c1frica do Sul, entre outros.<\/p>\n<p class=\"\" data-start=\"459\" data-end=\"521\">Mais informa\u00e7\u00f5es no site <strong><em><a href=\"https:\/\/partiuintercambio.org\/bolsas-de-estudo\/maeci-bolsas-para-pos-graduacao-na-italia\/\">Partiu Interc\u00e2mbio.<\/a><\/em><\/strong><\/p>\n<p data-start=\"600\" data-end=\"626\" data-is-last-node=\"\" data-is-only-node=\"\"><strong><em>*<\/em><\/strong><em>\u00a0A UFPel International faz apenas a divulga\u00e7\u00e3o da oportunidade, qualquer d\u00favida deve ser encaminhada diretamente ao organizador do edital.<\/em><\/p>\n<div class=\"mb-2 flex gap-3 -ml-2\" tabindex=\"0\">\n<div class=\"flex items-center justify-start rounded-xl p-1\">\n<div class=\"flex items-center transition-opacity group-hover\/turn:opacity-100 opacity-100\"><strong>FONTE:<\/strong> https:\/\/partiuintercambio.org\/bolsas-de-estudo\/maeci-bolsas-para-pos-graduacao-na-italia\/<\/div>\n<\/div>\n<\/div>\n<\/div>\n<\/div>\n<\/div>\n<\/div>\n<\/div>\n<\/div>\n<\/div>\n<\/div>\n<\/article>\n","protected":false},"excerpt":{"rendered":"<p>Bolsas de P\u00f3s-Gradua\u00e7\u00e3o na It\u00e1lia \u2013 Programa MAECI\ud83d\udccd Destino: It\u00e1lia.\ud83d\udcc5 Inscri\u00e7\u00f5es at\u00e9: 16\/05\/2025.\ud83c\udf93 N\u00edveis: Mestrado e Doutorado.\ud83d\udcc6 Dura\u00e7\u00e3o: 9 meses (01\/11\/2025 a 31\/07\/2026) | Possibilidade de renova\u00e7\u00e3o.\ud83c\udf93 Poss\u00edvel isen\u00e7\u00e3o de matr\u00edcula em algumas universidades. Requisitos: Diploma compat\u00edvel com o curso (ex.: gradua\u00e7\u00e3o para mestrado). At\u00e9 28 anos (mestrado) ou 30 anos (doutorado \u2013 1\u00ba ano). [&hellip;]<\/p>\n","protected":false},"author":290,"featured_media":3152,"comment_status":"closed","ping_status":"closed","sticky":false,"template":"","format":"standard","meta":{"_jetpack_memberships_contains_paid_content":false,"footnotes":""},"categories":[1],"tags":[],"class_list":{"0":"post-3151","1":"post","2":"type-post","3":"status-publish","4":"format-standard","5":"has-post-thumbnail","6":"hentry","7":"category-noticias","9":"post-with-thumbnail","10":"post-with-thumbnail-large"},"jetpack_featured_media_url":"https:\/\/wp.ufpel.edu.br\/international\/files\/2025\/04\/LAYOUT-SITE-1.png","jetpack_sharing_enabled":true,"_links":{"self":[{"href":"https:\/\/wp.ufpel.edu.br\/international\/wp-json\/wp\/v2\/posts\/3151","targetHints":{"allow":["GET"]}}],"collection":[{"href":"https:\/\/wp.ufpel.edu.br\/international\/wp-json\/wp\/v2\/posts"}],"about":[{"href":"https:\/\/wp.ufpel.edu.br\/international\/wp-json\/wp\/v2\/types\/post"}],"author":[{"embeddable":true,"href":"https:\/\/wp.ufpel.edu.br\/international\/wp-json\/wp\/v2\/users\/290"}],"replies":[{"embeddable":true,"href":"https:\/\/wp.ufpel.edu.br\/international\/wp-json\/wp\/v2\/comments?post=3151"}],"version-history":[{"count":1,"href":"https:\/\/wp.ufpel.edu.br\/international\/wp-json\/wp\/v2\/posts\/3151\/revisions"}],"predecessor-version":[{"id":3153,"href":"https:\/\/wp.ufpel.edu.br\/international\/wp-json\/wp\/v2\/posts\/3151\/revisions\/3153"}],"wp:featuredmedia":[{"embeddable":true,"href":"https:\/\/wp.ufpel.edu.br\/international\/wp-json\/wp\/v2\/media\/3152"}],"wp:attachment":[{"href":"https:\/\/wp.ufpel.edu.br\/international\/wp-json\/wp\/v2\/media?parent=3151"}],"wp:term":[{"taxonomy":"category","embeddable":true,"href":"https:\/\/wp.ufpel.edu.br\/international\/wp-json\/wp\/v2\/categories?post=3151"},{"taxonomy":"post_tag","embeddable":true,"href":"https:\/\/wp.ufpel.edu.br\/international\/wp-json\/wp\/v2\/tags?post=3151"}],"curies":[{"name":"wp","href":"https:\/\/api.w.org\/{rel}","templated":true}]}}