{"id":3100,"date":"2025-03-25T11:11:20","date_gmt":"2025-03-25T14:11:20","guid":{"rendered":"https:\/\/wp.ufpel.edu.br\/international\/?p=3100"},"modified":"2025-03-25T11:11:20","modified_gmt":"2025-03-25T14:11:20","slug":"edital-externo-bolsa-para-evento-na-argentina","status":"publish","type":"post","link":"https:\/\/wp.ufpel.edu.br\/international\/2025\/03\/25\/edital-externo-bolsa-para-evento-na-argentina\/","title":{"rendered":"EDITAL EXTERNO: BOLSA PARA EVENTO NA ARGENTINA"},"content":{"rendered":"<p>O South American Business Forum (SABF) oferece bolsas para estudantes participarem de um evento em Buenos Aires, de 1\u00ba a 3 de agosto de 2025.<\/p>\n<p>Para concorrer, \u00e9 necess\u00e1rio ser estudante de gradua\u00e7\u00e3o ou p\u00f3s-gradua\u00e7\u00e3o (ou ter conclu\u00eddo os estudos em 2024\/2025), ter nascido ap\u00f3s 01\/01\/1999 e saber espanhol ou ingl\u00eas. As bolsas cobrem alimenta\u00e7\u00e3o, acomoda\u00e7\u00e3o e translado, mas n\u00e3o a viagem at\u00e9 a Argentina.<\/p>\n<p><strong>Para se inscrever, envie sua candidatura at\u00e9 13\/04\/2025<\/strong>, com uma reda\u00e7\u00e3o sobre o tema &#8220;Entre a Vida e o Esquecimento&#8221;. O processo de sele\u00e7\u00e3o inclui avalia\u00e7\u00e3o de originalidade, clareza e coer\u00eancia.<\/p>\n<p data-start=\"600\" data-end=\"626\" data-is-last-node=\"\" data-is-only-node=\"\">Mais informa\u00e7\u00f5es no site\u00a0<strong><em><a href=\"https:\/\/partiuintercambio.org\/bolsas-de-estudo\/evento-em-buenos-aires-sabf\/\">Partiu Interc\u00e2mbio.<\/a><\/em><\/strong><\/p>\n<p data-start=\"600\" data-end=\"626\" data-is-last-node=\"\" data-is-only-node=\"\"><strong><em>*<\/em><\/strong><em>\u00a0A UFPel International faz apenas a divulga\u00e7\u00e3o da oportunidade, qualquer d\u00favida deve ser encaminhada diretamente ao organizador do edital.<\/em><\/p>\n<div class=\"mb-2 flex gap-3 -ml-2\" tabindex=\"0\">\n<div class=\"flex items-center justify-start rounded-xl p-1\">\n<div class=\"flex items-center transition-opacity group-hover\/turn:opacity-100 opacity-100\"><strong>FONTE:<\/strong> https:\/\/partiuintercambio.org\/bolsas-de-estudo\/evento-em-buenos-aires-sabf\/<\/div>\n<\/div>\n<\/div>\n","protected":false},"excerpt":{"rendered":"<p>O South American Business Forum (SABF) oferece bolsas para estudantes participarem de um evento em Buenos Aires, de 1\u00ba a 3 de agosto de 2025. Para concorrer, \u00e9 necess\u00e1rio ser estudante de gradua\u00e7\u00e3o ou p\u00f3s-gradua\u00e7\u00e3o (ou ter conclu\u00eddo os estudos em 2024\/2025), ter nascido ap\u00f3s 01\/01\/1999 e saber espanhol ou ingl\u00eas. As bolsas cobrem alimenta\u00e7\u00e3o, [&hellip;]<\/p>\n","protected":false},"author":290,"featured_media":3101,"comment_status":"closed","ping_status":"closed","sticky":false,"template":"","format":"standard","meta":{"_jetpack_memberships_contains_paid_content":false,"footnotes":""},"categories":[1],"tags":[],"class_list":{"0":"post-3100","1":"post","2":"type-post","3":"status-publish","4":"format-standard","5":"has-post-thumbnail","6":"hentry","7":"category-noticias","9":"post-with-thumbnail","10":"post-with-thumbnail-large"},"jetpack_featured_media_url":"https:\/\/wp.ufpel.edu.br\/international\/files\/2025\/03\/LAYOUT-SITE-13.png","jetpack_sharing_enabled":true,"_links":{"self":[{"href":"https:\/\/wp.ufpel.edu.br\/international\/wp-json\/wp\/v2\/posts\/3100","targetHints":{"allow":["GET"]}}],"collection":[{"href":"https:\/\/wp.ufpel.edu.br\/international\/wp-json\/wp\/v2\/posts"}],"about":[{"href":"https:\/\/wp.ufpel.edu.br\/international\/wp-json\/wp\/v2\/types\/post"}],"author":[{"embeddable":true,"href":"https:\/\/wp.ufpel.edu.br\/international\/wp-json\/wp\/v2\/users\/290"}],"replies":[{"embeddable":true,"href":"https:\/\/wp.ufpel.edu.br\/international\/wp-json\/wp\/v2\/comments?post=3100"}],"version-history":[{"count":1,"href":"https:\/\/wp.ufpel.edu.br\/international\/wp-json\/wp\/v2\/posts\/3100\/revisions"}],"predecessor-version":[{"id":3102,"href":"https:\/\/wp.ufpel.edu.br\/international\/wp-json\/wp\/v2\/posts\/3100\/revisions\/3102"}],"wp:featuredmedia":[{"embeddable":true,"href":"https:\/\/wp.ufpel.edu.br\/international\/wp-json\/wp\/v2\/media\/3101"}],"wp:attachment":[{"href":"https:\/\/wp.ufpel.edu.br\/international\/wp-json\/wp\/v2\/media?parent=3100"}],"wp:term":[{"taxonomy":"category","embeddable":true,"href":"https:\/\/wp.ufpel.edu.br\/international\/wp-json\/wp\/v2\/categories?post=3100"},{"taxonomy":"post_tag","embeddable":true,"href":"https:\/\/wp.ufpel.edu.br\/international\/wp-json\/wp\/v2\/tags?post=3100"}],"curies":[{"name":"wp","href":"https:\/\/api.w.org\/{rel}","templated":true}]}}